{"id":2919,"date":"2015-07-14T07:00:01","date_gmt":"2015-07-14T07:00:01","guid":{"rendered":"http:\/\/miradordeatarfe.es\/?p=2919"},"modified":"2015-07-15T08:26:52","modified_gmt":"2015-07-15T08:26:52","slug":"violencia-de-genero-hay-que-crear-un-registro-de-maltratadores","status":"publish","type":"post","link":"https:\/\/miradordeatarfe.es\/?p=2919","title":{"rendered":"Violencia de g\u00e9nero \u00bfHay que crear un registro de maltratadores?"},"content":{"rendered":"<ul class=\"subtitulos\">\n<li>El ex delegado contra la Violencia de G\u00e9nero lo reclama como \u00abun mecanismo de protecci\u00f3n para la v\u00edctima\u00bb.El Gobierno, que no lo estudiar\u00e1 esta legislatura, dice que con m\u00e1ximas garant\u00edas legales \u00abayudar\u00eda a la prevenci\u00f3n\u00bb<\/li>\n<\/ul>\n<p><!--more--><\/p>\n<div id=\"tamano\" class=\"tamano\">\n<p>\u00ab<em>Detenido x degollar a su pareja cuando cumpl\u00eda condena x maltratar a su ex mujer. \u00bfCu\u00e1ndo una lista de maltratadores?<\/em>\u00bb. El <em>tuit<\/em> del <strong>ex delegado del Gobierno contra la Violencia de G\u00e9nero, Miguel Lorente<\/strong>, pocas horas despu\u00e9s de que un hombre matara, ayer, a su novia cuando volv\u00eda de cumplir \u00ab<strong>trabajos en beneficio de la comunidad<\/strong>\u00bb por haber agredido a una pareja anterior resucita el debate, la vieja lucha entre quienes ven el vaso medio lleno de <strong>protecci\u00f3n a la v\u00edctima<\/strong> y quienes lo ven medio vac\u00edo de <strong>reinserci\u00f3n del agresor<\/strong>. \u00bfHay que elaborar un <strong>registro de agresores de g\u00e9nero<\/strong>?<\/p>\n<p>La pregunta est\u00e1 en el viento del <strong>Gobierno<\/strong> desde ayer, cuando este peri\u00f3dico contact\u00f3 con el <strong>Ministerio de Sanidad, Servicios Sociales e Igualdad<\/strong>. Y en una contestaci\u00f3n con condicionales, el Departamento de <strong>Alfonso Alonso <\/strong>ofreci\u00f3 algunas pistas. La primera, que no rechaza de plano la idea de un registro de maltratadores. La segunda, que en el caso de que alg\u00fan d\u00eda se abordara \u00absiempre ser\u00eda con <strong>garant\u00edas constitucionales<\/strong> y perfectamente encauzado legal y judicialmente\u00bb. Y la tercera, que en el universo de las medidas de protecci\u00f3n de las v\u00edctimas, un registro as\u00ed \u00abpodr\u00eda <strong>ayudar mucho a la prevenci\u00f3n de la violencia<\/strong>\u00bb.<\/p>\n<p>Hoy, el Gobierno no tiene sobre la mesa <strong>ninguna propuesta<\/strong> de registro de maltratadores, ni va a considerar nada parecido en lo que queda de <strong>legislatura<\/strong>. Pero estar\u00eda dispuesto a <strong>estudiar<\/strong> la elaboraci\u00f3n de un listado de agresores de g\u00e9nero si se cumplieran las condiciones constitucionales, se respetara la <strong>protecci\u00f3n de datos <\/strong>y se delimitara qui\u00e9n estar\u00eda legitimado para <strong>conocer<\/strong> su contenido y qui\u00e9n para <strong>acceder <\/strong>al mismo. Es decir, qu\u00e9 \u00e1reas del <strong>Estado<\/strong> (seguridad, sanidad, servicios sociales&#8230;) dispondr\u00edan de esa informaci\u00f3n y qu\u00e9 <strong>mujeres<\/strong> (con denuncia, con parte de lesiones&#8230;) podr\u00edan solicitar el dato sobre un nombre concreto.<\/p>\n<p>Pero, a falta de una posici\u00f3n actual siquiera discutida, el Ministerio recuerda un hecho relevante: la <strong>Ley para la Protecci\u00f3n de la Infancia<\/strong> incluye la creaci\u00f3n de un <strong>registro de pederastas<\/strong>, personas con antecedentes de abusos sexuales a menores.<\/p>\n<p>Algo similar, pero referido a los <strong>agresores machistas<\/strong>, plante\u00f3 Miguel Lorente una ma\u00f1ana de <strong>2008<\/strong> en el reci\u00e9n creado <strong>Ministerio de Igualdad<\/strong>. En un desayuno <em>off the record<\/em> con periodistas, Lorente expres\u00f3 la necesidad de una base de datos con las identidades de los hombres que tuvieran un <strong>historial de maltrato<\/strong> como <strong>protecci\u00f3n de las v\u00edctimas<\/strong>, un mecanismo que pudiera ser <strong>consultado por mujeres<\/strong> que ten\u00edan sospechas sobre sus parejas nuevas.<\/p>\n<p>Dos a\u00f1os despu\u00e9s, en una conferencia en <strong>Ciudad Real<\/strong>, Lorente expuso en p\u00fablico que \u00abhabr\u00eda que considerar\u00bb la conveniencia de publicar un listado de maltratadores \u00abpara provocar el <strong>rechazo de la sociedad<\/strong> a los agresores\u00bb.<\/p>\n<p>Y eso era lo que hab\u00eda hecho en <strong>2002 Jos\u00e9 Bono<\/strong> como presidente de <strong>Castilla-La Mancha<\/strong> al <strong>publicar 18 sentencias<\/strong> condenatorias con los nombres completos de sus protagonistas. Muchos <strong>juristas<\/strong> calificaron la medida de \u00ab<strong>retr\u00f3grada<\/strong>\u00bb y argumentaron que violaba el \u00ab<strong>principio de rehabilitaci\u00f3n<\/strong> de la persona\u00bb.<\/p>\n<p>Ayer, Miguel Lorente desgran\u00f3 a EL MUNDO su proposici\u00f3n. \u00ab<strong>Una cosa es publicar y otra publicitar<\/strong>. Yo hablo de lo primero. Un registro es un <strong>mecanismo preventivo<\/strong>, una medida de protecci\u00f3n de la v\u00edctima. Si el riesgo de la violencia repetida existe, porque hay <strong>reincidentes<\/strong>, una base de datos es una forma de mejorar la informaci\u00f3n para evitar el peligro, una manera de identificar que alguien ha maltratado a parejas anteriores y, por tanto, que una mujer puede estar en una situaci\u00f3n grave\u00bb.<\/p>\n<p>Lorente tira de la \u00faltima<strong> macroencuesta<\/strong> del Gobierno, que dice que la inmensa mayor\u00eda de mujeres <strong>no denuncia<\/strong> \u00ab<strong>por miedo o verg\u00fcenza<\/strong>\u00bb. \u00abSi hay un factor, con un hombre controlador, que a\u00edsla a la mujer o incluso ya la ha agredido, y resulta que la mayor\u00eda de v\u00edctimas no denuncia, un registro dar\u00eda a esas mujeres la <strong>opci\u00f3n de saber<\/strong> si el hombre con el que est\u00e1 ha maltratado a otras. Es una manera de protegerlas\u00bb.<\/p>\n<p>Lorente apuesta por discutir el c\u00f3mo. O sea, si la lista deber\u00eda incluir cualquier maltrato o a partir de cierta gravedad, qu\u00e9 precisar\u00eda la v\u00edctima para acceder al registro y qu\u00e9 organismos podr\u00edan disponer de esa informaci\u00f3n. \u00abTodos los a\u00f1os hay <strong>mujeres asesinadas por hombres que ten\u00edan antecedentes de maltrato a otras mujeres<\/strong>. \u00bfQu\u00e9 hacemos?\u00bb.<\/p>\n<\/div>\n<p><a href=\"http:\/\/www.elmundo.es\/espana\/2015\/06\/17\/55809588268e3ed7338b4597.html\">http:\/\/www.elmundo.es\/espana\/2015\/06\/17\/55809588268e3ed7338b4597.html<\/a><\/p>\n<div class=\"inside\">\n<p class=\"hide-if-no-js\"><a id=\"set-post-thumbnail\" class=\"thickbox\" title=\"Asignar imagen destacada\" href=\"https:\/\/miradordeatarfe.es\/wp-admin\/media-upload.php?post_id=2919&amp;type=image&amp;TB_iframe=1\">Asignar imagen destacada<\/a><\/p>\n<\/div>\n","protected":false},"excerpt":{"rendered":"<p>El ex delegado contra la Violencia de G\u00e9nero lo reclama como \u00abun mecanismo de protecci\u00f3n&#8230;<\/p>\n","protected":false},"author":1,"featured_media":2920,"comment_status":"closed","ping_status":"closed","sticky":false,"template":"","format":"standard","meta":{"_coblocks_attr":"","_coblocks_dimensions":"","_coblocks_responsive_height":"","_coblocks_accordion_ie_support":"","jetpack_post_was_ever_published":false,"_jetpack_newsletter_access":"","_jetpack_dont_email_post_to_subs":false,"_jetpack_newsletter_tier_id":0,"_jetpack_memberships_contains_paywalled_content":false,"_jetpack_memberships_contains_paid_content":false,"footnotes":"","jetpack_publicize_message":"","jetpack_publicize_feature_enabled":true,"jetpack_social_post_already_shared":false,"jetpack_social_options":{"image_generator_settings":{"template":"highway","default_image_id":0,"enabled":false},"version":2}},"categories":[14,186,15],"tags":[865,1050,1051],"class_list":["post-2919","post","type-post","status-publish","format-standard","has-post-thumbnail","hentry","category-feminismo","category-instituciones","category-ultimas-noticias","tag-ciencia-investigadora-feminismo","tag-mueres-maltratadas","tag-violencia-domestica"],"jetpack_publicize_connections":[],"jetpack_featured_media_url":"https:\/\/i0.wp.com\/miradordeatarfe.es\/wp-content\/uploads\/2015\/07\/Baleares-pulseras-maltratadores-activadas-septiembre_TINIMA20111016_0444_3.jpg?fit=951%2C536&ssl=1","jetpack_likes_enabled":true,"jetpack_sharing_enabled":true,"_links":{"self":[{"href":"https:\/\/miradordeatarfe.es\/index.php?rest_route=\/wp\/v2\/posts\/2919","targetHints":{"allow":["GET"]}}],"collection":[{"href":"https:\/\/miradordeatarfe.es\/index.php?rest_route=\/wp\/v2\/posts"}],"about":[{"href":"https:\/\/miradordeatarfe.es\/index.php?rest_route=\/wp\/v2\/types\/post"}],"author":[{"embeddable":true,"href":"https:\/\/miradordeatarfe.es\/index.php?rest_route=\/wp\/v2\/users\/1"}],"replies":[{"embeddable":true,"href":"https:\/\/miradordeatarfe.es\/index.php?rest_route=%2Fwp%2Fv2%2Fcomments&post=2919"}],"version-history":[{"count":1,"href":"https:\/\/miradordeatarfe.es\/index.php?rest_route=\/wp\/v2\/posts\/2919\/revisions"}],"predecessor-version":[{"id":2921,"href":"https:\/\/miradordeatarfe.es\/index.php?rest_route=\/wp\/v2\/posts\/2919\/revisions\/2921"}],"wp:featuredmedia":[{"embeddable":true,"href":"https:\/\/miradordeatarfe.es\/index.php?rest_route=\/wp\/v2\/media\/2920"}],"wp:attachment":[{"href":"https:\/\/miradordeatarfe.es\/index.php?rest_route=%2Fwp%2Fv2%2Fmedia&parent=2919"}],"wp:term":[{"taxonomy":"category","embeddable":true,"href":"https:\/\/miradordeatarfe.es\/index.php?rest_route=%2Fwp%2Fv2%2Fcategories&post=2919"},{"taxonomy":"post_tag","embeddable":true,"href":"https:\/\/miradordeatarfe.es\/index.php?rest_route=%2Fwp%2Fv2%2Ftags&post=2919"}],"curies":[{"name":"wp","href":"https:\/\/api.w.org\/{rel}","templated":true}]}}