{"id":29211,"date":"2019-02-24T11:24:26","date_gmt":"2019-02-24T10:24:26","guid":{"rendered":"http:\/\/miradordeatarfe.es\/?p=29211"},"modified":"2020-06-26T13:27:08","modified_gmt":"2020-06-26T11:27:08","slug":"carnavales-andaluces-por-juan-alfredo-bellon","status":"publish","type":"post","link":"https:\/\/miradordeatarfe.es\/?p=29211","title":{"rendered":"CARNAVALES ANDALUCES  por JUAN ALFREDO BELL\u00d3N"},"content":{"rendered":"<p align=\"JUSTIFY\"><i><b>CARNAVALES ANDALUCES <\/b><\/i><b>por JUAN ALFREDO BELL\u00d3N <\/b><b>para\u00a0 EL MIRADOR DE ATARFE <\/b><b>del domingo 24-02-2019<\/b><!--more--><\/p>\n<p align=\"JUSTIFY\"><b> <\/b>El calendario festivo en lo que todav\u00eda se llama Europa y tiene, tambi\u00e9n todav\u00eda, ganas de serlo, es una sucesi\u00f3n de eventos romanizados y greco-latinizados; quiero decir de origen greco romano, que salpican nuestro calendario anual y lo articulan como la red del ferrocarril metropolitano sostiene y articula el plano y el esquema de una gran ciudad bajo la que discurre ese tren<i> catac\u00fambico<\/i>. As\u00ed, no hay fiesta actual que no se funde en la memoria ancestral de alg\u00fan gran evento c\u00edclico anual de la antig\u00fcedad cl\u00e1sica o pre-cl\u00e1sica y, en el caso de los Carnavales, son las fiestas Saturnales y Dionis\u00edacas las que les prestan memoria ancestral y dictaminan un antecedente cultural m\u00e1s o menos inmediato pero siempre presente en la memoria colectiva de la ciudadan\u00eda de manera que, para los habitantes de Roma y, subsiguientemente de su imperio, incluyendo el Brasil de <i>Orfeo Negro y su barca de Caronte,<\/i> las fiestas de Dionisio y las de Saturno consist\u00edan en una exaltaci\u00f3n l\u00edrica y b\u00e1quica de un anuncio del advenimiento de la Primavera cuya presencia era bien patente en toda la cuenca del Mediterr\u00e1neo.<\/p>\n<p align=\"JUSTIFY\">Pero sobre esta implantaci\u00f3n claramente pagana, surgi\u00f3 luego el calendario cristiano y, como en tantas otras ocasiones, se mezclaron las churras de la gastronom\u00eda con las merinas de la conmemoraci\u00f3n dionisiaca acompa\u00f1ando instrumentalmente los ritos de los himnos laudatorios dedicados a la ingesta et\u00edlica, que sol\u00eda sumarse a los ritos p\u00e1nicos y b\u00e1quicos coincidiendo con la crisis del invierno y la maduraci\u00f3n y transformaci\u00f3n del mosto de la uva que culminar\u00eda en la Pascua.<\/p>\n<p align=\"JUSTIFY\">Despu\u00e9s vino el Referendum del 28-F y el D\u00eda de la Patria Andaluza, relacionado con el d\u00eda desdichado en que fusilaron a Bl\u00e1s Infante en una cuneta andaluza al peor estilo sumar\u00edsimo de Queipo de Llano (\u00bfTambi\u00e9n a este lo exhumar\u00e1n?) Vaya <i>que le dieron caf\u00e9, mucho caf\u00e9,<\/i> y menos mal que ahora lo conmemoramos, aunque este a\u00f1o el acto pasar\u00e1 o nosotros pasaremos sobre el acto del 28 de Febrero con un <i>perfil muy bajo, como de puntillas, a ver c\u00f3mo se lo toman estos nuevos mandamases, cogidos como est\u00e1n entre la espada y la pared o entre el clavel y la espada: <\/i>teniendo que celebrarlo por ser la exaltaci\u00f3n de una autonom\u00eda <i>suya<\/i>, <i>por fin reconquistada, pero que, al mismo tiempo, ha de exhibir en sus ancas el sello de la nueva marca y el emblema de la nueva \u201ccasa\u201d, la moderaci\u00f3n auton\u00f3mica, si no la forma distintiva de lo reci\u00e9n re-encauzado por la derecha responsable hacia un nuevo sentido de la Espa\u00f1a Centralista\u2026<\/i> y esquizofr\u00e9nica (si no oligofr\u00e9nica) donde las haya.<i> <\/i>Esto s\u00ed que es un Carnaval con los lobos disfrazados de corderos, luciendo el tipo cambiado y dando la impresi\u00f3n de bobos o taimados o de ambas cosas a la vez, vaya usted a saber, muy se\u00f1or m\u00edo.<\/p>\n<p align=\"JUSTIFY\">Total, que ya estamos otra vez como Pen\u00e9lope, dando y no dando puntada sin hilo y con \u00e9l, ay, Pepi Mayo de mis entretelas, t\u00fa que tantos antifaces de oro tienes del Carnaval de C\u00e1diz. Pues no va a ser que estamos regresando otra vez al Carnaval de las catacumbas\u2026 Ma\u00f1ana se ver\u00e1, como dec\u00eda aquel viudo al que estaban d\u00e1ndole su correspondiente <i>cencerrada <\/i>en su noche de bodas y \u00e9l respond\u00eda a los bromistas dedic\u00e1ndoles un <i>aspergis vobiscum<\/i> sacudi\u00e9ndoles con una escoba vegetal mojada en aceite puro de oliva, silencioso pero superagresivo con sus trajes de fiesta: <i>Ma\u00f1ana se ver\u00e1n, a la luz del d\u00eda, los lamparones de aceite sobre vuestros trajes nuevos, so cabrones.<\/i><\/p>\n<p align=\"JUSTIFY\"><i> \u00bfY qu\u00e9 pasar\u00e1 ma\u00f1ana? <\/i>A juzgar por nuestra experiencia, los espa\u00f1oles, y los andaluces los primeros, somos gente experta en resistir como Pedro S\u00e1nchez,, con pan o sin pan, como dec\u00eda el doctor Negr\u00edn, miembro destacado del Gobierno leg\u00edtimo de la II Rep\u00fablica que a <i>estos<\/i> debe ponerles los pelos como escarpias.<\/p>\n<p align=\"JUSTIFY\"><i> -\u00a1Espa\u00f1oles, resistid, resistid, con pan o sin pan!\u00a1Viva el Frente Popular! \u00a1Viva la II Rep\u00fablica! \u00a1Viva C\u00e1i!-\u00bfAhora una nueva racha de consultas electorales? \/ La gente no respeta ni que estamos en Carnavales.<\/i><\/p>\n","protected":false},"excerpt":{"rendered":"<p>CARNAVALES ANDALUCES por JUAN ALFREDO BELL\u00d3N para\u00a0 EL MIRADOR DE ATARFE del domingo 24-02-2019<\/p>\n","protected":false},"author":1,"featured_media":29212,"comment_status":"closed","ping_status":"closed","sticky":false,"template":"","format":"standard","meta":{"_coblocks_attr":"","_coblocks_dimensions":"","_coblocks_responsive_height":"","_coblocks_accordion_ie_support":"","jetpack_post_was_ever_published":false,"_jetpack_newsletter_access":"","_jetpack_dont_email_post_to_subs":false,"_jetpack_newsletter_tier_id":0,"_jetpack_memberships_contains_paywalled_content":false,"_jetpack_memberships_contains_paid_content":false,"footnotes":"","jetpack_publicize_message":"","jetpack_publicize_feature_enabled":true,"jetpack_social_post_already_shared":false,"jetpack_social_options":{"image_generator_settings":{"template":"highway","default_image_id":0,"enabled":false},"version":2}},"categories":[1161,186,36,44,15],"tags":[172,5643,42],"class_list":["post-29211","post","type-post","status-publish","format-standard","has-post-thumbnail","hentry","category-ciudadania","category-instituciones","category-opinion-de-juan-alfredo-bellon","category-noticias-de-hoy","category-ultimas-noticias","tag-andalucia","tag-extremaderecha","tag-politica"],"jetpack_publicize_connections":[],"jetpack_featured_media_url":"https:\/\/i0.wp.com\/miradordeatarfe.es\/wp-content\/uploads\/2019\/02\/images-2.jpeg?fit=268%2C188&ssl=1","jetpack_likes_enabled":true,"jetpack_sharing_enabled":true,"_links":{"self":[{"href":"https:\/\/miradordeatarfe.es\/index.php?rest_route=\/wp\/v2\/posts\/29211","targetHints":{"allow":["GET"]}}],"collection":[{"href":"https:\/\/miradordeatarfe.es\/index.php?rest_route=\/wp\/v2\/posts"}],"about":[{"href":"https:\/\/miradordeatarfe.es\/index.php?rest_route=\/wp\/v2\/types\/post"}],"author":[{"embeddable":true,"href":"https:\/\/miradordeatarfe.es\/index.php?rest_route=\/wp\/v2\/users\/1"}],"replies":[{"embeddable":true,"href":"https:\/\/miradordeatarfe.es\/index.php?rest_route=%2Fwp%2Fv2%2Fcomments&post=29211"}],"version-history":[{"count":1,"href":"https:\/\/miradordeatarfe.es\/index.php?rest_route=\/wp\/v2\/posts\/29211\/revisions"}],"predecessor-version":[{"id":29213,"href":"https:\/\/miradordeatarfe.es\/index.php?rest_route=\/wp\/v2\/posts\/29211\/revisions\/29213"}],"wp:featuredmedia":[{"embeddable":true,"href":"https:\/\/miradordeatarfe.es\/index.php?rest_route=\/wp\/v2\/media\/29212"}],"wp:attachment":[{"href":"https:\/\/miradordeatarfe.es\/index.php?rest_route=%2Fwp%2Fv2%2Fmedia&parent=29211"}],"wp:term":[{"taxonomy":"category","embeddable":true,"href":"https:\/\/miradordeatarfe.es\/index.php?rest_route=%2Fwp%2Fv2%2Fcategories&post=29211"},{"taxonomy":"post_tag","embeddable":true,"href":"https:\/\/miradordeatarfe.es\/index.php?rest_route=%2Fwp%2Fv2%2Ftags&post=29211"}],"curies":[{"name":"wp","href":"https:\/\/api.w.org\/{rel}","templated":true}]}}