{"id":2922,"date":"2015-07-16T06:38:29","date_gmt":"2015-07-16T06:38:29","guid":{"rendered":"http:\/\/miradordeatarfe.es\/?p=2922"},"modified":"2015-07-17T09:04:03","modified_gmt":"2015-07-17T09:04:03","slug":"mas-del-95-de-la-poblacion-del-mundo-tiene-problemas-de-salud","status":"publish","type":"post","link":"https:\/\/miradordeatarfe.es\/?p=2922","title":{"rendered":"M\u00e1s del 95% de la poblaci\u00f3n del mundo tiene problemas de salud"},"content":{"rendered":"<p>Estas son las conclusiones del an\u00e1lisis del llamado <strong>Estudio global de la carga de la enfermedad<\/strong> (GBD), realizado en el periodo 1990-2013 y publicado este lunes en la revista brit\u00e1nica &#8216;The Lancet&#8217;.<!--more--><\/p>\n<p>La investigaci\u00f3n indica, adem\u00e1s, que la proporci\u00f3n de a\u00f1os de vida saludable perdidos por diversas dolencias aument\u00f3 al pasar <strong>del 21 % en 1990 al 31 % en 2013<\/strong>.<\/p>\n<p>A medida que la poblaci\u00f3n mundial aumenta y se incrementa el n\u00famero de ancianos, <strong>las personas que viven en condiciones no totalmente saludables<\/strong> puede verse incrementada en los pr\u00f3ximos a\u00f1os, agrega el estudio, presidido por Theo Vos, del Instituto de Sanidad y Evaluaci\u00f3n de la Universidad de Washington (EE.UU.).<\/p>\n<p>Los investigadores llegaron a esta conclusi\u00f3n tras analizar en detalle distintos aspectos del estado de la salud de la poblaci\u00f3n en todo el mundo entre los a\u00f1os 1990 y 2013.<\/p>\n<h3>Causas<\/h3>\n<p>En los \u00faltimos 23 a\u00f1os, agregan, las principales causas del deterioro de la salud ha cambiado considerablemente.<\/p>\n<p>En 2013, la <strong>artritis,<\/strong> los <strong>dolores de espalda,<\/strong> la <strong>depresi\u00f3n,<\/strong> la <strong>ansiedad,<\/strong> el <strong>consumo de alcohol<\/strong> y las <strong>drogas contabilizaron casi la mitad de los problemas de salud<\/strong> de la poblaci\u00f3n.<\/p>\n<p>Adem\u00e1s, los autores se\u00f1alan que, por ejemplo, el fuerte <strong>incremento de los casos de diabetes<\/strong> -que han aumentado un 43 % en los \u00faltimos 23 a\u00f1os- contrast\u00f3 con el incremento de muertes por esta enfermedad, que fue de tan s\u00f3lo el 9 %.<\/p>\n<p>\u00abEl que la mortalidad est\u00e9 descendiendo m\u00e1s r\u00e1pido que las enfermedades no mortales y que prevalezcan las lesiones es otra prueba de la importancia de prestar atenci\u00f3n al aumento de la p\u00e9rdida de salud (&#8230;) y no centrarse simplemente en reducir la mortalidad\u00bb, se\u00f1al\u00f3 Vos.<\/p>\n<p>El GBD analiz\u00f3 35.620 fuentes de informaci\u00f3n sobre las enfermedades y lesiones registradas en 188 pa\u00edses en el periodo indicado y su impacto en el sistema sanitario de las naciones.<\/p>\n<p>Seg\u00fan el estudio, hubo un aumento en la p\u00e9rdida de salud asociada con la diabetes (un alza del 136 %), del Alzheimer (un 92 %), abuso de medicaci\u00f3n (120 %) y artrosis (75 %).<\/p>\n<p>En pa\u00edses como <strong>M\u00e9xico, Nicaragua, Panam\u00e1<\/strong> y <strong>Venezuela<\/strong>, la artritis fue el tercer factor que contribuy\u00f3 a la discapacidad.<\/p>\n<p>Vos ha resaltado que los <strong>problemas mentales<\/strong> que afectan a la poblaci\u00f3n no han recibido la atenci\u00f3n necesaria.<\/p>\n<p>\u00abAtender estos asuntos requerir\u00e1 un cambio en las prioridades sanitarias en todo el mundo, no ya para que la gente viva hasta ser mayor, sino que tambi\u00e9n est\u00e9n sanas\u00bb, agreg\u00f3 Vos.<\/p>\n","protected":false},"excerpt":{"rendered":"<p>Estas son las conclusiones del an\u00e1lisis del llamado Estudio global de la carga de la&#8230;<\/p>\n","protected":false},"author":1,"featured_media":2923,"comment_status":"closed","ping_status":"closed","sticky":false,"template":"","format":"standard","meta":{"_coblocks_attr":"","_coblocks_dimensions":"","_coblocks_responsive_height":"","_coblocks_accordion_ie_support":"","jetpack_post_was_ever_published":false,"_jetpack_newsletter_access":"","_jetpack_dont_email_post_to_subs":false,"_jetpack_newsletter_tier_id":0,"_jetpack_memberships_contains_paywalled_content":false,"_jetpack_memberships_contains_paid_content":false,"footnotes":"","jetpack_publicize_message":"","jetpack_publicize_feature_enabled":true,"jetpack_social_post_already_shared":false,"jetpack_social_options":{"image_generator_settings":{"template":"highway","default_image_id":0,"enabled":false},"version":2}},"categories":[186,15,10],"tags":[1052,60],"class_list":["post-2922","post","type-post","status-publish","format-standard","has-post-thumbnail","hentry","category-instituciones","category-ultimas-noticias","category-salud","tag-droga","tag-enfermedades"],"jetpack_publicize_connections":[],"jetpack_featured_media_url":"https:\/\/i0.wp.com\/miradordeatarfe.es\/wp-content\/uploads\/2015\/07\/1433761977_705628_1433762296_noticia_normal.jpg?fit=770%2C450&ssl=1","jetpack_likes_enabled":true,"jetpack_sharing_enabled":true,"_links":{"self":[{"href":"https:\/\/miradordeatarfe.es\/index.php?rest_route=\/wp\/v2\/posts\/2922","targetHints":{"allow":["GET"]}}],"collection":[{"href":"https:\/\/miradordeatarfe.es\/index.php?rest_route=\/wp\/v2\/posts"}],"about":[{"href":"https:\/\/miradordeatarfe.es\/index.php?rest_route=\/wp\/v2\/types\/post"}],"author":[{"embeddable":true,"href":"https:\/\/miradordeatarfe.es\/index.php?rest_route=\/wp\/v2\/users\/1"}],"replies":[{"embeddable":true,"href":"https:\/\/miradordeatarfe.es\/index.php?rest_route=%2Fwp%2Fv2%2Fcomments&post=2922"}],"version-history":[{"count":1,"href":"https:\/\/miradordeatarfe.es\/index.php?rest_route=\/wp\/v2\/posts\/2922\/revisions"}],"predecessor-version":[{"id":2924,"href":"https:\/\/miradordeatarfe.es\/index.php?rest_route=\/wp\/v2\/posts\/2922\/revisions\/2924"}],"wp:featuredmedia":[{"embeddable":true,"href":"https:\/\/miradordeatarfe.es\/index.php?rest_route=\/wp\/v2\/media\/2923"}],"wp:attachment":[{"href":"https:\/\/miradordeatarfe.es\/index.php?rest_route=%2Fwp%2Fv2%2Fmedia&parent=2922"}],"wp:term":[{"taxonomy":"category","embeddable":true,"href":"https:\/\/miradordeatarfe.es\/index.php?rest_route=%2Fwp%2Fv2%2Fcategories&post=2922"},{"taxonomy":"post_tag","embeddable":true,"href":"https:\/\/miradordeatarfe.es\/index.php?rest_route=%2Fwp%2Fv2%2Ftags&post=2922"}],"curies":[{"name":"wp","href":"https:\/\/api.w.org\/{rel}","templated":true}]}}