{"id":29224,"date":"2019-02-26T11:50:46","date_gmt":"2019-02-26T10:50:46","guid":{"rendered":"http:\/\/miradordeatarfe.es\/?p=29224"},"modified":"2022-02-12T12:36:39","modified_gmt":"2022-02-12T11:36:39","slug":"atarfe-principio-de-reciprocidad-entre-linares-y-atarfe","status":"publish","type":"post","link":"https:\/\/miradordeatarfe.es\/?p=29224","title":{"rendered":"ATARFE: PRINCIPIO DE RECIPROCIDAD ENTRE LINARES Y ATARFE"},"content":{"rendered":"<p style=\"text-align: justify;\">. Este fin de semana hemos vivido un ejemplo pr\u00e1ctico de tal principio entre las localidades de Linares y Atarfe, de un lado el CD Linares se llev\u00f3 los tres puntos en su enfrentamiento de la jornada 30 del grupo 9 de la Tercera Divisi\u00f3n y de otro lado nuestro atleta Manuel Jim\u00e9nez L\u00f3pez se trae el ORO de tierras linarenses del Campeonato de Espa\u00f1a de Cross por clubes en categor\u00eda Sub 18 integrado en las filas del CA Nerja.\u00a0<!--more--><\/p>\n<p style=\"text-align: justify;\">En las relaciones internacionales y tratados de esta \u00edndole el principio de reciprocidad se refiere a que las garant\u00edas, beneficios y sanciones que un Estado otorga a los ciudadanos de otro Estado, deben ser retribuidos por la contraparte de la misma forma.<\/p>\n<p style=\"text-align: justify;\">Este fin de semana hemos vivido un ejemplo pr\u00e1ctico de tal principio entre las localidades de Linares y Atarfe, de un lado el CD Linares se llev\u00f3 los tres puntos en su enfrentamiento de la jornada 30 del grupo 9 de la Tercera Divisi\u00f3n y de otro lado nuestro atleta Manuel Jim\u00e9nez L\u00f3pez se trae el ORO de tierras linarenses del Campeonato de Espa\u00f1a de Cross por clubes en categor\u00eda Sub 18 integrado en las filas del CA Nerja.<\/p>\n<p style=\"text-align: justify;\">Nuevo \u00e9xito del CA Nerja que con pr\u00e1cticamente la selecci\u00f3n andaluza en sus filas se impone en esta ocasi\u00f3n de modo que ya son cuatro de nuestros atletas que al menos en una ocasi\u00f3n han podido colgarse una medalla de ORO a nivel nacional integrados en este potente equipo: as\u00ed en a\u00f1os anteriores Jaime Vico, Alejandro Vico y Jes\u00fas Tortosa. En esta ocasi\u00f3n ha sido Manu el que se ha tra\u00eddo el Oro aportando muchos puntos con su sexto puesto final a nivel individual en una carrera donde a pesar de quedar descolgado muy pronto para lo que en \u00e9l es habitual supo ponerse el mono de faena y sufrir a cola de un grupo perseguidor compuesto por cuatro miembros para imponerse a \u00e9stos en la recta final y conseguir un nuevo top ten a nivel nacional que dan fe de su regularidad.<\/p>\n<p style=\"text-align: justify;\">En este campeonato nacional hemos contado tambi\u00e9n con la participaci\u00f3n de Alejandro Vico Guzm\u00e1n en Sub 16 que formando parte del Nerja ha sido 8\u00ba por equipos y 67\u00ba a nivel individual en una prueba de una longitud bastante larga para sus cualidades de medio fondista pero donde ha sabido seleccionar bien el ritmo para ir de menos a m\u00e1s. Su hermano Jaime Vico ha sido de la partida en la categor\u00eda Sub 20 obteniendo el puesto 10\u00ba por conjuntos y 134 individual. La carrera de Jaime ha sido de mucho coraje arriesgando con un ritmo fuerte de inicio y sabiendo mantenerse durante los m\u00e1s de 7600 de trazado.<br \/>\nA nivel auton\u00f3mico hemos disfrutado este fin de semana con dos campeonatos que denotan los nuevos tiempos en el club; de un lado, el Sub 14 por equipos donde ATLETISMO ATARFE ha podido presentar apuesta tanto en chicos como en chicas lo que ya de por s\u00ed es un enorme \u00e9xito cuando hasta hace bien poco era impensable que pudi\u00e9ramos siquiera rellenar la mitad de las modalidades. Ahora no s\u00f3lo somos capaces de llevar atletas que no s\u00f3lo corren en liso, sino que lo hacen con vallas, lanzan, saltan y marchan y que adem\u00e1s lo hacen estupendamente bien; y el Sub 20 con cinco representantes todos ellos velocistas. Pasamos a repasar estos eventos:<\/p>\n<p style=\"text-align: justify;\">CAMPEONATO ANDALUC\u00cdA CLUBS SUB 14.-<br \/>\nATLETISMO ATARFE ha conseguido participar en este Campeonato de clubs con sus dos equipos, masculino-femenino, clasific\u00e1ndose en 9\u00aa posici\u00f3n los chicos con 124.5 puntos sobre 20 conjuntos y 17\u00aa las chicas sobre 25 clasificadas con 110 puntos (ambos segundo equipo de Granada de cinco participantes<br \/>\n\u00fanicamente por detr\u00e1s del Motril y por delante de Granada Joven, Juventud Armilla-Og\u00edjares y Juventud Guadix).<br \/>\nEn esta competici\u00f3n se otorgan puntos en orden inverso al puesto alcanzado en cada prueba, de modo que en chicos el primer clasificado consigue 20 puntos y el \u00faltimo 1 mientras en chicas ser\u00edan 25 y 1 respectivamente. Es \u00e9sta una competici\u00f3n por equipos donde prima la regularidad y en la que para completar el elenco de 12 disciplinas algunos atletas deben sacrificarse tomando parte en pruebas que no le son propicias y de las que curiosamente a veces se descubren talentos para pruebas en las que inicialmente no se hab\u00edan planteado practicar.<br \/>\nVamos a seguir un orden cronol\u00f3gico para analizar las diferentes participaciones de nuestr@s atletas:<br \/>\nMar\u00eda P\u00e9rez G\u00f3mez, la fondista albolote\u00f1a aporta muchos puntos al equipo merced a doblar prueba: altura y sus predilectos 2000 adem\u00e1s de rematar un magn\u00edfico relevo donde en su posta de 200 baja con holgura de los 30 segundos. En su prueba espec\u00edfica, los 2000 lisos, consigue una meritoria 3\u00ba plaza (23 puntos) con un gran crono de 7.19.84, en altura se eleva hasta el 1.24 batiendo por 19 cent\u00edmetros su anterior mejor marca y aportando 13 valiosos puntos al equipo.<\/p>\n<p style=\"text-align: justify;\"><a href=\"https:\/\/i0.wp.com\/miradordeatarfe.es\/wp-content\/uploads\/2019\/02\/SUB14.jpeg?ssl=1\"><img data-recalc-dims=\"1\" loading=\"lazy\" decoding=\"async\" class=\"alignnone size-full wp-image-29227\" src=\"https:\/\/i0.wp.com\/miradordeatarfe.es\/wp-content\/uploads\/2019\/02\/SUB14.jpeg?resize=640%2C480&#038;ssl=1\" alt=\"\" width=\"640\" height=\"480\" srcset=\"https:\/\/i0.wp.com\/miradordeatarfe.es\/wp-content\/uploads\/2019\/02\/SUB14.jpeg?w=1600&amp;ssl=1 1600w, https:\/\/i0.wp.com\/miradordeatarfe.es\/wp-content\/uploads\/2019\/02\/SUB14.jpeg?resize=300%2C225&amp;ssl=1 300w, https:\/\/i0.wp.com\/miradordeatarfe.es\/wp-content\/uploads\/2019\/02\/SUB14.jpeg?resize=768%2C576&amp;ssl=1 768w, https:\/\/i0.wp.com\/miradordeatarfe.es\/wp-content\/uploads\/2019\/02\/SUB14.jpeg?resize=1024%2C768&amp;ssl=1 1024w, https:\/\/i0.wp.com\/miradordeatarfe.es\/wp-content\/uploads\/2019\/02\/SUB14.jpeg?resize=600%2C450&amp;ssl=1 600w, https:\/\/i0.wp.com\/miradordeatarfe.es\/wp-content\/uploads\/2019\/02\/SUB14.jpeg?w=1280&amp;ssl=1 1280w\" sizes=\"auto, (max-width: 640px) 100vw, 640px\" \/><\/a><br \/>\nMarta Salas Molina, atleta que tambi\u00e9n suma tres participaciones en triple, vallas y relevo. En el relevo es la encargada de lanza el equipo entregando en primera posici\u00f3n y bajando holgadamente de 30 segundos; en triple brinca hasta 7.81 m y suma 10 puntazos mientras en vallas marca 12.51 y tres nuevos puntos para el club, siendo la primera vez que compite con las vallas a 0,762 de altura.<br \/>\nMar\u00eda Gonz\u00e1lez Arribas, valiente atleta que no duda en cubrir al equipo all\u00ed donde se le requiera doblando en dos especialidades tan dispares como peso y marcha, mejorando marca en ambas y sumando unos valiosos 15 puntos para el equipo. En el lanzamiento siguiendo la estela de su hermano David, reputado pesista, alarga la bola de 3 kg a 5.55 m. MMP superando ampliamente su anterior tope (9 puntos al zurr\u00f3n), en 2000 marcha arrasa su anterior crono par\u00e1ndolo en 14.29.70 (6 puntos m\u00e1s).<br \/>\nIrene Crespo L\u00f3pez, atleta que lleva poco tiempo practicando atletismo y que debuta en competici\u00f3n, marca 10.07 en 60 lisos defendiendo muy bien nuestros colores y contribuyendo con 7 puntos al esfuerzo colectivo.<br \/>\nElena Carrillo Mesa, otra pluriempleada en la ma\u00f1ana antequerana doblando la longitud y el mil y cubriendo la segunda posta del relevo en 30 \u201cpelaos\u201d manteniendo la cabeza de la prueba; en longitud los nulos le juegan una mala pasada y asegura con 3.29 y 4 puntos; m\u00e1s tarde en el 1000 iguala su marca de la temporada con 3.47.75 y 9 puntos m\u00e1s al casillero.<br \/>\nMarta Hern\u00e1ndez-Carrillo Gonz\u00e1lez, cuarta integrante del relevo encargada de cubrir la tercera posta, recibe en primer lugar puesto de privilegio que mantiene<br \/>\ncon u\u00f1as y dientes para entregar primera. Remata con un 500 en 1.52.05 en su debut en la distancia.<br \/>\nEn cuanto al relevo apote\u00f3sica actuaci\u00f3n ganando su serie y siendo quintas de la general (21 puntos), manteniendo la primera posici\u00f3n desde el pistoletazo inicial hasta la l\u00ednea final y con un crono de 2.02.80: las hero\u00ednas son Marta Salas, Elena Carrillo, Marta Hern\u00e1ndez-Carrillo y Mar\u00eda P\u00e9rez.<br \/>\nCurro Avil\u00e9s Torrecillas, atleta que dobla longitud y 2000. En el salto horizontal consigue con 4.07 su MMT y aporta 13 valiosos puntos, en cuanto a su prueba fetiche, los 2000, gana su serie con 6.52.47 siendo cuarto en la general y adicionando 17 puntos al \u00e1baco.<br \/>\nDaniel P\u00e9rez Cano, polifac\u00e9tico atleta que disputa tres pruebas, marcha y altura m\u00e1s relevo. Nuestro \u00fanico competidor en cualquier campeonato auton\u00f3mico individual de marcha termina el 2000 marcha en 13.40.98 MMP dando 9 puntos y salta 1.10 en altura aportando 2.5 puntos. No contento con ello cubre la tercera posta del relevo manteniendo el pulso del equipo.<br \/>\nDiego Fuentes Escobar, nuestro vallista obtiene una nueva mejor marca personal con las vallas a 0,84 con 13.06<br \/>\nJorge Luis Torres Enr\u00edquez, nuestro b\u00f3lido de cabecera, siguiendo la tradici\u00f3n de enormes velocistas que salen de Atarfe obtiene un magn\u00edfico 5\u00ba puesto en 60 m.l. con 8.35 MMP (16 puntos) y lanza el relevo entregando el testigo en primera posici\u00f3n y dejando muy alto el pabell\u00f3n de la velocidad atarfe\u00f1a.<br \/>\nManuel Cort\u00e9s Garrido es un atleta de los que se no arrugan, debuta en pista cubierta multiplic\u00e1ndose abarcando el lanzamiento de peso, los 500 lisos y la \u00faltima posta del relevo. En la prueba de los m\u00e1s fuertes manda el artefacto a 9.09, quinto (16 puntos al bote) y en 500 da una lecci\u00f3n de clase marcando con 1.22.73 el segundo mejor crono (19 puntos), en ambos casos asom\u00e1ndose en la cresta del ranking auton\u00f3mico, tercero en 500 y 11 en peso. Aun pod\u00eda sorprender m\u00e1s y as\u00ed lo hace casc\u00e1ndose una vuelta a la pista rematando el relevo en \u2026 y recuperando tres puestos.<br \/>\nCarlos Pe\u00f1a Galindo, otro que se diversifica en pro del club acumulando tres actuaciones. Salta triple y\u00e9ndose hasta 7.78 (9 puntos), corre el 1000 en 3.47.24 (4 puntos) igualando su mejor registro personal y cubre la segunda vuelta del relevo en<br \/>\nPara finalizar nos quedamos con el relevo que una vez m\u00e1s volvi\u00f3 a hacer vibrar a la grada (especialidad de ATLETISMO ATARFE) destacando a nuestros dos puntales, Jorge Luis Torres y Manuel Cort\u00e9s que lanzan y rematan con vueltas sub 27 segundos y con dos atletas hetereog\u00e9neos Carlos Pe\u00f1a y Daniel P\u00e9rez que mantienen el chance del conjunto.<\/p>\n<p>\u00a0<a href=\"https:\/\/i0.wp.com\/miradordeatarfe.es\/wp-content\/uploads\/2019\/02\/SUB20.jpeg?ssl=1\"><img data-recalc-dims=\"1\" loading=\"lazy\" decoding=\"async\" class=\"alignnone size-full wp-image-29226\" src=\"https:\/\/i0.wp.com\/miradordeatarfe.es\/wp-content\/uploads\/2019\/02\/SUB20.jpeg?resize=640%2C961&#038;ssl=1\" alt=\"\" width=\"640\" height=\"961\" srcset=\"https:\/\/i0.wp.com\/miradordeatarfe.es\/wp-content\/uploads\/2019\/02\/SUB20.jpeg?w=1066&amp;ssl=1 1066w, https:\/\/i0.wp.com\/miradordeatarfe.es\/wp-content\/uploads\/2019\/02\/SUB20.jpeg?resize=200%2C300&amp;ssl=1 200w, https:\/\/i0.wp.com\/miradordeatarfe.es\/wp-content\/uploads\/2019\/02\/SUB20.jpeg?resize=768%2C1153&amp;ssl=1 768w, https:\/\/i0.wp.com\/miradordeatarfe.es\/wp-content\/uploads\/2019\/02\/SUB20.jpeg?resize=682%2C1024&amp;ssl=1 682w, https:\/\/i0.wp.com\/miradordeatarfe.es\/wp-content\/uploads\/2019\/02\/SUB20.jpeg?resize=600%2C901&amp;ssl=1 600w\" sizes=\"auto, (max-width: 640px) 100vw, 640px\" \/><\/a><\/p>\n<p style=\"text-align: justify;\">CAMPEONATO ANDALUC\u00cdA SUB 20.-<br \/>\nLos atletas r\u00e1pid@s al poder, cinco representantes de ATLETISMO ATARFE toman parte en este campeonato, todos ellos velocistas, tres mujeres y dos<br \/>\nhombres, todos a las \u00f3rdenes de Manuel Jim\u00e9nez Ca\u00f1adas, s\u00f3lo dos de ellas defendiendo la camiseta rojiverde del club, los tres restantes corren por distintos equipos de la Costa Tropical: Motril, Nerja y V\u00e9lez.<br \/>\nTanto Celia Martin Santiago como Elena Maroto Rica doblan prueba, 60 y 200, y ambas mejoran sus marcas personales en las dos distancias. Celia consigue 8.27 en series clasific\u00e1ndose por tiempos para semis donde pr\u00e1cticamente repite marca con 8.28, en cuanto al 200 nueva rebaja de plusmarca con 27.50.<br \/>\nPor su parte, Elena con 8.32 MMP se queda a las puertas de pasar ronda en los 60 y en el doble hect\u00f3metro nuevo record personal con 28.42.<br \/>\nCon la el\u00e1stica del V\u00e9lez Inmaculada L\u00f3pez Garrido tambi\u00e9n conquista MMP con 27.60 en la vuelta a la pista.<br \/>\nLos dos chicos se alinean en el 400, Pablo Mart\u00edn Santiago con 53.20 logra el noveno mejor registro qued\u00e1ndose a escasas 7 cent\u00e9simas de su mejor marca. Ra\u00fal Castillo Santiago para el crono en 54.36, 12\u00ba y consiguiendo su segundo mejor tiempo de siempre.<\/p>\n<p><a href=\"https:\/\/i0.wp.com\/miradordeatarfe.es\/wp-content\/uploads\/2019\/02\/SUB14.jpeg?ssl=1\"><img data-recalc-dims=\"1\" loading=\"lazy\" decoding=\"async\" class=\"alignnone size-full wp-image-29227\" src=\"https:\/\/i0.wp.com\/miradordeatarfe.es\/wp-content\/uploads\/2019\/02\/SUB14.jpeg?resize=640%2C480&#038;ssl=1\" alt=\"\" width=\"640\" height=\"480\" srcset=\"https:\/\/i0.wp.com\/miradordeatarfe.es\/wp-content\/uploads\/2019\/02\/SUB14.jpeg?w=1600&amp;ssl=1 1600w, https:\/\/i0.wp.com\/miradordeatarfe.es\/wp-content\/uploads\/2019\/02\/SUB14.jpeg?resize=300%2C225&amp;ssl=1 300w, https:\/\/i0.wp.com\/miradordeatarfe.es\/wp-content\/uploads\/2019\/02\/SUB14.jpeg?resize=768%2C576&amp;ssl=1 768w, https:\/\/i0.wp.com\/miradordeatarfe.es\/wp-content\/uploads\/2019\/02\/SUB14.jpeg?resize=1024%2C768&amp;ssl=1 1024w, https:\/\/i0.wp.com\/miradordeatarfe.es\/wp-content\/uploads\/2019\/02\/SUB14.jpeg?resize=600%2C450&amp;ssl=1 600w, https:\/\/i0.wp.com\/miradordeatarfe.es\/wp-content\/uploads\/2019\/02\/SUB14.jpeg?w=1280&amp;ssl=1 1280w\" sizes=\"auto, (max-width: 640px) 100vw, 640px\" \/><\/a><\/p>\n<p style=\"text-align: justify;\">CONTROL FEDERATIVO, ANTEQUERA DOMINGO 24 FEBRERO.-<br \/>\nUn \u00fanico representante en este control federativo, Jes\u00fas Zamora Tortosa que con 4.23.83 en 1500 consigue nueva MMP, nos cuentan que una crisis a mitad de carrera le ha impedido conseguir una rebaja mayor de su marca, la pr\u00f3xima seguro que sale aun as\u00ed enhorabuena por seguir mejorando.<br \/>\nPara finalizar destacar a dos de nuestros ruteros que en esta ocasi\u00f3n se han atrevido con la monta\u00f1a tomando parte uno en la XII Carrera por Monta\u00f1a, Carlos Lucena siendo el 210 con 4h52.47, 15\u00ba de su categor\u00eda, y Antonio Jos\u00e9 Romero la Open siendo el 44 y 31\u00ba de la categor\u00eda con 2.07.43.<\/p>\n","protected":false},"excerpt":{"rendered":"<p>. Este fin de semana hemos vivido un ejemplo pr\u00e1ctico de tal principio entre las&#8230;<\/p>\n","protected":false},"author":1,"featured_media":29225,"comment_status":"closed","ping_status":"closed","sticky":false,"template":"","format":"standard","meta":{"_coblocks_attr":"","_coblocks_dimensions":"","_coblocks_responsive_height":"","_coblocks_accordion_ie_support":"","jetpack_post_was_ever_published":false,"_jetpack_newsletter_access":"","_jetpack_dont_email_post_to_subs":false,"_jetpack_newsletter_tier_id":0,"_jetpack_memberships_contains_paywalled_content":false,"_jetpack_memberships_contains_paid_content":false,"footnotes":"","jetpack_publicize_message":"","jetpack_publicize_feature_enabled":true,"jetpack_social_post_already_shared":false,"jetpack_social_options":{"image_generator_settings":{"template":"highway","default_image_id":0,"enabled":false},"version":2}},"categories":[2,182,186,6915,44,15],"tags":[81,85,123],"class_list":["post-29224","post","type-post","status-publish","format-standard","has-post-thumbnail","hentry","category-atarfe","category-deportes","category-instituciones","category-opinion-de-manuel-jimenez","category-noticias-de-hoy","category-ultimas-noticias","tag-atarfe","tag-atletismo","tag-deportes"],"jetpack_publicize_connections":[],"jetpack_featured_media_url":"https:\/\/i0.wp.com\/miradordeatarfe.es\/wp-content\/uploads\/2019\/02\/Q.jpeg?fit=1080%2C1080&ssl=1","jetpack_likes_enabled":true,"jetpack_sharing_enabled":true,"_links":{"self":[{"href":"https:\/\/miradordeatarfe.es\/index.php?rest_route=\/wp\/v2\/posts\/29224","targetHints":{"allow":["GET"]}}],"collection":[{"href":"https:\/\/miradordeatarfe.es\/index.php?rest_route=\/wp\/v2\/posts"}],"about":[{"href":"https:\/\/miradordeatarfe.es\/index.php?rest_route=\/wp\/v2\/types\/post"}],"author":[{"embeddable":true,"href":"https:\/\/miradordeatarfe.es\/index.php?rest_route=\/wp\/v2\/users\/1"}],"replies":[{"embeddable":true,"href":"https:\/\/miradordeatarfe.es\/index.php?rest_route=%2Fwp%2Fv2%2Fcomments&post=29224"}],"version-history":[{"count":1,"href":"https:\/\/miradordeatarfe.es\/index.php?rest_route=\/wp\/v2\/posts\/29224\/revisions"}],"predecessor-version":[{"id":29228,"href":"https:\/\/miradordeatarfe.es\/index.php?rest_route=\/wp\/v2\/posts\/29224\/revisions\/29228"}],"wp:featuredmedia":[{"embeddable":true,"href":"https:\/\/miradordeatarfe.es\/index.php?rest_route=\/wp\/v2\/media\/29225"}],"wp:attachment":[{"href":"https:\/\/miradordeatarfe.es\/index.php?rest_route=%2Fwp%2Fv2%2Fmedia&parent=29224"}],"wp:term":[{"taxonomy":"category","embeddable":true,"href":"https:\/\/miradordeatarfe.es\/index.php?rest_route=%2Fwp%2Fv2%2Fcategories&post=29224"},{"taxonomy":"post_tag","embeddable":true,"href":"https:\/\/miradordeatarfe.es\/index.php?rest_route=%2Fwp%2Fv2%2Ftags&post=29224"}],"curies":[{"name":"wp","href":"https:\/\/api.w.org\/{rel}","templated":true}]}}