{"id":29248,"date":"2019-02-27T12:55:00","date_gmt":"2019-02-27T11:55:00","guid":{"rendered":"http:\/\/miradordeatarfe.es\/?p=29248"},"modified":"2019-02-27T12:44:56","modified_gmt":"2019-02-27T11:44:56","slug":"el-barrio-de-santa-amalia-de-atarfe-pide-la-mediacion-del-ayuntamiento-ante-endesa-por-los-cortes-de-luz","status":"publish","type":"post","link":"https:\/\/miradordeatarfe.es\/?p=29248","title":{"rendered":"EL BARRIO DE SANTA AMALIA DE ATARFE PIDE LA MEDIACI\u00d3N DEL AYUNTAMIENTO ANTE ENDESA POR LOS CORTES DE LUZ"},"content":{"rendered":"<p style=\"text-align: justify;\">Un Grupo de vecinos del Barrio de Santa Amalia de Atarfe cansados de los reiterados cortes de suministro el\u00e9ctrico piden a los representantes municipales del Equipo de Gobierno la mediaci\u00f3n ante Endesa, pues las reclamaciones particulares no sirven de nada. <!--more--><\/p>\n<p style=\"text-align: justify;\">Han sido cerca de 10 cortes en dos meses, con una duraci\u00f3n media de 4 horas, en las Calles Manuel de Falla, Mirador de la Ermita, Vista Elvira, Murillo, Vel\u00e1zquez, Plaza de Juan Carlos, Reina Sof\u00eda, Alonso Cano, Avd. Caparacena entre otras. Estos cortes son a distintas horas y a pesar de las llamadas de los particulares, tardan en resolverlas comentando algunos de los vecinos que los t\u00e9cnicos encargados de la reparaci\u00f3n no saben ni d\u00f3nde est\u00e1 el transformador, no solucionan el problema de forma definitiva, \u201c dicen que saltan los fusibles pero no ponen los medios para evitar que estos sigan saltando \u201d. Cuando llaman por tel\u00e9fono son atendidos por personas que \u201c apenas si se les entiende\u201d, con largos tiempos de espera.<\/p>\n<p style=\"text-align: justify;\">Solicitan al ayuntamiento una reuni\u00f3n con los responsables de zona deEndesa para que expliquen qu\u00e9 medidas se est\u00e1n tomando para resolver el problema, el barrio tiene 40 a\u00f1os y nunca se hab\u00eda dado un servicio de tan mala calidad, proponen que se revisen y renueven las acometidas pues el barrio ha crecido, y se controlen los usos indebidos que provocan sobrecargas en la red. Se han constituido en Movimiento Vecinal Santa Amalia para coordinar las incidencias, acuerdan tambi\u00e9n hacer reclamaciones en Consumo por el riesgo para la salud de aquellos enfermos del barrio que dependen de m\u00e1quinas para la respiraci\u00f3n, la mala calidad del servicio a familias con menores que no pueden calentar su vivienda, estudiantes que pierden sus trabajos en equipos inform\u00e1ticos, trabajadores de internet\u2026 comentan \u201c es que ahora todo va con luz, no es como antes que hab\u00eda otras fuentes de energ\u00eda\u201d.<\/p>\n<p style=\"text-align: justify;\">Los representantes del Equipo de Gobierno presentes en la reuni\u00f3n le han trasladado a los vecinos que ya han escrito a Endesa y a la Delegaci\u00f3n de Industria de la Junta de Andaluc\u00eda sobre este problema, se ha formado una comisi\u00f3n vecinos- ayuntamiento para pedir la reuni\u00f3n con los responsables de zona de Endesa y con Industria, y la posibilidad de coordinarse con otras plataformas de afectados de Granada y otros pueblos. Si persisten los problemas valoran la posibilidad de movilizaciones y realizar una denuncia por vulneraci\u00f3n de derechos fundamentales como la salud y la seguridad entre otros.<\/p>\n","protected":false},"excerpt":{"rendered":"<p>Un Grupo de vecinos del Barrio de Santa Amalia de Atarfe cansados de los reiterados&#8230;<\/p>\n","protected":false},"author":1,"featured_media":29249,"comment_status":"closed","ping_status":"closed","sticky":false,"template":"","format":"standard","meta":{"_coblocks_attr":"","_coblocks_dimensions":"","_coblocks_responsive_height":"","_coblocks_accordion_ie_support":"","jetpack_post_was_ever_published":false,"_jetpack_newsletter_access":"","_jetpack_dont_email_post_to_subs":false,"_jetpack_newsletter_tier_id":0,"_jetpack_memberships_contains_paywalled_content":false,"_jetpack_memberships_contains_paid_content":false,"footnotes":"","jetpack_publicize_message":"","jetpack_publicize_feature_enabled":true,"jetpack_social_post_already_shared":false,"jetpack_social_options":{"image_generator_settings":{"template":"highway","default_image_id":0,"enabled":false},"version":2}},"categories":[2,1161,186,44,15],"tags":[81,5777,3345],"class_list":["post-29248","post","type-post","status-publish","format-standard","has-post-thumbnail","hentry","category-atarfe","category-ciudadania","category-instituciones","category-noticias-de-hoy","category-ultimas-noticias","tag-atarfe","tag-barrio-de-santa-amalia","tag-cortes-de-luz"],"jetpack_publicize_connections":[],"jetpack_featured_media_url":"https:\/\/i0.wp.com\/miradordeatarfe.es\/wp-content\/uploads\/2019\/02\/no_tengo_luz_podo.jpg?fit=1920%2C1280&ssl=1","jetpack_likes_enabled":true,"jetpack_sharing_enabled":true,"_links":{"self":[{"href":"https:\/\/miradordeatarfe.es\/index.php?rest_route=\/wp\/v2\/posts\/29248","targetHints":{"allow":["GET"]}}],"collection":[{"href":"https:\/\/miradordeatarfe.es\/index.php?rest_route=\/wp\/v2\/posts"}],"about":[{"href":"https:\/\/miradordeatarfe.es\/index.php?rest_route=\/wp\/v2\/types\/post"}],"author":[{"embeddable":true,"href":"https:\/\/miradordeatarfe.es\/index.php?rest_route=\/wp\/v2\/users\/1"}],"replies":[{"embeddable":true,"href":"https:\/\/miradordeatarfe.es\/index.php?rest_route=%2Fwp%2Fv2%2Fcomments&post=29248"}],"version-history":[{"count":2,"href":"https:\/\/miradordeatarfe.es\/index.php?rest_route=\/wp\/v2\/posts\/29248\/revisions"}],"predecessor-version":[{"id":29251,"href":"https:\/\/miradordeatarfe.es\/index.php?rest_route=\/wp\/v2\/posts\/29248\/revisions\/29251"}],"wp:featuredmedia":[{"embeddable":true,"href":"https:\/\/miradordeatarfe.es\/index.php?rest_route=\/wp\/v2\/media\/29249"}],"wp:attachment":[{"href":"https:\/\/miradordeatarfe.es\/index.php?rest_route=%2Fwp%2Fv2%2Fmedia&parent=29248"}],"wp:term":[{"taxonomy":"category","embeddable":true,"href":"https:\/\/miradordeatarfe.es\/index.php?rest_route=%2Fwp%2Fv2%2Fcategories&post=29248"},{"taxonomy":"post_tag","embeddable":true,"href":"https:\/\/miradordeatarfe.es\/index.php?rest_route=%2Fwp%2Fv2%2Ftags&post=29248"}],"curies":[{"name":"wp","href":"https:\/\/api.w.org\/{rel}","templated":true}]}}