{"id":2925,"date":"2015-07-15T07:43:31","date_gmt":"2015-07-15T07:43:31","guid":{"rendered":"http:\/\/miradordeatarfe.es\/?p=2925"},"modified":"2015-07-16T08:42:04","modified_gmt":"2015-07-16T08:42:04","slug":"dormir-mal-un-posible-marcador-temprano-del-deterioro-cognitivo","status":"publish","type":"post","link":"https:\/\/miradordeatarfe.es\/?p=2925","title":{"rendered":"Dormir mal, un posible marcador temprano del deterioro cognitivo"},"content":{"rendered":"<p>El deterioro de nuestra memoria y otras capacidades mentales es un problema que afecta a un n\u00famero importante de personas al envejecer.<!--more--><\/p>\n<p>Cient\u00edficos de todo el mundo contin\u00faan investigando sobre dos aspectos b\u00e1sicos: por un lado, sobre c\u00f3mo intervenir una vez que el declive cognitivo est\u00e1 presente en los pacientes, y por otro lado, sobre un aspecto que toma cada vez m\u00e1s importancia, y es el c\u00f3mo identificar los primeros signos del deterioro, puesto que una identificaci\u00f3n m\u00e1s temprana permite poner en marcha estrategias diversas que favorezcan un avance m\u00e1s lento del declive cognitivo.<\/p>\n<p>Entre todos los factores estudiados, Katja Linda Waller, de la Universidad de Copenhague y sus colaboradores, han analizado la importancia de los problemas de sue\u00f1o, tan frecuentes en el envejecimiento. Su objetivo era analizar si los problemas para dormir y la somnolencia diurna pueden predecir el deterioro cognitivo en las personas mayores.<\/p>\n<p>En su estudio participaron 189 varones sanos, todos ellos nacidos en 1953. Se dividieron en dos grupos seg\u00fan los resultados de evaluaciones previas de sus funciones mentales. As\u00ed, aproximadamente la mitad de los participantes se clasificaron como personas con cierto deterioro cognitivo. Se utilizaron diversas escalas para valorar la calidad del sue\u00f1o, el grado de somnolencia percibida durante el d\u00eda y tambi\u00e9n los s\u00edntomas deprimidos.<\/p>\n<p>Los resultados del estudio, publicados recientemente en la revista <em>Sleep Medicine<\/em> (2015), mostraron que aproximadamente el 40% de los individuos informaban de tener una calidad de sue\u00f1o pobre. Seg\u00fan describen los autores, el 15% experimentaba, adem\u00e1s, sensaci\u00f3n de somnolencia diurna excesiva. Aunque no se encontr\u00f3 una correlaci\u00f3n importante entre las medidas de sue\u00f1o y los test cognitivos a nivel global, s\u00ed se observ\u00f3 que el grupo de personas clasificadas como \u2018con peor rendimiento cognitivo\u2019 presentaban una calidad de sue\u00f1o significativamente peor que los cognitivamente estables. Por el contrario, la somnolencia no fue una variable relacionada con el rendimiento en las pruebas neuropsicol\u00f3gicas.<\/p>\n<p>Seg\u00fan los autores, sus resultados sugieren que la calidad de sue\u00f1o percibida por cada persona podr\u00eda ser un marcador temprano de deterioro cognitivo en la mediana edad. Desde luego dormir bien tiene efectos sobre nuestras funciones mentales, nos permite estar m\u00e1s atentos y pensar mejor, por lo que se hacen necesarias las intervenciones dirigidas a promover una mejor calidad de sue\u00f1o y descanso a cualquier edad.<\/p>\n<p>&nbsp;<\/p>\n<p><em>Marisa Fern\u00e1ndez, Neuropsic\u00f3loga Senior, <a href=\"http:\/\/www.muyinteresante.es\/backend\/article\/editar\/www.unobrain.com\" target=\"_blank\">Unobrain<\/a><\/em><\/p>\n<p>&nbsp;<\/p>\n","protected":false},"excerpt":{"rendered":"<p>El deterioro de nuestra memoria y otras capacidades mentales es un problema que afecta a&#8230;<\/p>\n","protected":false},"author":1,"featured_media":2926,"comment_status":"closed","ping_status":"closed","sticky":false,"template":"","format":"standard","meta":{"_coblocks_attr":"","_coblocks_dimensions":"","_coblocks_responsive_height":"","_coblocks_accordion_ie_support":"","jetpack_post_was_ever_published":false,"_jetpack_newsletter_access":"","_jetpack_dont_email_post_to_subs":false,"_jetpack_newsletter_tier_id":0,"_jetpack_memberships_contains_paywalled_content":false,"_jetpack_memberships_contains_paid_content":false,"footnotes":"","jetpack_publicize_message":"","jetpack_publicize_feature_enabled":true,"jetpack_social_post_already_shared":false,"jetpack_social_options":{"image_generator_settings":{"template":"highway","default_image_id":0,"enabled":false},"version":2}},"categories":[15,10],"tags":[913,736],"class_list":["post-2925","post","type-post","status-publish","format-standard","has-post-thumbnail","hentry","category-ultimas-noticias","category-salud","tag-dormir","tag-sueno"],"jetpack_publicize_connections":[],"jetpack_featured_media_url":"https:\/\/i0.wp.com\/miradordeatarfe.es\/wp-content\/uploads\/2015\/07\/dormir-mal.jpg?fit=400%2C300&ssl=1","jetpack_likes_enabled":true,"jetpack_sharing_enabled":true,"_links":{"self":[{"href":"https:\/\/miradordeatarfe.es\/index.php?rest_route=\/wp\/v2\/posts\/2925","targetHints":{"allow":["GET"]}}],"collection":[{"href":"https:\/\/miradordeatarfe.es\/index.php?rest_route=\/wp\/v2\/posts"}],"about":[{"href":"https:\/\/miradordeatarfe.es\/index.php?rest_route=\/wp\/v2\/types\/post"}],"author":[{"embeddable":true,"href":"https:\/\/miradordeatarfe.es\/index.php?rest_route=\/wp\/v2\/users\/1"}],"replies":[{"embeddable":true,"href":"https:\/\/miradordeatarfe.es\/index.php?rest_route=%2Fwp%2Fv2%2Fcomments&post=2925"}],"version-history":[{"count":1,"href":"https:\/\/miradordeatarfe.es\/index.php?rest_route=\/wp\/v2\/posts\/2925\/revisions"}],"predecessor-version":[{"id":2927,"href":"https:\/\/miradordeatarfe.es\/index.php?rest_route=\/wp\/v2\/posts\/2925\/revisions\/2927"}],"wp:featuredmedia":[{"embeddable":true,"href":"https:\/\/miradordeatarfe.es\/index.php?rest_route=\/wp\/v2\/media\/2926"}],"wp:attachment":[{"href":"https:\/\/miradordeatarfe.es\/index.php?rest_route=%2Fwp%2Fv2%2Fmedia&parent=2925"}],"wp:term":[{"taxonomy":"category","embeddable":true,"href":"https:\/\/miradordeatarfe.es\/index.php?rest_route=%2Fwp%2Fv2%2Fcategories&post=2925"},{"taxonomy":"post_tag","embeddable":true,"href":"https:\/\/miradordeatarfe.es\/index.php?rest_route=%2Fwp%2Fv2%2Ftags&post=2925"}],"curies":[{"name":"wp","href":"https:\/\/api.w.org\/{rel}","templated":true}]}}