{"id":2934,"date":"2015-07-14T06:41:17","date_gmt":"2015-07-14T06:41:17","guid":{"rendered":"http:\/\/miradordeatarfe.es\/?p=2934"},"modified":"2015-07-15T08:27:01","modified_gmt":"2015-07-15T08:27:01","slug":"2934","status":"publish","type":"post","link":"https:\/\/miradordeatarfe.es\/?p=2934","title":{"rendered":"Cuatro mujeres asesinadas en cinco d\u00edas por violencia machista"},"content":{"rendered":"<div id=\"edi-body\" class=\"mce-body mce no-sticky-adv-socios\">\n<div class=\"subtitle bkn mce sk2\">\n<p>El n\u00famero de mujeres muertas a manos de sus parejas o exparejas asciende a 21 en lo que llevamos de 2015. Preocupa que se produzcan casos entre la gente joven: la \u00faltima v\u00edctima, de\u00a027 a\u00f1os, falleci\u00f3 tras ser rociada con gasolina por su exnovio. Esta misma semana, la ONU reprochaba a Espa\u00f1a el \u00abgrave y desproporcionado\u00bb impacto de la austeridad en las mujeres<\/p>\n<\/div>\n<p><!--more--><\/p>\n<p class=\"mce\" style=\"text-align: justify;\">Cuatro muertes en cinco d\u00edas. Ese es el tr\u00e1gico balance que la semana pasada deja la violencia machista. La \u00faltima v\u00edctima es una joven que fue asesinada presuntamente por su ex novio tras rociarle con\u00a0gasolina<span class=\"mce\"> \u00a0en una tienda de Santa Cruz de La Palma. <\/span><\/p>\n<p class=\"mce\" style=\"text-align: justify;\"><span class=\"mce\"> El mi\u00e9rcoles, otra joven de 25 a\u00f1os\u00a0muri\u00f3\u00a0tras ser apu\u00f1alada por su pareja de 29 a\u00f1os en un domicilio de la localidad madrile\u00f1a de Arganda del Rey. El martes, los cuerpos <span id=\"sel_1436614115323_5342414665501565\" class=\"mce\"> <\/span> de una\u00a0mujer, de 30 a\u00f1os, y de su compa\u00f1ero sentimental, de 36,\u00a0aparec\u00edan\u00a0en el interior de un veh\u00edculo en una pista forestal de A Telleira , en Santiago de Compostela. La jueza confirm\u00f3 que se trataba de un caso de violencia machista por parte de la expareja de la mujer.\u00a0<span id=\"sel_1436614112294_8818081230856478\" class=\"mce\"> <span id=\"sel_1436614113493_594419898930937\" class=\"mce\"> Finalmente, el pasado domingo, en\u00a0la localidad asturiana Pravia\u00a0la polic\u00eda encontraba los cad\u00e1veres de una mujer y su c\u00f3nyugue en la casa que compart\u00edan.<\/span><\/span><\/span><\/p>\n<div class=\"no-adv-socios\" style=\"text-align: justify;\">\u00a0Cuatro asesinatos que ascienden el n\u00famero de v\u00edctimas por mortales por violencia de g\u00e9nero a 21 en lo que llevamos de 2015. Adem\u00e1s, otros tres casos se encuentran en investigaci\u00f3n. Uno de los aspectos que preocupa es el hecho de que se est\u00e9n produciendo casos entre la gente m\u00e1s joven, dos de las cuatro v\u00edctimas no llegaban a la treintena de edad.<\/div>\n<p class=\"mce\" style=\"text-align: justify;\">Precisamente, la delegada del Gobierno para la Violencia de G\u00e9nero, Blanca Hern\u00e1ndez, atribu\u00eda este viernes\u00a0el crecimiento de los comportamientos machistas entre la poblaci\u00f3n joven y la mayor tolerancia de las nuevas generaciones hacia la violencia de g\u00e9nero, al hecho de que en los hogares \u00abse repiten, se repiten y se repiten roles sexistas\u00bb como que las chicas \u00abson quienes han de recoger la mesa\u00bb y los chicos \u00abquienes deciden qu\u00e9 se hace y toman las decisiones\u00bb.<\/p>\n<p class=\"mce\" style=\"text-align: justify;\">\u00abNo somos conscientes de que lo que se conquista con las leyes tambi\u00e9n hay que conquistarlo en la sociedad -ha advertido-. En la Delegaci\u00f3n vimos que hab\u00eda un problema claro entre la poblaci\u00f3n m\u00e1s joven y nos parec\u00eda raro en un pa\u00eds como Espa\u00f1a que se lo hab\u00eda tomado tan en serio. As\u00ed que nos pusimos a estudiarlo\u00bb.<\/p>\n<p class=\"mce\" style=\"text-align: justify;\">Seg\u00fan ha explicado, entre las conclusiones que han extra\u00eddo de la observaci\u00f3n figura la repetici\u00f3n, por parte de las familias, de \u00abideas, mensajes o estereotipos que perpet\u00faan muchas veces el amor mal entendido, que es germen de violencia\u00bb. Por ejemplo: que los celos \u00abson muestra de amor\u00bb y que \u00absi est\u00e1 celoso es porque le quiere\u00bb, o que \u00abest\u00e1 bien que los chicos salgan con muchas chicas, pero est\u00e1 muy mal que las chicas salgan con muchos chicos\u00bb, seg\u00fan ha se\u00f1alado.<\/p>\n<p class=\"mce\" style=\"text-align: justify;\">Junto con esta causa, ha apuntado que la \u00abgente joven\u00bb, en ocasiones, \u00abno ve que las desigualdades entre hombres y mujeres existen\u00bb (ante lo que ha se\u00f1alado la desigualdad salarial del 22% en Espa\u00f1a) y \u00abse creen que ya est\u00e1 todo hecho\u00bb debido a que existen leyes al respecto.<\/p>\n<p class=\"mce\" style=\"text-align: justify;\">Sobre lo mucho que queda por hacer en Espa\u00f1a se ha pronunciado tambi\u00e9n el Comit\u00e9 de Naciones Unidas para la Eliminaci\u00f3n de la Discriminaci\u00f3n contra la Mujer (CEDAW en ingl\u00e9s).\u00a0 En un informe f<span class=\"mce\"> echado a 17 de junio, la CEDAW identifica algunas lagunas en la ley integral contra la violencia machista, aunque reconoce el avance que supuso su aprobaci\u00f3n hace ahora 11 a\u00f1os.\u00a0 <\/span><\/p>\n<p class=\"mce\" style=\"text-align: justify;\">Entre ellos, el hecho de que no cubre todos los supuestos de violencia por cuestiones de g\u00e9nero, \u00fanicamente los que ocurren en el entorno de la pareja o expareja. Por otro lado, urge a \u00abgarantizar una formaci\u00f3n obligatoria de jueces y personal administrativo sobre violencia de g\u00e9nero\u00bb. Adem\u00e1s, llama la atenci\u00f3n al Gobierno espa\u00f1ol sobre el caso de \u00c1ngela Gonz\u00e1lez, cuyo exmarido asesin\u00f3 a la hija de ambos en un r\u00e9gimen de visitas despu\u00e9s de ser denunciado por maltrato.<\/p>\n<\/div>\n","protected":false},"excerpt":{"rendered":"<p>El n\u00famero de mujeres muertas a manos de sus parejas o exparejas asciende a 21&#8230;<\/p>\n","protected":false},"author":1,"featured_media":2935,"comment_status":"closed","ping_status":"closed","sticky":false,"template":"","format":"standard","meta":{"_coblocks_attr":"","_coblocks_dimensions":"","_coblocks_responsive_height":"","_coblocks_accordion_ie_support":"","jetpack_post_was_ever_published":false,"_jetpack_newsletter_access":"","_jetpack_dont_email_post_to_subs":false,"_jetpack_newsletter_tier_id":0,"_jetpack_memberships_contains_paywalled_content":false,"_jetpack_memberships_contains_paid_content":false,"footnotes":"","jetpack_publicize_message":"","jetpack_publicize_feature_enabled":true,"jetpack_social_post_already_shared":false,"jetpack_social_options":{"image_generator_settings":{"template":"highway","default_image_id":0,"enabled":false},"version":2}},"categories":[14,9,15],"tags":[1054,214],"class_list":["post-2934","post","type-post","status-publish","format-standard","has-post-thumbnail","hentry","category-feminismo","category-medio-ambiente","category-ultimas-noticias","tag-victimas","tag-violencia-de-genero"],"jetpack_publicize_connections":[],"jetpack_featured_media_url":"https:\/\/i0.wp.com\/miradordeatarfe.es\/wp-content\/uploads\/2015\/07\/ViolenciaDomestica_web_3_2_12_t670x470.jpg?fit=420%2C289&ssl=1","jetpack_likes_enabled":true,"jetpack_sharing_enabled":true,"_links":{"self":[{"href":"https:\/\/miradordeatarfe.es\/index.php?rest_route=\/wp\/v2\/posts\/2934","targetHints":{"allow":["GET"]}}],"collection":[{"href":"https:\/\/miradordeatarfe.es\/index.php?rest_route=\/wp\/v2\/posts"}],"about":[{"href":"https:\/\/miradordeatarfe.es\/index.php?rest_route=\/wp\/v2\/types\/post"}],"author":[{"embeddable":true,"href":"https:\/\/miradordeatarfe.es\/index.php?rest_route=\/wp\/v2\/users\/1"}],"replies":[{"embeddable":true,"href":"https:\/\/miradordeatarfe.es\/index.php?rest_route=%2Fwp%2Fv2%2Fcomments&post=2934"}],"version-history":[{"count":2,"href":"https:\/\/miradordeatarfe.es\/index.php?rest_route=\/wp\/v2\/posts\/2934\/revisions"}],"predecessor-version":[{"id":2937,"href":"https:\/\/miradordeatarfe.es\/index.php?rest_route=\/wp\/v2\/posts\/2934\/revisions\/2937"}],"wp:featuredmedia":[{"embeddable":true,"href":"https:\/\/miradordeatarfe.es\/index.php?rest_route=\/wp\/v2\/media\/2935"}],"wp:attachment":[{"href":"https:\/\/miradordeatarfe.es\/index.php?rest_route=%2Fwp%2Fv2%2Fmedia&parent=2934"}],"wp:term":[{"taxonomy":"category","embeddable":true,"href":"https:\/\/miradordeatarfe.es\/index.php?rest_route=%2Fwp%2Fv2%2Fcategories&post=2934"},{"taxonomy":"post_tag","embeddable":true,"href":"https:\/\/miradordeatarfe.es\/index.php?rest_route=%2Fwp%2Fv2%2Ftags&post=2934"}],"curies":[{"name":"wp","href":"https:\/\/api.w.org\/{rel}","templated":true}]}}