{"id":2938,"date":"2015-07-16T07:46:40","date_gmt":"2015-07-16T07:46:40","guid":{"rendered":"http:\/\/miradordeatarfe.es\/?p=2938"},"modified":"2015-07-17T09:03:56","modified_gmt":"2015-07-17T09:03:56","slug":"el-caos-de-la-ley-wert","status":"publish","type":"post","link":"https:\/\/miradordeatarfe.es\/?p=2938","title":{"rendered":"El caos de la &#8216;Ley Wert&#8217;"},"content":{"rendered":"<ul class=\"subtitulos\">\n<li>Diez comunidades aut\u00f3nomas se niegan a aplicar la ley a dos meses del curso. Arag\u00f3n quita Emprendimiento, reduce Religi\u00f3n y pone Ciudadan\u00eda. Baleares aprueba la &#8216;derogaci\u00f3n&#8217; de los actuales curr\u00edculos<\/li>\n<\/ul>\n<p><!--more--><\/p>\n<p style=\"text-align: justify;\">El curso que comienza en dos meses va a ser un caos. Dependiendo del territorio en que estudie un alumno, aprender\u00e1 con una ley educativa o con otra. Una decena de autonom\u00edas ha desvelado ya sus planes para no aplicar la <em>Ley Wert<\/em> en la <strong>ESO<\/strong> y <strong>Bachillerato<\/strong>. Son Arag\u00f3n, Baleares, Castilla-La Mancha, Extremadura, Andaluc\u00eda, <strong>Canarias<\/strong>, Cantabria, Navarra, el Pa\u00eds Vasco y Catalu\u00f1a.<\/p>\n<p style=\"text-align: justify;\">\u00c9stas son las autonom\u00edas que forman el frente antiLomce, al que tambi\u00e9n pertenecen el Gobierno en funciones de Asturias y la Comunidad Valenciana. Estas dos regiones se oponen a la reforma educativa, pero a\u00fan no han concretado qu\u00e9 har\u00e1n, mientras que las otras han hecho expl\u00edcito su prop\u00f3sito de destejer lo tejido en los \u00faltimos cuatro a\u00f1os por Jos\u00e9 Ignacio Wert.<\/p>\n<p style=\"text-align: justify;\">Frente a este grupo se han quedado en minor\u00eda las <em>populares<\/em> Galicia, Castilla y Le\u00f3n, Murcia, Madrid y La Rioja, que defienden la reforma educativa, aunque no todas con el mismo entusiasmo. En el<strong> Gobierno castellanoleon\u00e9s<\/strong>, por ejemplo, dicen que la ley hay que cumplirla, pero a\u00f1aden que \u00abno hay una decisi\u00f3n tomada\u00bb sobre c\u00f3mo lo har\u00e1n.<\/p>\n<p style=\"text-align: justify;\">La norma que se puso en marcha en <strong>2014\/2015<\/strong> en los cursos impares de <strong>Primaria<\/strong> tendr\u00eda que estrenarse el pr\u00f3ximo mes de septiembre en los cursos pares de esta etapa (de seis a 12 a\u00f1os) y en los cursos impares de la <strong>ESO<\/strong> (de 12 a 16 a\u00f1os) y de <strong>Bachillerato<\/strong> (de 16 a 18 a\u00f1os), pero ni los profesores ni las familias saben muy bien qu\u00e9 tienen que hacer.<\/p>\n<p style=\"text-align: justify;\">Fuentes del <strong>Gobierno<\/strong> y del PP expresan su \u00abpreocupaci\u00f3n\u00bbpor esta situaci\u00f3n. La<strong> Confederaci\u00f3n Espa\u00f1ola de Organizaciones Empresariales (CEOE<\/strong>) se manifest\u00f3 ayer en el mismo sentido, mientras que las editoriales de libros de texto han amenazado con acudir a la <strong>Alta Inspecci\u00f3n<\/strong> e interponer acciones legales contra las comunidades rebeldes.<\/p>\n<p style=\"text-align: justify;\">El problema es que no est\u00e1 claro que esta insumisi\u00f3n a la <em>Ley Wert <\/em>sea ilegal, porque la norma con el nombre del pol\u00e9mico ex ministro da bastante margen de actuaci\u00f3n a las autonom\u00edas. Les permite, por ejemplo, poner las asignaturas que quieran o rebajar dentro de un l\u00edmite la carga horaria de determinadas materias. En el<strong> Pa\u00eds Vasco<\/strong> se ha estado todo este curso impartiendo <strong>Conocimiento del Medio<\/strong>, una asignatura que quit\u00f3 la Lomce, sin que la Alta Inspecci\u00f3n haya actuado contra esta comunidad. Y <strong>Andaluc\u00eda<\/strong> tambi\u00e9n ha resucitado <strong>Educaci\u00f3n para Ciudadan\u00eda<\/strong> dentro del bloque de materias de libre configuraci\u00f3n auton\u00f3mica mientras el Ministerio se encog\u00eda de hombros. A eso se aferran ahora algunas comunidades: advierten de que van a cambiar los curr\u00edculos, pero en el marco de sus \u00abcompetencias\u00bb y cumpliendo los \u00abm\u00ednimos\u00bb de la Lomce:<\/p>\n<h2 class=\"ladillo\" style=\"text-align: justify;\">ARAG\u00d3N<\/h2>\n<p style=\"text-align: justify;\">Ha reducido una hora semanal la ense\u00f1anza de <strong>Religi\u00f3n<\/strong> en 1\u00ba de la ESO a cambio de aumentar en una el<strong> Ingl\u00e9s<\/strong>, lo que implica que la primera se reduzca de dos horas a una a la semana y la segunda se quede en cuatro horas. Esta medida forma parte del dec\u00e1logo que propuso Podemos y que acord\u00f3 con el PSOE de cara a la negociaci\u00f3n de la investidura de <strong>Javier Lamb\u00e1n<\/strong> como presidente de Arag\u00f3n.<\/p>\n<p style=\"text-align: justify;\">El Gobierno de <strong>PSOE-CHA<\/strong> materializ\u00f3 ayer la \u00absuspensi\u00f3n\u00bb de la aplicaci\u00f3n de la Lomce al publicar nuevas instrucciones para los centros educativos, as\u00ed como la orden que deja sin efecto otra del anterior Ejecutivo, del PP, sobre los curr\u00edculos de la ESO y el Bachillerato. En sustituci\u00f3n, se aplicar\u00e1n los curr\u00edculos recogidos en las \u00f3rdenes de \u00ab2007 y 2008\u00bb, que fueron elaborados seg\u00fan la anterior ley, la <strong>LOE socialista<\/strong>.<\/p>\n<p style=\"text-align: justify;\">Se recupera <strong>Educaci\u00f3n para la Ciudadan\u00eda<\/strong>, mientras que no se ofertar\u00e1 <strong>Iniciativa Emprendedora y Empresarial<\/strong>. Adem\u00e1s, se trabaja en \u00abminimizar los efectos\u00bb de la Lomce en Primaria. <strong>Erika Sanz<\/strong>, diputada auton\u00f3mica de Podemos, quiere que Religi\u00f3n suponga \u00abun m\u00e1ximo de una hora semanal y que el resto del tiempo revierta sobre Educaci\u00f3n Art\u00edstica y Educaci\u00f3n F\u00edsica\u00bb.<\/p>\n<p style=\"text-align: justify;\">Arag\u00f3n ha sido la primera autonom\u00eda en anunciar sus cambios, lo que motiv\u00f3 que el nuevo ministro, <strong>\u00cd\u00f1igo M\u00e9ndez de Vigo<\/strong>, se reuniera el jueves en Zaragoza con la consejera para intentar llegar a un acuerdo. La postura del titular de Educaci\u00f3n es que la Lomce no se puede paralizar, pero admite que hay \u00abmargen\u00bb de maniobra dentro de la aplicaci\u00f3n. Ha dicho que se va a reunir con todos los consejeros y despu\u00e9s convocar\u00e1 una Conferencia Sectorial de Educaci\u00f3n en la que se escenificar\u00e1 el rechazo a la Lomce por parte de las autonom\u00edas rebeldes.<\/p>\n<h2 class=\"ladillo\" style=\"text-align: justify;\">BALEARES<\/h2>\n<p style=\"text-align: justify;\">El Consejo de <strong>Gobierno balear<\/strong> aprob\u00f3 ayer el inicio \u00abcon car\u00e1cter urgente\u00bb de los tr\u00e1mites legales y administrativos para iniciar \u00abun proceso de revisi\u00f3n y derogaci\u00f3n de los actuales curr\u00edculos\u00bb de la ESO y Bachillerato, en palabras del <em>conseller<\/em><strong> Mart\u00ed March<\/strong>. Por otro lado, tras enterrar el modelo educativo triling\u00fce -ingl\u00e9s, castellano y catal\u00e1n- del <strong>PP<\/strong>, el nuevo <em>Govern<\/em> (PSOE-M\u00e9s) trabaja para aprobar \u00abuna normativa ling\u00fc\u00edstica\u00bb en la que el catal\u00e1n \u00abdebe ser m\u00e1s importante\u00bb que las otras lenguas.<\/p>\n<h2 class=\"ladillo\" style=\"text-align: justify;\">EXTREMADURA<\/h2>\n<p style=\"text-align: justify;\">El nuevo gobierno de Extremadura -que preside el socialista <strong>Guillermo Fern\u00e1ndez Vara<\/strong>&#8211; ha anunciado su intenci\u00f3n de no aplicar la ley educativa. La decisi\u00f3n cuenta con el apoyo de <strong>Podemos<\/strong>, que vot\u00f3 a favor de la investidura de Vara y que ha pedido expresamente la paralizaci\u00f3n de la Lomce. Se llevar\u00e1 la iniciativa a uno de los plenos de la Asamblea que se celebrar\u00e1n este mes. La intenci\u00f3n de Vara es derogar el decreto auton\u00f3mico que completa la normativa estatal en relaci\u00f3n a la ESO y Bachillerato y que aprobaron los anteriores responsables del PP, informa <strong>David Vigario<\/strong>.<\/p>\n<h2 class=\"ladillo\" style=\"text-align: justify;\">CASTILLA-LA MANCHA<\/h2>\n<p style=\"text-align: justify;\">La consejera envi\u00f3 el mi\u00e9rcoles una carta al ministro pidi\u00e9ndole la convocatoria de la Conferencia Sectorial de Educaci\u00f3n. Fuentes del Gobierno socialista castellanomanchego explican que, si el Gobierno no paraliza la aplicaci\u00f3n de la <strong>Lomce<\/strong>, lo har\u00e1n ellos \u00abdentro de los m\u00e1rgenes\u00bb, que les permite la ley.<\/p>\n<h2 class=\"ladillo\" style=\"text-align: justify;\">COMUNIDAD VALENCIANA<\/h2>\n<p style=\"text-align: justify;\">En la <strong>Comunidad Valenciana<\/strong>, la Conselleria est\u00e1 lejos de decantarse por paralizar sin m\u00e1s la Lomce. Y ello a pesar de que el nuevo <em>conseller,<\/em> el maestro <strong>Vicent Marz\u00e0<\/strong>, proviene de un partido (Comprom\u00eds) y de un sindicato docente (<strong>STEPV<\/strong>) muy beligerantes con la reforma educativa. Lo \u00fanico que ha dicho Marz\u00e0 es que habr\u00e1 que coordinarse con el resto de comunidades para hacer un frente com\u00fan. Su sindicato, por el contrario, sigue exigiendo frenar la ley. El secretario auton\u00f3mico de Educaci\u00f3n, el socialista <strong>Miguel Soler<\/strong>, insisti\u00f3 ayer en que se est\u00e1 \u00abrepasando la normativa vigente\u00bb para ver qu\u00e9 opciones pueden plantearse. Las medidas se pactar\u00e1n con los sindicatos en las pr\u00f3ximas semanas, informa <strong>Noa de la Torre<\/strong>.<\/p>\n<h2 class=\"ladillo\" style=\"text-align: justify;\">OTRAS COMUNIDADES<\/h2>\n<p style=\"text-align: justify;\">En <strong>Asturias <\/strong>el PP a\u00fan pelea por estar al frente del Gobierno, aunque parece que finalmente el Ejecutivo ser\u00e1 del PSOE, que tambi\u00e9n har\u00e1 lo que pueda para paralizar la aplicaci\u00f3n de la ley.<\/p>\n<p style=\"text-align: justify;\">Por su parte, el nuevo gobierno andaluz (PSOE) apuesta por una \u00abparada\u00bb en la aplicaci\u00f3n de la reforma educativa, al igual que el canario (CC-PSOE). Estas dos comunidades forman, con el <strong>Pa\u00eds Vasco<\/strong> (PNV) y <strong>Catalu\u00f1a<\/strong> (CiU), el n\u00facleo duro del frente <em>antiLomce<\/em>.<\/p>\n<p style=\"text-align: justify;\">Las reci\u00e9n llegadas al grupo son <strong>Navarra<\/strong> -Uxue Barkos ser\u00e1 investida el d\u00eda 20, pero GB, Bildu, Podemos e I-E han firmado un acuerdo en el que se muestra una \u00abposici\u00f3n clara\u00bb de paralizaci\u00f3n y el estudio de las v\u00edas legales para no impartir \u00abReligi\u00f3n confesional\u00bb en el curr\u00edculo-, as\u00ed como <strong>Cantabria<\/strong> (PRC-PSOE): <strong>Miguel \u00c1ngel Revilla<\/strong>, el nuevo presidente, es \u00ababsolutamente partidario\u00bb de paralizar la aplicaci\u00f3n<\/p>\n","protected":false},"excerpt":{"rendered":"<p>Diez comunidades aut\u00f3nomas se niegan a aplicar la ley a dos meses del curso. Arag\u00f3n&#8230;<\/p>\n","protected":false},"author":1,"featured_media":2939,"comment_status":"closed","ping_status":"closed","sticky":false,"template":"","format":"standard","meta":{"_coblocks_attr":"","_coblocks_dimensions":"","_coblocks_responsive_height":"","_coblocks_accordion_ie_support":"","jetpack_post_was_ever_published":false,"_jetpack_newsletter_access":"","_jetpack_dont_email_post_to_subs":false,"_jetpack_newsletter_tier_id":0,"_jetpack_memberships_contains_paywalled_content":false,"_jetpack_memberships_contains_paid_content":false,"footnotes":"","jetpack_publicize_message":"","jetpack_publicize_feature_enabled":true,"jetpack_social_post_already_shared":false,"jetpack_social_options":{"image_generator_settings":{"template":"highway","default_image_id":0,"enabled":false},"version":2}},"categories":[187,15],"tags":[27,205],"class_list":["post-2938","post","type-post","status-publish","format-standard","has-post-thumbnail","hentry","category-centros-educativos","category-ultimas-noticias","tag-educacion","tag-lomce"],"jetpack_publicize_connections":[],"jetpack_featured_media_url":"https:\/\/i0.wp.com\/miradordeatarfe.es\/wp-content\/uploads\/2015\/07\/14365701532293.jpg?fit=487%2C646&ssl=1","jetpack_likes_enabled":true,"jetpack_sharing_enabled":true,"_links":{"self":[{"href":"https:\/\/miradordeatarfe.es\/index.php?rest_route=\/wp\/v2\/posts\/2938","targetHints":{"allow":["GET"]}}],"collection":[{"href":"https:\/\/miradordeatarfe.es\/index.php?rest_route=\/wp\/v2\/posts"}],"about":[{"href":"https:\/\/miradordeatarfe.es\/index.php?rest_route=\/wp\/v2\/types\/post"}],"author":[{"embeddable":true,"href":"https:\/\/miradordeatarfe.es\/index.php?rest_route=\/wp\/v2\/users\/1"}],"replies":[{"embeddable":true,"href":"https:\/\/miradordeatarfe.es\/index.php?rest_route=%2Fwp%2Fv2%2Fcomments&post=2938"}],"version-history":[{"count":1,"href":"https:\/\/miradordeatarfe.es\/index.php?rest_route=\/wp\/v2\/posts\/2938\/revisions"}],"predecessor-version":[{"id":2940,"href":"https:\/\/miradordeatarfe.es\/index.php?rest_route=\/wp\/v2\/posts\/2938\/revisions\/2940"}],"wp:featuredmedia":[{"embeddable":true,"href":"https:\/\/miradordeatarfe.es\/index.php?rest_route=\/wp\/v2\/media\/2939"}],"wp:attachment":[{"href":"https:\/\/miradordeatarfe.es\/index.php?rest_route=%2Fwp%2Fv2%2Fmedia&parent=2938"}],"wp:term":[{"taxonomy":"category","embeddable":true,"href":"https:\/\/miradordeatarfe.es\/index.php?rest_route=%2Fwp%2Fv2%2Fcategories&post=2938"},{"taxonomy":"post_tag","embeddable":true,"href":"https:\/\/miradordeatarfe.es\/index.php?rest_route=%2Fwp%2Fv2%2Ftags&post=2938"}],"curies":[{"name":"wp","href":"https:\/\/api.w.org\/{rel}","templated":true}]}}