{"id":29397,"date":"2019-03-01T11:26:02","date_gmt":"2019-03-01T10:26:02","guid":{"rendered":"http:\/\/miradordeatarfe.es\/?p=29397"},"modified":"2019-03-01T11:26:02","modified_gmt":"2019-03-01T10:26:02","slug":"el-ayuntamiento-de-atarfe-valora-denunciar-por-vulneracion-de-derechos-contra-endesa-si-siguen-los-cortes-de-luz-en-el-barrio-de-santa-amalia","status":"publish","type":"post","link":"https:\/\/miradordeatarfe.es\/?p=29397","title":{"rendered":"El Ayuntamiento de Atarfe valora denunciar por vulneraci\u00f3n de derechos contra Endesa si siguen los cortes de luz en el barrio de Santa Amalia"},"content":{"rendered":"<div class=\"cuerpo\">\n<p style=\"text-align: justify;\">Vecinos del Barrio de Santa Amalia de Atarfe, \u00abcansados de los reiterados cortes de suministro el\u00e9ctrico\u00bb, han pedido a gobierno local la mediaci\u00f3n ante Endesa, pues han comprobado que \u00ablas reclamaciones particulares no sirven de nada\u00bb.<\/p>\n<p style=\"text-align: justify;\">En una nota de prensa, el gobierno local del municipio informa de que en estos dos \u00faltimos meses se han producido cerca de 10 cortes de suministro el\u00e9ctrico, con una duraci\u00f3n media de 4 horas, en las Calles Manuel de Falla, Mirador de la Ermita, Vista Elvira, Murillo, Vel\u00e1zquez, Plaza de Juan Carlos, Reina Sof\u00eda, Alonso Cano, Avd. Caparacena, entre otras. Cortes producidos a distintas horas y que, a pesar de las llamadas de los particulares, \u00abhan tardado mucho en resolverlse\u00bb.<\/p>\n<p style=\"text-align: justify;\">Los vecinos han trasladado que los t\u00e9cnicos encargados de la reparaci\u00f3n \u00abno saben ni d\u00f3nde est\u00e1 el transformador y no solucionan el problema de forma definitiva, dicen que saltan los fusibles pero no ponen los medios para evitar que estos sigan saltando\u00bb. \u00abCuando llaman por tel\u00e9fono son atendidos por personas que apenas si se les entiende, con largos tiempos de espera\u00bb.<\/p>\n<p style=\"text-align: justify;\">Los vecinos han solicitado al Ayuntamiento una reuni\u00f3n con los responsables de zona de Endesa para que expliquen qu\u00e9 medidas se est\u00e1n tomando para resolver el problema. El barrio tiene 40 a\u00f1os y, seg\u00fan exponen, \u00abnunca se hab\u00eda dado un servicio de tan mala calidad\u00bb. Proponen que se revise y renueven las acometidas, pues el barrio ha crecido; y se controlen los usos indebidos que provocan las sobrecargas en la red.<\/p>\n<p style=\"text-align: justify;\">Se han constituido en Movimiento Vecinal Santa Amalia para coordinar las incidencias y han acordado hacer reclamaciones en Consumo por el riesgo para la salud de aquellos enfermos del barrio que dependen de m\u00e1quinas para la respiraci\u00f3n, la mala calidad del servicio a familias con menores que no pueden calentar su vivienda, estudiantes que pierden sus trabajos en equipos inform\u00e1ticos o trabajadores que dependen de internet.<\/p>\n<p style=\"text-align: justify;\">Los representantes del equipo de gobierno le han trasladado a los vecinos que ya han escrito a Endesa y a la Delegaci\u00f3n de Industria de la Junta de Andaluc\u00eda sobre este problema. A ra\u00edz de la reuni\u00f3n, se ha formado una comisi\u00f3n vecinos-Ayuntamiento para pedir la reuni\u00f3n con los responsables de zona de Endesa y con Industria, y la posibilidad de coordinarse con otras plataformas de afectados de Granada y otros pueblos. Si persisten los problemas la comisi\u00f3n valora la posibilidad de movilizaciones y realizar una denuncia por vulneraci\u00f3n de derechos fundamentales como la salud y la seguridad entre otros.<\/p>\n<div class=\"firma\" style=\"text-align: justify;\"><a href=\"http:\/\/www.elindependientedegranada.es\/politica\/ayuntamiento-atarfe-valora-denunciar-vulneracion-derechos-endesa-si-siguen-cortes-luz\">http:\/\/www.elindependientedegranada.es\/politica\/ayuntamiento-atarfe-valora-denunciar-vulneracion-derechos-endesa-si-siguen-cortes-luz<\/a><\/div>\n<div><\/div>\n<div class=\"pie\" style=\"text-align: justify;\">FOTO: Reuni\u00f3n de los vecinos de Santa Amalia y el gobierno local.<\/div>\n<\/div>\n<p style=\"text-align: justify;\">\n","protected":false},"excerpt":{"rendered":"<p>Vecinos del Barrio de Santa Amalia de Atarfe, \u00abcansados de los reiterados cortes de suministro&#8230;<\/p>\n","protected":false},"author":1,"featured_media":29398,"comment_status":"closed","ping_status":"closed","sticky":false,"template":"","format":"standard","meta":{"_coblocks_attr":"","_coblocks_dimensions":"","_coblocks_responsive_height":"","_coblocks_accordion_ie_support":"","jetpack_post_was_ever_published":false,"_jetpack_newsletter_access":"","_jetpack_dont_email_post_to_subs":false,"_jetpack_newsletter_tier_id":0,"_jetpack_memberships_contains_paywalled_content":false,"_jetpack_memberships_contains_paid_content":false,"footnotes":"","jetpack_publicize_message":"","jetpack_publicize_feature_enabled":true,"jetpack_social_post_already_shared":false,"jetpack_social_options":{"image_generator_settings":{"template":"highway","default_image_id":0,"enabled":false},"version":2}},"categories":[2,1161,44,15],"tags":[5777,3345,5788],"class_list":["post-29397","post","type-post","status-publish","format-standard","has-post-thumbnail","hentry","category-atarfe","category-ciudadania","category-noticias-de-hoy","category-ultimas-noticias","tag-barrio-de-santa-amalia","tag-cortes-de-luz","tag-reunion"],"jetpack_publicize_connections":[],"jetpack_featured_media_url":"https:\/\/i0.wp.com\/miradordeatarfe.es\/wp-content\/uploads\/2019\/03\/foto_cortes_de_luz_atarfe.jpeg?fit=750%2C563&ssl=1","jetpack_likes_enabled":true,"jetpack_sharing_enabled":true,"_links":{"self":[{"href":"https:\/\/miradordeatarfe.es\/index.php?rest_route=\/wp\/v2\/posts\/29397","targetHints":{"allow":["GET"]}}],"collection":[{"href":"https:\/\/miradordeatarfe.es\/index.php?rest_route=\/wp\/v2\/posts"}],"about":[{"href":"https:\/\/miradordeatarfe.es\/index.php?rest_route=\/wp\/v2\/types\/post"}],"author":[{"embeddable":true,"href":"https:\/\/miradordeatarfe.es\/index.php?rest_route=\/wp\/v2\/users\/1"}],"replies":[{"embeddable":true,"href":"https:\/\/miradordeatarfe.es\/index.php?rest_route=%2Fwp%2Fv2%2Fcomments&post=29397"}],"version-history":[{"count":1,"href":"https:\/\/miradordeatarfe.es\/index.php?rest_route=\/wp\/v2\/posts\/29397\/revisions"}],"predecessor-version":[{"id":29399,"href":"https:\/\/miradordeatarfe.es\/index.php?rest_route=\/wp\/v2\/posts\/29397\/revisions\/29399"}],"wp:featuredmedia":[{"embeddable":true,"href":"https:\/\/miradordeatarfe.es\/index.php?rest_route=\/wp\/v2\/media\/29398"}],"wp:attachment":[{"href":"https:\/\/miradordeatarfe.es\/index.php?rest_route=%2Fwp%2Fv2%2Fmedia&parent=29397"}],"wp:term":[{"taxonomy":"category","embeddable":true,"href":"https:\/\/miradordeatarfe.es\/index.php?rest_route=%2Fwp%2Fv2%2Fcategories&post=29397"},{"taxonomy":"post_tag","embeddable":true,"href":"https:\/\/miradordeatarfe.es\/index.php?rest_route=%2Fwp%2Fv2%2Ftags&post=29397"}],"curies":[{"name":"wp","href":"https:\/\/api.w.org\/{rel}","templated":true}]}}