{"id":29405,"date":"2019-03-03T11:46:54","date_gmt":"2019-03-03T10:46:54","guid":{"rendered":"http:\/\/miradordeatarfe.es\/?p=29405"},"modified":"2020-06-26T13:27:00","modified_gmt":"2020-06-26T11:27:00","slug":"vertigo-por-juan-alfredo-bellon","status":"publish","type":"post","link":"https:\/\/miradordeatarfe.es\/?p=29405","title":{"rendered":"V\u00c9RTIGO  por Juan Alfredo B\u00e9ll\u00f3n"},"content":{"rendered":"<p align=\"JUSTIFY\"><i><b>V\u00c9RTIGO <\/b><\/i><b>por Juan Alfredo B\u00e9ll\u00f3n <\/b><b>para\u00a0 EL MIRADOR DE ATARFE <\/b><b>del domingo 03-03-2019<\/b><!--more--><\/p>\n<p align=\"JUSTIFY\"><b> <\/b>Hay un sentimiento ag\u00f3nico que yo solo he sentido cuando me planto ante la vacuidad metaf\u00edsica del <i>folio en blanco <\/i>que ahora es<i> la vacuidad electr\u00f3nica <\/i>de la pantalla del ordenador en blanco y que,<i> <\/i><i>mutatis mutandi,<\/i> es el v\u00e9rtigo que sentimos los<i> juntaletras<\/i> cuando nos asomamos al brocal del pozo de las palabras y nos abismamos en ese vac\u00edo angustioso del qu\u00e9 escribir sobre qu\u00e9 tema manteniendo en p\u00fablico nuestro criterio, hoy que todo se lee y se critica y, sobre todo, cuando se dicen cosas con alguna sustancia y quienes se atreven a juzgarlo no la tienen (la sustancia, digo) en demas\u00eda.<\/p>\n<p align=\"JUSTIFY\"><i> <\/i>Ese vac\u00edo obsesivo vertiginoso que nos atrae y nos repele a un tiempo alej\u00e1ndonos y acerc\u00e1ndonos de la cuadratura del c\u00edrculo que es la pantalla de nuestro ordenador.<\/p>\n<p align=\"JUSTIFY\">Con todo, esta semana la tenemos buena porque el ocho es un d\u00eda se\u00f1alado e inconfundible para los granadinos: San Juan de Dios y el D\u00eda Internacional de la Mujer Trabajadora de modo que a quienes no nos pilla por un lado nos coge por otro, por \u201cel d\u00eda del Loco\u201d o por el d\u00eda de las mujeres. O sea entre la espada y la pared. Cierto es que para un aborigen de la Ciudad de los C\u00e1rmenes no hay nada como<i> lo suyo<\/i> en el mundo entero (ni el agua, ni las habas, ni el jam\u00f3n, ni el mosto, ni las mulas tordas, ni los zagales, ni las labores de fragua, ni el cobre, ni las zambomba, ni la taracea). Y seg\u00fan esa vara de medir, un santo loco y portugu\u00e9s, pero <i>grana\u00edno, es lo m\u00e1s grande del <\/i>Cielo mientras que las mujeres <i>ca una es de su roal y de su leche aunque aqu\u00ed siempre las ha hab\u00edo mu bonicas y hasta reales mozas. <\/i>Y para rematar la cuadratura del c\u00edrculo que nos abisma y nos ensimisma desde la pantalla del ordenador, el <i>tablet<\/i> o el <i>smart phone<\/i>, ahora se produce el intercambio constante de soportes y hasta el espect\u00e1culo carnavalero de que el soporte funcione como una m\u00e1scara y acabe trasvisti\u00e9ndose tambi\u00e9n de pantalla de ordenador en pantalla del televisor sobre la que podemos generar y modificar nuestros propios textos y cruzarlos con los ajenos como <i>un m\u00e9nage \u00e0 deux, \u00e0 trois, \u00e0 quatre, \u00e0 cinque ou \u00e0 tous<\/i> y as\u00ed sucesiva e interactivamente.<\/p>\n<p align=\"JUSTIFY\">Y ahora volvemos al punto de partida, sentado como estoy ante el ordenador para rematar el art\u00edculo semanal con el que debo responder a los asuntos de actualidad de los que ya van tres (San Juan de Dios, D\u00eda Internacional de las Mujeres trabajadoras y la Final del Carnaval en C\u00e1diz) solo que a estos tres argumentos se une un cuarto (la rifa de feria en que se han convertido los \u00faltimos acuerdos del Consejo de Ministros) que ya son much\u00edsimos, para un art\u00edculo de un solo folio y m\u00e1s si cada argumento lo fragmentamos es los decretos relacionados con el lugar para el eterno descanso de los huesos de Franco, la nueva normativa sobre la cuant\u00eda de los alquileres, el desarrollo de las pol\u00edticas de igualdad, anticipo ante la posible fiasco del <i>brexit<\/i>, etc.<\/p>\n<p align=\"JUSTIFY\">Esperemos que Dios premie a quien trata de gobernar desde la honradez y certifique al alza las espectativas favorables del PSOE y el diagn\u00f3stico del CIS y confunda a los l\u00edderes de la <i>derecha \u201ctrif\u00e1lica\u201d <\/i>que bastante tienen con lo que tienen incluyendo la preocupaci\u00f3n por ara\u00f1ar votos al contrario mientras ven al PSOE remontar sus espectativas. Ah, y el trueque del Prats por el de Aeropuerto Tar<i>radellas (Ya soc aqu\u00ed!) <\/i>con evidente voluntad de concordia.<\/p>\n<p align=\"JUSTIFY\"><i>De donde se desprende lo absurdo de nuestra preocupaci\u00f3n inicial. \u00bfVertigo? \u00bfHorror vacui? \u00bfNo ser\u00e1 m\u00e1s bien todo lo contrario, no ser\u00e1 horror pleni? <\/i>Ojal\u00e1 sea cierto y las urnas acaben llenas de votos constitucionalistas y de concordia por el bien de Espa\u00f1a y de Catalu\u00f1a y se termine atendiendo a la queja de los gaditanos<i>: Ay qu\u00e9 barbariades, \/ ahora tantas campa\u00f1as electorales. \/ La gente no respeta ni que estamos en Carnavales<\/i><\/p>\n<p align=\"JUSTIFY\">\n<p align=\"JUSTIFY\">FOTO: Imagen de archivo de una manifestaci\u00f3n con motivo del D\u00eda Internacional de la Mujer. (Gtres)<\/p>\n","protected":false},"excerpt":{"rendered":"<p>V\u00c9RTIGO por Juan Alfredo B\u00e9ll\u00f3n para\u00a0 EL MIRADOR DE ATARFE del domingo 03-03-2019<\/p>\n","protected":false},"author":1,"featured_media":29406,"comment_status":"closed","ping_status":"closed","sticky":false,"template":"","format":"standard","meta":{"_coblocks_attr":"","_coblocks_dimensions":"","_coblocks_responsive_height":"","_coblocks_accordion_ie_support":"","jetpack_post_was_ever_published":false,"_jetpack_newsletter_access":"","_jetpack_dont_email_post_to_subs":false,"_jetpack_newsletter_tier_id":0,"_jetpack_memberships_contains_paywalled_content":false,"_jetpack_memberships_contains_paid_content":false,"footnotes":"","jetpack_publicize_message":"","jetpack_publicize_feature_enabled":true,"jetpack_social_post_already_shared":false,"jetpack_social_options":{"image_generator_settings":{"template":"highway","default_image_id":0,"enabled":false},"version":2}},"categories":[1161,36,9,44,15],"tags":[5786,19,5281],"class_list":["post-29405","post","type-post","status-publish","format-standard","has-post-thumbnail","hentry","category-ciudadania","category-opinion-de-juan-alfredo-bellon","category-medio-ambiente","category-noticias-de-hoy","category-ultimas-noticias","tag-carnavales","tag-mujeres","tag-san-juan-de-dios"],"jetpack_publicize_connections":[],"jetpack_featured_media_url":"https:\/\/i0.wp.com\/miradordeatarfe.es\/wp-content\/uploads\/2019\/03\/dia-de-la-mujer-trabajadora-10-frases-bonitas-para-felicitar.jpg?fit=1600%2C900&ssl=1","jetpack_likes_enabled":true,"jetpack_sharing_enabled":true,"_links":{"self":[{"href":"https:\/\/miradordeatarfe.es\/index.php?rest_route=\/wp\/v2\/posts\/29405","targetHints":{"allow":["GET"]}}],"collection":[{"href":"https:\/\/miradordeatarfe.es\/index.php?rest_route=\/wp\/v2\/posts"}],"about":[{"href":"https:\/\/miradordeatarfe.es\/index.php?rest_route=\/wp\/v2\/types\/post"}],"author":[{"embeddable":true,"href":"https:\/\/miradordeatarfe.es\/index.php?rest_route=\/wp\/v2\/users\/1"}],"replies":[{"embeddable":true,"href":"https:\/\/miradordeatarfe.es\/index.php?rest_route=%2Fwp%2Fv2%2Fcomments&post=29405"}],"version-history":[{"count":1,"href":"https:\/\/miradordeatarfe.es\/index.php?rest_route=\/wp\/v2\/posts\/29405\/revisions"}],"predecessor-version":[{"id":29407,"href":"https:\/\/miradordeatarfe.es\/index.php?rest_route=\/wp\/v2\/posts\/29405\/revisions\/29407"}],"wp:featuredmedia":[{"embeddable":true,"href":"https:\/\/miradordeatarfe.es\/index.php?rest_route=\/wp\/v2\/media\/29406"}],"wp:attachment":[{"href":"https:\/\/miradordeatarfe.es\/index.php?rest_route=%2Fwp%2Fv2%2Fmedia&parent=29405"}],"wp:term":[{"taxonomy":"category","embeddable":true,"href":"https:\/\/miradordeatarfe.es\/index.php?rest_route=%2Fwp%2Fv2%2Fcategories&post=29405"},{"taxonomy":"post_tag","embeddable":true,"href":"https:\/\/miradordeatarfe.es\/index.php?rest_route=%2Fwp%2Fv2%2Ftags&post=29405"}],"curies":[{"name":"wp","href":"https:\/\/api.w.org\/{rel}","templated":true}]}}