{"id":29418,"date":"2019-03-05T10:37:29","date_gmt":"2019-03-05T09:37:29","guid":{"rendered":"http:\/\/miradordeatarfe.es\/?p=29418"},"modified":"2022-02-12T12:36:31","modified_gmt":"2022-02-12T11:36:31","slug":"i-have-a-dream-yo-tengo-un-sueno","status":"publish","type":"post","link":"https:\/\/miradordeatarfe.es\/?p=29418","title":{"rendered":"\u201cI HAVE A DREAM\u201d ( Yo tengo un sue\u00f1o&#8230;)"},"content":{"rendered":"<p style=\"text-align: justify;\">Sirva el ejemplo y salvando las distancias para declarar que en ATLETISMO ATARFE\u00a0 tambi\u00e9n tenemos un sue\u00f1o y se est\u00e1 cumpliendo<!--more--><\/p>\n<p style=\"text-align: justify;\">Yo tengo un sue\u00f1o es el nombre del discurso m\u00e1s famoso de Martin Luther King Jr. (28 de agosto de 1963, escalinatas del Monumento a Lincoln durante la Marcha en\u00a0 Washington por el trabajo y la libertad), cuando habl\u00f3 poderosa y elocuentemente de su deseo de un futuro en el cual la gente de tez negra y blanca pudiesen coexistir<br \/>\narmoniosamente y como iguales.<\/p>\n<p style=\"text-align: justify;\">Tengo dudas sobre si el sue\u00f1o de MLK se ha cumplido pero es evidente que apost\u00f3 abiertamente por ello.Sirva el ejemplo y salvando las distancias para declarar que en ATLETISMO ATARFE tambi\u00e9n tenemos un sue\u00f1o y se est\u00e1 cumpliendo.<\/p>\n<p style=\"text-align: justify;\">El sue\u00f1o no es otro que divulgar el atletismo como forma de vida, que todos los que se acercan a la pista para practicar este deporte puedan desarrollarse como atletas y personas disfrutando de esta actividad deportiva. No hay m\u00e1s que echar un vistazo a lo acontecido este fin de semana para constatar que el sue\u00f1o se est\u00e1 cumpliendo, hemos tenido atletas disputando campeonatos (de Andaluc\u00eda Sub 12 por equipos y Sub 18 individual, ambos en pista<br \/>\ncubierta y de Espa\u00f1a, Campeonato de Espa\u00f1a de Cross Escolar) y controles, con un com\u00fan denominador: <strong>disfrutando a tope.<\/strong><\/p>\n<p style=\"text-align: justify;\">Empezamos con el <strong>CAMPEONATO ANDALUC\u00cdA SUB 12 EQUIPOS, PISTA CUBIERTA<\/strong> disputado en Antequera donde por segundo a\u00f1o consecutivo presentamos equipo tanto en masculino como femenino. Los chicos han acabado 9\u00ba con 70,5 puntos, segundo equipo granadino tras Motril. Uno que sue\u00f1a con ser un buen velocista, Mario Aguilera Bol\u00edvar, se despert\u00f3 mejorando marca en 60 lisos con 9.40 y aportando 8 puntos al equipo. Adem\u00e1s tom\u00f3 parte en el relevo.<\/p>\n<p style=\"text-align: justify;\">Otro que mejora, en este caso por partida doble, es \u00c1lvaro Hern\u00e1ndez S\u00e1nchez que consigue 1:32.35 en 500 aportando 12 puntos y salta 4.01 en longitud sumando otros 10 puntos, no contento con ello tambi\u00e9n forma parte del relevo. El tercer integrante del relevo tambi\u00e9n dobla prueba, M\u00e1ximo Valverde Andr\u00e9, marca 3.43.97 en 1000 consiguiendo 7 puntos y salta altura elev\u00e1ndose hasta 1.00 m. y adicionando 8.5 puntos a la cuenta de resultados de nuestro club. Completa el relevo Mohamed Rayan Redouane El Ghoufairi, atleta valiente que se atrevi\u00f3 con el 60 vallas registrando 12.57 y dando 3 puntos al colectivo y con el salto de longitud con p\u00e9rtiga desplaz\u00e1ndose 2.31 m y metiendo 3 puntos m\u00e1s al casillero.<\/p>\n<p style=\"text-align: justify;\">Completan equipo Yabir El Haitali Laguna que lanza 5.58 en peso que suponen 6 puntos. En cuanto al relevo, especialidad de ATLETISMO ATARFE, nos arroja 13 puntos merced al tiempo de 2.10.49 para las cuatro vueltas a la pista.<\/p>\n<p style=\"text-align: justify;\"><a href=\"https:\/\/i0.wp.com\/miradordeatarfe.es\/wp-content\/uploads\/2019\/03\/Pe%C3%B1a-Sub-18-2019.jpeg?ssl=1\"><img data-recalc-dims=\"1\" loading=\"lazy\" decoding=\"async\" class=\"size-medium wp-image-29421 aligncenter\" src=\"https:\/\/i0.wp.com\/miradordeatarfe.es\/wp-content\/uploads\/2019\/03\/Pe%C3%B1a-Sub-18-2019.jpeg?resize=300%2C225&#038;ssl=1\" alt=\"\" width=\"300\" height=\"225\" srcset=\"https:\/\/i0.wp.com\/miradordeatarfe.es\/wp-content\/uploads\/2019\/03\/Pe%C3%B1a-Sub-18-2019.jpeg?resize=300%2C225&amp;ssl=1 300w, https:\/\/i0.wp.com\/miradordeatarfe.es\/wp-content\/uploads\/2019\/03\/Pe%C3%B1a-Sub-18-2019.jpeg?resize=768%2C576&amp;ssl=1 768w, https:\/\/i0.wp.com\/miradordeatarfe.es\/wp-content\/uploads\/2019\/03\/Pe%C3%B1a-Sub-18-2019.jpeg?resize=1024%2C768&amp;ssl=1 1024w, https:\/\/i0.wp.com\/miradordeatarfe.es\/wp-content\/uploads\/2019\/03\/Pe%C3%B1a-Sub-18-2019.jpeg?resize=600%2C450&amp;ssl=1 600w, https:\/\/i0.wp.com\/miradordeatarfe.es\/wp-content\/uploads\/2019\/03\/Pe%C3%B1a-Sub-18-2019.jpeg?w=1600&amp;ssl=1 1600w, https:\/\/i0.wp.com\/miradordeatarfe.es\/wp-content\/uploads\/2019\/03\/Pe%C3%B1a-Sub-18-2019.jpeg?w=1280&amp;ssl=1 1280w\" sizes=\"auto, (max-width: 300px) 100vw, 300px\" \/><\/a><br \/>\nEn cuanto a las chicas cumplen con 50.5 puntos y un 19\u00ba puesto gracias a la contribuci\u00f3n de Elena Lucena Ruiz que cubre velozmente los 60 metros lisos en 9.87 (5 puntos) y salta hasta 2.84 en longitud (otros 5 puntos) adem\u00e1s de formar parte del relevo; Alejandra Herrera Rivera que dobla corriendo el 500 en 1:43.68 (11 puntos) y<br \/>\nparticipando en el relevo; Elisabeth Lopez Lafuente que corre el 1000 en 4:07.24 (4 puntos) y hace el relevo; Carolina Lozano Alejo que corre las vallas en 11.85 (5 puntos) y salta altura llegando hasta 0.95 (3,5 puntos) m\u00e1s el relevo; Leire P\u00e9rez Cano que lanza el peso consiguiendo 3.85 (4 puntos); Mar\u00eda \u00c1ngeles Fern\u00e1ndez Requena que hace longitud con p\u00e9rtiga cubriendo un espacio de 2.58 (6 puntos), mientras el relevo consigue 7 puntos haciendo un crono de 2.22.00.<\/p>\n<p style=\"text-align: justify;\">\n<strong>CAMPEONATO ANDALUCIA INDIVIDUAL SUB 18<\/strong>.-<\/p>\n<p style=\"text-align: justify;\">Velocistas, lanzador y medio fondista han sido nuestras credenciales en este campeonato. Comenzando por los m\u00e1s r\u00e1pidos destacar la doble presencia en final de Celia Mart\u00edn Santiago que en primer lugar se gan\u00f3 el puesto para la de 60 lisos haciendo marca personal con 8.32 y<br \/>\nquedarse en 8.42 en la final y 8\u00ba puesto. En el doble hect\u00f3metro nueva marca personal, 27.46, para ganarse una calle en la final donde ya algo m\u00e1s cansada marca 27.58 y otro 8\u00ba puesto. En todo caso, enorme \u00e9xito de Celia que mejora marca en ambas distancias y se cuela entre las 8 mejores.<\/p>\n<p style=\"text-align: justify;\">Le acompa\u00f1a en ambas distancias su inseparable compa\u00f1era de entrenamientos Elena Maroto Rica que s\u00f3lo con haberse ganado el derecho a participar en el campeonato gracias a haber conseguido las m\u00ednimas exigidas para ello se puede considerar un gran \u00e9xito, en la competici\u00f3n hace 8.42 en 60 y 28.90 en 200.<\/p>\n<p style=\"text-align: justify;\">Como no puede hacer dos sin tres, Antonio Pe\u00f1a Galindo tambi\u00e9n dobla en las dos pruebas de velocidad, de entrada al igual que en el caso de Elena estar ah\u00ed ya es un \u00e9xito, consigue 7.84 en 60 y 25.42 en 200 metros.<br \/>\nNuestro lanzador David Gonzalez Arribas es 9\u00ba en peso con 10.30 y el medio fondista Jes\u00fas Zamora Tortosa se clasifica fenomenal 6\u00ba en 1500 con una importante rebaja en su marca personal, 4.19.25.<\/p>\n<p style=\"text-align: justify;\"><a href=\"https:\/\/i0.wp.com\/miradordeatarfe.es\/wp-content\/uploads\/2019\/03\/SUB14a.jpeg?ssl=1\"><img data-recalc-dims=\"1\" loading=\"lazy\" decoding=\"async\" class=\"size-medium wp-image-29422 aligncenter\" src=\"https:\/\/i0.wp.com\/miradordeatarfe.es\/wp-content\/uploads\/2019\/03\/SUB14a.jpeg?resize=300%2C225&#038;ssl=1\" alt=\"\" width=\"300\" height=\"225\" srcset=\"https:\/\/i0.wp.com\/miradordeatarfe.es\/wp-content\/uploads\/2019\/03\/SUB14a.jpeg?resize=300%2C225&amp;ssl=1 300w, https:\/\/i0.wp.com\/miradordeatarfe.es\/wp-content\/uploads\/2019\/03\/SUB14a.jpeg?resize=768%2C576&amp;ssl=1 768w, https:\/\/i0.wp.com\/miradordeatarfe.es\/wp-content\/uploads\/2019\/03\/SUB14a.jpeg?resize=1024%2C768&amp;ssl=1 1024w, https:\/\/i0.wp.com\/miradordeatarfe.es\/wp-content\/uploads\/2019\/03\/SUB14a.jpeg?resize=600%2C450&amp;ssl=1 600w, https:\/\/i0.wp.com\/miradordeatarfe.es\/wp-content\/uploads\/2019\/03\/SUB14a.jpeg?w=1600&amp;ssl=1 1600w, https:\/\/i0.wp.com\/miradordeatarfe.es\/wp-content\/uploads\/2019\/03\/SUB14a.jpeg?w=1280&amp;ssl=1 1280w\" sizes=\"auto, (max-width: 300px) 100vw, 300px\" \/><\/a><br \/>\n<strong>CONTROL FEDERATIVO SUB 16 PISTA CUBIERTA<\/strong>, Antequera<\/p>\n<p style=\"text-align: justify;\">\nSi hay un sue\u00f1o que tienen todos los atletas es el de mejorar marca cada vez que saltan a la pista, este domingo ha cumplido este sue\u00f1o varios de los participantes en este control. Empezamos por uno que lo ha hecho por partida doble, Pablo Lozano Alejo, atleta al que se augura un brillante futuro como combinero pues todo lo hace bien,<br \/>\nen esta ocasi\u00f3n se ha marcado unos tiempazos tanto en 60 lisos con 7.73 (13\u00ba del ranking andaluz anual) como en 300 con 41.91 (32 del ranking).<\/p>\n<p style=\"text-align: justify;\">Seguimos con otro que un invierno at\u00edpico dedicado al cross e incluso haciendo hace tres d\u00edas un 3000 vuelve a su esencia, el medio fondo corto, y consigue m\u00ednima andaluza en 600 con un crono de 1.32.80 cerca de su mejor crono al aire libre (6\u00ba del ranking andaluz).<\/p>\n<p style=\"text-align: justify;\">Tambi\u00e9n mejoran Angel Torres Villalba en la prueba de 1000 haciendo un notable tiempo de 3:12.25 adem\u00e1s con zapatillas lisas y Adri\u00e1n L\u00f3pez Lafuente en 300 con 43.58, marcando adem\u00e1s 8.55 en 60 lisos.<\/p>\n<p style=\"text-align: justify;\">Completa actuaci\u00f3n de ATLETISMO ATARFE Laura Aguilera Bolivar que hace 8.82 en 60 lisos y 50.13 en 300.<br \/>\nCAMPEONATO ESPA\u00d1A CSD DE CAMPO A TRAV\u00c9S SUB 18, VILLAMANRIQUE DE LA CONDESA.<\/p>\n<p style=\"text-align: justify;\">8\u00ba puesto para Manuel Jim\u00e9nez L\u00f3pez, primer andaluz, en una prueba en la que no pudo seguir el fuerte ritmo de la cabeza de carrera y hubo de conformarse con luchar por un puesto entre el TOP 10, si bien a su favor hay<br \/>\nque decir que sigue estando entre los mejores especialistas de Espa\u00f1a y si persevera en el esfuerzo y tiene continuidad muy pronto ver\u00e1 cumplido su sue\u00f1o que es ver una medalla nacional colgando de su cuello.<br \/>\nTerminamos cr\u00f3nica con la participaci\u00f3n de Carlos Lucena en la media de \u201csu pueblo\u201d, Lucena, con un buen tiempo de 1 h.25.38, 44\u00ba clasificado y 12 de su categor\u00eda.<\/p>\n<p>MANUEL JIMENEZ<\/p>\n<p>&nbsp;<\/p>\n","protected":false},"excerpt":{"rendered":"<p>Sirva el ejemplo y salvando las distancias para declarar que en ATLETISMO ATARFE\u00a0 tambi\u00e9n tenemos&#8230;<\/p>\n","protected":false},"author":1,"featured_media":29420,"comment_status":"closed","ping_status":"closed","sticky":false,"template":"","format":"standard","meta":{"_coblocks_attr":"","_coblocks_dimensions":"","_coblocks_responsive_height":"","_coblocks_accordion_ie_support":"","jetpack_post_was_ever_published":false,"_jetpack_newsletter_access":"","_jetpack_dont_email_post_to_subs":false,"_jetpack_newsletter_tier_id":0,"_jetpack_memberships_contains_paywalled_content":false,"_jetpack_memberships_contains_paid_content":false,"footnotes":"","jetpack_publicize_message":"","jetpack_publicize_feature_enabled":true,"jetpack_social_post_already_shared":false,"jetpack_social_options":{"image_generator_settings":{"template":"highway","default_image_id":0,"enabled":false},"version":2}},"categories":[2,182,186,6915,44,15],"tags":[81,5514,123],"class_list":["post-29418","post","type-post","status-publish","format-standard","has-post-thumbnail","hentry","category-atarfe","category-deportes","category-instituciones","category-opinion-de-manuel-jimenez","category-noticias-de-hoy","category-ultimas-noticias","tag-atarfe","tag-atletismo-atarfe","tag-deportes"],"jetpack_publicize_connections":[],"jetpack_featured_media_url":"https:\/\/i0.wp.com\/miradordeatarfe.es\/wp-content\/uploads\/2019\/03\/Sub-12-antequera-2019.jpeg?fit=1600%2C900&ssl=1","jetpack_likes_enabled":true,"jetpack_sharing_enabled":true,"_links":{"self":[{"href":"https:\/\/miradordeatarfe.es\/index.php?rest_route=\/wp\/v2\/posts\/29418","targetHints":{"allow":["GET"]}}],"collection":[{"href":"https:\/\/miradordeatarfe.es\/index.php?rest_route=\/wp\/v2\/posts"}],"about":[{"href":"https:\/\/miradordeatarfe.es\/index.php?rest_route=\/wp\/v2\/types\/post"}],"author":[{"embeddable":true,"href":"https:\/\/miradordeatarfe.es\/index.php?rest_route=\/wp\/v2\/users\/1"}],"replies":[{"embeddable":true,"href":"https:\/\/miradordeatarfe.es\/index.php?rest_route=%2Fwp%2Fv2%2Fcomments&post=29418"}],"version-history":[{"count":2,"href":"https:\/\/miradordeatarfe.es\/index.php?rest_route=\/wp\/v2\/posts\/29418\/revisions"}],"predecessor-version":[{"id":29423,"href":"https:\/\/miradordeatarfe.es\/index.php?rest_route=\/wp\/v2\/posts\/29418\/revisions\/29423"}],"wp:featuredmedia":[{"embeddable":true,"href":"https:\/\/miradordeatarfe.es\/index.php?rest_route=\/wp\/v2\/media\/29420"}],"wp:attachment":[{"href":"https:\/\/miradordeatarfe.es\/index.php?rest_route=%2Fwp%2Fv2%2Fmedia&parent=29418"}],"wp:term":[{"taxonomy":"category","embeddable":true,"href":"https:\/\/miradordeatarfe.es\/index.php?rest_route=%2Fwp%2Fv2%2Fcategories&post=29418"},{"taxonomy":"post_tag","embeddable":true,"href":"https:\/\/miradordeatarfe.es\/index.php?rest_route=%2Fwp%2Fv2%2Ftags&post=29418"}],"curies":[{"name":"wp","href":"https:\/\/api.w.org\/{rel}","templated":true}]}}