{"id":29464,"date":"2019-03-08T11:40:52","date_gmt":"2019-03-08T10:40:52","guid":{"rendered":"http:\/\/miradordeatarfe.es\/?p=29464"},"modified":"2019-03-06T13:09:39","modified_gmt":"2019-03-06T12:09:39","slug":"de-ana-orantes-a-laura-luelmo-dos-decadas-de-cambios-en-la-justicia-2","status":"publish","type":"post","link":"https:\/\/miradordeatarfe.es\/?p=29464","title":{"rendered":"De Ana Orantes a Laura Luelmo: dos d\u00e9cadas de cambios en la justicia"},"content":{"rendered":"<p class=\"articulo-subtitulo\" style=\"text-align: justify;\">Casos y resoluciones judiciales han servido para mejorar la legislaci\u00f3n espa\u00f1ola en el \u00e1mbito de la violencia de g\u00e9nero. Juristas expertas en la materia repasan algunos hitos<!--more--><\/p>\n<div id=\"articulo_contenedor\" class=\"articulo__contenedor\">\n<div id=\"cuerpo_noticia\" class=\"articulo-cuerpo\">\n<p style=\"text-align: justify;\">\u00abC\u00f3mo olvidar a <a href=\"https:\/\/elpais.com\/politica\/2017\/11\/24\/actualidad\/1511555347_113200.html\" target=\"_blank\" rel=\"noopener\">Ana Orantes<\/a>\u00ab. Esa frase es la primera que pronuncia Flor de Torres cuando arranca a hablar sobre c\u00f3mo ha cambiado la mirada de la justicia en la lucha contra la violencia de g\u00e9nero, sobre cu\u00e1nto queda por hacer. La fiscal delegada de esta \u00e1rea en Andaluc\u00eda desde hace 15 a\u00f1os sit\u00faa ah\u00ed la g\u00e9nesis: \u00abLo que hab\u00eda antes de Ana Orantes y lo que hubo despu\u00e9s. Supuso una catarsis que reactiv\u00f3 el movimiento feminista de Espa\u00f1a y que desencaden\u00f3 un cambio social con consecuencias muy positivas a todos los niveles\u00bb. Era 17 de diciembre de 1997 cuando Jos\u00e9 Parejo, el exmarido de Orantes, <em>la quem\u00f3 viva roci\u00e1ndola con gasolina y prendiendo un mechero<\/em>. Solo 13 d\u00edas antes la mujer se hab\u00eda sentado en el plat\u00f3 del programa de Canal Sur <em>De tarde en tarde<\/em> para contarle a Irma Soriano los 40 a\u00f1os de palizas, amenazas, torturas, humillaciones, insultos y vejaciones que hab\u00edan sufrido ella y sus hijos, las 15 denuncias que hab\u00eda puesto, y el fallo judicial cuando se divorciaron un a\u00f1o antes que los oblig\u00f3 a seguir viviendo juntos, en un chalet en el pueblo granadino de C\u00fallar Vega.<\/p>\n<div id=\"elpais_gpt-INTEXT\" style=\"text-align: justify;\" data-google-query-id=\"CMiBgMyc7eACFfNgFQgdaB0OfQ\">\n<div id=\"google_ads_iframe_\/7811748\/elpais_web\/sociedad\/intext_0__container__\"><iframe id=\"google_ads_iframe_\/7811748\/elpais_web\/sociedad\/intext_0\" title=\"3rd party ad content\" name=\"google_ads_iframe_\/7811748\/elpais_web\/sociedad\/intext_0\" width=\"1\" height=\"1\" frameborder=\"0\" marginwidth=\"0\" marginheight=\"0\" scrolling=\"no\" data-google-container-id=\"9\" data-load-complete=\"true\" data-mce-fragment=\"1\"><\/iframe><\/div>\n<\/div>\n<p style=\"text-align: justify;\">Hoy, dice de Torres, \u00abser\u00eda inveros\u00edmil que sucediera aquello\u00bb. Hasta aquel momento la violencia machista hab\u00eda sido normalizada por la sociedad, en los medios de comunicaci\u00f3n se hablaba de cr\u00edmenes pasionales e incluso se hac\u00edan <em>sketches<\/em> de humor, las familias callaban y las v\u00edctimas lo asum\u00edan y lo ocultaban. Todav\u00eda, tras el brutal asesinato, Francisco \u00c1lvarez-Cascos, vicepresidente del Gobierno de Jos\u00e9 Mar\u00eda Aznar en esa fecha, lo defini\u00f3 como \u00abun caso aislado obra de un exc\u00e9ntrico\u00bb. Pero Orantes fue la v\u00edctima n\u00famero 59 de aquel a\u00f1o y su testimonio, en directo, puso rostro a<em> la violencia de g\u00e9nero<\/em>, por primera vez de forma p\u00fablica. \u00abAs\u00ed fue como la sociedad espa\u00f1ola y los medios en general empezaron a despertar y a hacer presi\u00f3n\u00bb, apunta De Torres.<\/p>\n<p style=\"text-align: justify;\">Tambi\u00e9n as\u00ed fue como comenzaron una serie debates y de cambios legislativos que en dos d\u00e9cadas han colocado a Espa\u00f1a como uno de los pa\u00edses m\u00e1s avanzados en este \u00e1mbito, seg\u00fan la opini\u00f3n de expertas y organizaciones internacionales; y seg\u00fan la legislaci\u00f3n vigente: <a href=\"https:\/\/elpais.com\/diario\/2004\/10\/08\/sociedad\/1097186401_850215.html\" target=\"_blank\" rel=\"noopener\">la ley integral contra la violencia de g\u00e9nero de 2004<\/a>, <a href=\"https:\/\/elpais.com\/sociedad\/2011\/05\/11\/actualidad\/1305064808_850215.html\" target=\"_blank\" rel=\"noopener\">la ratificaci\u00f3n del Convenio de Estambul en 2014<\/a> y <a href=\"https:\/\/elpais.com\/politica\/2018\/07\/31\/actualidad\/1533067861_671843.html\" target=\"_blank\" rel=\"noopener\">el Pacto de Estado de 2017<\/a>. Despu\u00e9s de Ana Orantes, otros muchos nombres han impulsado reformas legales y han servido de trampol\u00edn para la transformaci\u00f3n social. Aqu\u00ed, juristas y abogadas hacen un repaso a los casos y las sentencias que han contribuido a cambiar el panorama legislativo en los \u00faltimos 20 a\u00f1os.<\/p>\n<h3 style=\"text-align: justify;\">La orden de alejamiento y la violencia psicol\u00f3gica, 1999<\/h3>\n<p style=\"text-align: justify;\">El asesinato de Orantes fue, seg\u00fan Flor de Torres, \u00abun disparo social y medi\u00e1tico\u00bb. \u00abLa incomprensi\u00f3n de la sociedad respecto algunas decisiones de la justicia inici\u00f3 un camino de cambios que, desgraciadamente, siguen sucediendo tras algunas resoluciones, aunque a veces, como en este caso, no fuesen inmediatos\u00bb, apunta refiri\u00e9ndose a la existencia todav\u00eda de fallos pol\u00e9micos que abren el debate sobre la protecci\u00f3n de las v\u00edctimas por parte de la justicia. Aunque, asegura, \u00abson los menos\u00bb.<\/p>\n<p style=\"text-align: justify;\">En 1999 <a href=\"https:\/\/elpais.com\/diario\/1999\/04\/30\/sociedad\/925423202_850215.html\" target=\"_blank\" rel=\"noopener\">se hizo una reforma del C\u00f3digo Penal y la Ley de Enjuiciamiento Criminal<\/a> que introdujo la persecuci\u00f3n de oficio de los malos tratos (sin que hubiese denuncia por parte de la agredida), la violencia psicol\u00f3gica como delito y las \u00f3rdenes de alejamiento. En el art\u00edculo 48 se prohib\u00eda aproximarse o comunicarse con la v\u00edctima, sus familiares u otras personas que los tribunales dictaminasen por cualquier medio. Despu\u00e9s, ese art\u00edculo fue ampli\u00e1ndose. En 2003 incluy\u00f3 que, cuando se fijara una orden de alejamiento, tambi\u00e9n quedase suspendido respecto a los hijos (si los hab\u00eda) \u00abel r\u00e9gimen de visitas, comunicaci\u00f3n y estancia que, en su caso, se hubiere reconocido en sentencia civil hasta el total cumplimiento de esta pena\u00bb; y la posibilidad de que el control de esas medidas se realizara a trav\u00e9s de medios electr\u00f3nicos. Y en 2015 se redactaron medidas especiales para la protecci\u00f3n de las v\u00edctimas con discapacidad intelectual.<\/p>\n<h3 style=\"text-align: justify;\">La orden de protecci\u00f3n, 2003<a name=\"sumario_1\"><\/a><\/h3>\n<p style=\"text-align: justify;\">En verano de 2003 se modific\u00f3 la Ley de Enjuiciamiento Criminal y en el BOE se public\u00f3 una nueva ley para regular las \u00f3rdenes de protecci\u00f3n. El objetivo era que los jueces pudiesen adoptar medidas civiles y penales provisionales, en un plazo m\u00e1ximo de 72 horas, despu\u00e9s de recibir una denuncia por violencia machista. \u00abSupondr\u00e1, a su vez, que las distintas Administraciones p\u00fablicas, estatal, auton\u00f3mica y local, activen inmediatamente los instrumentos de protecci\u00f3n social establecidos en sus respectivos sistemas jur\u00eddicos. En ello consiste, precisamente, su elemento m\u00e1s innovador\u00bb, rez\u00f3 el texto de la nueva norma publicado el 31 de julio de 2003.<\/p>\n<p style=\"text-align: justify;\">Ocho meses despu\u00e9s,<em> Encarnaci\u00f3n Rubio se convirti\u00f3 en la primera v\u00edctima de violencia machista con orden de protecci\u00f3n<\/em> despu\u00e9s de haber denunciado. En el mismo pueblo donde Jos\u00e9 Parejo quem\u00f3 a Ana Orantes, C\u00fallar-Vega, Francisco Jim\u00e9nez atropell\u00f3 tres veces a la que todav\u00eda era su mujer en abril de 2004. Hasta aquel momento se hab\u00edan dictado alrededor de 7.800 \u00f3rdenes de protecci\u00f3n, pero una sola v\u00edctima fue suficiente para que se abriera el debate sobre la falta de coordinaci\u00f3n policial y judicial\u00a0\u2014errores que permitieron que Jim\u00e9nez se acercase a la mujer\u2014 y la ausencia de formaci\u00f3n y concienciaci\u00f3n en torno a la violencia de g\u00e9nero que hab\u00eda en casi todos los profesionales que interven\u00edan.<\/p>\n<p style=\"text-align: justify;\">La Ley de Violencia de G\u00e9nero, 2004<a name=\"sumario_3\"><\/a>\u00abFue una revoluci\u00f3n absoluta. Casi una esquizofrenia legislativa&#8230;\u00bb. La fiscal Flor de Torres recuerda la aprobaci\u00f3n de la Ley de Violencia de G\u00e9nero como un salto impensable pocos a\u00f1os antes. \u00abAquella ley pionera a nivel mundial produjo un cambio radical a la hora de ver y tratar la violencia machista a todos los niveles\u00bb. La norma fue aprobada el 7 de octubre de 2004 <em>por unanimidad del Congreso \u2014320 votos emitidos,<\/em> 320 s\u00edes\u2014 y era la primera legislaci\u00f3n europea espec\u00edfica en este \u00e1mbito. Se crearon los juzgados de violencia contra la mujer, se implantaron ayudas para las v\u00edctimas y se incluyeron medidas judiciales, laborales y educativas. Adem\u00e1s, se prohibi\u00f3 la publicidad vejatoria y, en medio de una fuerte pol\u00e9mica, se <em>incluyeron agravantes penales para los agresores cuando fuesen hombres,<\/em> despu\u00e9s ampliados a la persona que maltratase a otra si esta era \u00abespecialmente vulnerable\u00bb y conviv\u00edan, entre otras muchas medidas.<\/p>\n<h3 style=\"text-align: justify;\">El agravante de g\u00e9nero y las listas paritarias, 2008<\/h3>\n<p style=\"text-align: justify;\">Octavio Salazar, jurista experto en derecho constitucional y feminista, hace hincapi\u00e9 en \u00abla reacci\u00f3n judicial\u00bb que provoc\u00f3 la introducci\u00f3n de aquel agravante, para el que se modific\u00f3 el art\u00edculo 153.1 del C\u00f3digo Penal y que provoc\u00f3 que el Tribunal Constitucional recibiera m\u00e1s de 200 cuestiones de inconstitucionalidad. Aquello se zanj\u00f3 el 13 de mayo de 2008 con siete votos a favor y cinco en contra de la constitucionalidad. \u00abLa cuesti\u00f3n es c\u00f3mo la igualdad y la protecci\u00f3n de las mujeres pudieron levantar aquel revuelo\u00bb, dice Salazar. Se pregunta si realmente hab\u00eda quien no percib\u00eda la profunda desigualdad que exist\u00eda\u00a0\u2014\u00bby existe\u00bb\u2014 entre hombres y mujeres, y el patr\u00f3n claro de una violencia continua contra estas \u00faltimas.<\/p>\n<p style=\"text-align: justify;\">La sentencia que lo resolvi\u00f3, dice el jurista, \u00abfue la primera en la que se consider\u00f3 una diferenciaci\u00f3n normativa, sostenida por una arraigada desigualdad estructural\u00bb. El tribunal fundament\u00f3 ese \u00abtrato diferenciado\u00bb en la de idea de que no vale perseguir la igualdad con \u00abmeras formalidades\u00bb. \u00ab\u00bfCu\u00e1les son los obst\u00e1culos que impiden a las mujeres disfrutar de lo mismo que los hombres? Ah\u00ed hay que ir, eso hay que cambiar\u00bb. Aquel mismo a\u00f1o, y tambi\u00e9n con ese objetivo, el mismo \u00f3rgano <a href=\"https:\/\/elpais.com\/elpais\/2019\/01\/25\/media\/1548444489_087188.html\" target=\"_blank\" rel=\"noopener\"><strong>desestim\u00f3<\/strong><\/a> el recurso de inconstitucionalidad que present\u00f3 el Partido Popular contra las listas electorales paritarias que se recogen en la Ley de Igualdad, aprobada en 2007. Para Salazar, ambas sentencias del alto tribunal introducen \u00abuna doctrina jur\u00eddica casi revolucionaria, porque nunca antes hab\u00eda abordado la igualdad de g\u00e9nero desde esta perspectiva, la de g\u00e9nero\u00bb.<\/p>\n<h3 style=\"text-align: justify;\">La primera menor v\u00edctima directa de violencia machista, 2014<\/h3>\n<p style=\"text-align: justify;\">Cuenta Flor de Torres, la fiscal delegada de Andaluc\u00eda para la violencia de g\u00e9nero, que no pasa un solo d\u00eda en el que no recuerde a Leonor: \u00abFue la primera v\u00edctima menor legal y directa de la violencia machista. Gracias a ella hoy se reconocen, contabilizan y nombran a los y las menores asesinados para multiplicar por mil el dolor de la madre\u00bb. A Leonor, que ten\u00eda siete a\u00f1os, la asesin\u00f3 su padre el 31 de marzo de 2013, en una de las visitas que el juez hab\u00eda estipulado tras la separaci\u00f3n de ambos progenitores, despu\u00e9s de que \u00e9l fuese condenado por amenazas. De Torres batall\u00f3 durante casi un a\u00f1o por que el asesinato de la peque\u00f1a no se considerase violencia dom\u00e9stica. En 2014 un auto de la Audiencia de M\u00e1laga le dio la raz\u00f3n: \u00abA partir de ah\u00ed no solo cambi\u00f3 la perspectiva de la violencia contra los menores, tambi\u00e9n las leyes. Se sent\u00f3 jurisprudencia\u00bb. \u00abFue rapid\u00edsimo\u00bb, espeta De Torres, que recuerda que en septiembre del a\u00f1o siguiente entr\u00f3 en vigor la <strong>Ley de Protecci\u00f3n de la Infancia y la Adolescencia,<\/strong> \u00abque avalaba a los menores como v\u00edctimas de violencia de g\u00e9nero\u00bb.<\/p>\n<h3 style=\"text-align: justify;\">El Estado como responsable de la violencia machista, 2018<\/h3>\n<p style=\"text-align: justify;\">Andrea, la hija de \u00c1ngela Gonz\u00e1lez, fue asesinada una d\u00e9cada antes que Leonor. Tambi\u00e9n ten\u00eda siete a\u00f1os y tambi\u00e9n lo hizo su padre, separado de su madre. Viviana Waisman, la presidenta de Women&#8217;s Link, la organizaci\u00f3n que represent\u00f3 a Gonz\u00e1lez, cuenta que ella hab\u00eda denunciado en muchas ocasiones el peligro que la ni\u00f1a corr\u00eda con el progenitor, \u00abpero un juzgado la oblig\u00f3 a acatar un r\u00e9gimen de visitas no supervisado\u00bb. En una de esas visitas asesin\u00f3 a la ni\u00f1a y se suicid\u00f3. En ese momento, \u00ab\u00c1ngela inici\u00f3 un largo proceso judicial de m\u00e1s de 15 a\u00f1os para demostrar la responsabilidad del Estado espa\u00f1ol en la muerte de su hija\u00bb. Women&#8217;s Link y Gonz\u00e1lez llevaron el caso ante el Comit\u00e9 <span class=\"st\">de Naciones Unidas para la Eliminaci\u00f3n de la Discriminaci\u00f3n contra la Mujer (CEDAW)<\/span>: en 2014 le dio la raz\u00f3n y conden\u00f3 a Espa\u00f1a y dict\u00f3 una serie de medidas. \u00abEspa\u00f1a se neg\u00f3 a cumplirlas\u00bb, recuerda Waisman. \u00ab\u00c1ngela tuvo que litigar otros cuatro a\u00f1os exigiendo que se cumpliera ese dictamen hasta que,<em> hace unos meses, en julio de 2018, el Tribunal Supremo<\/em> le dio la raz\u00f3n y conden\u00f3 a Espa\u00f1a por el asesinato de su hija\u00bb.<\/p>\n<p style=\"text-align: justify;\">La sentencia de este caso, seg\u00fan la jurista, es hist\u00f3rica: \u00abNo solo por la reparaci\u00f3n que supone para \u00c1ngela, a quien el Estado debe indemnizar, sino porque por primera vez se reconoce que un Estado puede ser responsable por la violencia de g\u00e9nero si no pone los medios a su alcance para evitarla\u00bb. Adem\u00e1s, la sentencia, al reconocer que el dictamen del CEDAW es vinculante, reconoce la obligaci\u00f3n del Estado de cumplir con los est\u00e1ndares internacionales. Algo que para Waisman tiene un alto impacto en el trabajo de quienes se dedican a la.defensa de los derechos humanos: \u00abPorque podr\u00e1n usarla como precedente cuando necesiten exigir al Estado que se apliquen dict\u00e1menes internacionales\u00bb.<\/p>\n<h3 style=\"text-align: justify;\">La violencia machista m\u00e1s all\u00e1 de las parejas o exparejas, 2016<a name=\"sumario_9\"><\/a><\/h3>\n<p style=\"text-align: justify;\">Diana Quer y Laura Luelmo fueron atacadas, retenidas, violadas y asesinadas por hombres que no conoc\u00edan. \u00abDesaparici\u00f3n forzada con m\u00f3vil sexual\u00bb, define Luc\u00eda Avil\u00e9s, de la Asociaci\u00f3n de Mujeres Juezas de Espa\u00f1a. Quer desapareci\u00f3 a mediados de agosto de 2016 y se encontr\u00f3 su cad\u00e1ver el 31 de diciembre de 2017;<strong> de Luelmo no se supo nada durante cinco d\u00edas,<\/strong> entre el 12 y el 17 de diciembre de 2018. Primero Quer y luego Luelmo abrieron con fuerza el debate sobre el concepto de v\u00edctima: \u00abSe plantea ampliar ese concepto dentro de los par\u00e1metros del Pacto de Estado contra la Violencia de G\u00e9nero y el Convenio de Estambul (el acuerdo europeo para luchar contra la violencia machista), que ya hab\u00edamos ratificado\u00bb. Explica Avil\u00e9s que la violencia, en cualquiera de sus formas, afecta desproporcionadamente a las mujeres solo por el hecho de serlo y cualquier normativa deber\u00eda ajustarse a esa realidad: \u00abDesde 2016, tanto la Delegaci\u00f3n del Gobierno para la Violencia de G\u00e9nero como el Observatorio se comprometieron a recoger datos de otras formas de violencias machistas y el Consejo General del Poder Judicial dio el paso y empez\u00f3 a hablar de feminicidios despu\u00e9s de estudiar varias sentencias de 2016\u00bb.<\/p>\n<p style=\"text-align: justify;\">Desde el pasado 1 de octubre, la Delegaci\u00f3n recoge datos de forma oficial para confeccionar una nueva estad\u00edstica de violencia machista en paralelo a la existente. \u00abHay que preguntarse por qu\u00e9 desde 2014 que ratificamos el Convenio de Estambul no se ha adaptado nuestro ordenamiento jur\u00eddico, por qu\u00e9 estas resistencias, \u00bfestamos preparados como sociedad para enfrentarnos a las cifras que habr\u00eda si contabiliz\u00e1ramos todas las formas de violencia [mutilaci\u00f3n genital femenina, violencia econ\u00f3mica, trata, prostituci\u00f3n, matrimonios forzados&#8230;]?\u00bb. Avil\u00e9s se decanta por la diligencia debida, un concepto jur\u00eddico recogido en el Derecho Internacional: \u00abDetermina que el Estado tiene que asumir compromisos para protegener intereses o bienes jur\u00eddicos relevantes. En este caso, se tratar\u00eda de cumplir los compromisos a nivel mundial asumidos en materia de g\u00e9nero\u00bb.<\/p>\n<h3 style=\"text-align: justify;\">La revisi\u00f3n de los delitos sexuales en el C\u00f3digo Penal, 2018<\/h3>\n<p style=\"text-align: justify;\">La madrugada del 7 de julio de 2016 cinco hombres abusaron de una chica de 18 a\u00f1os en un portal de Pamplona. Lo que sucedi\u00f3 aquella primera noche de sanfermines se convirti\u00f3 en uno de los casos m\u00e1s medi\u00e1ticos en la historia espa\u00f1ola, <strong><em>el caso de La Manada.<\/em><\/strong> Desde aquel d\u00eda, la historia y el procedimiento judicial, inacabado, \u00abevidenciaron una visi\u00f3n machista de la justicia y pusieron de manifiesto, m\u00e1s que nunca, la necesidad de juzgar desde una perspectiva de g\u00e9nero\u00bb, apunta Mar\u00eda Andr\u00e9s, abogada de familia y feminista. Los cinco hombres, condenados a nueve a\u00f1os por abuso sexual con prevalimiento, esperan ahora en libertad la decisi\u00f3n del Tribunal Supremo, despu\u00e9s de pasar por la Audiencia Provincial de Navarra y el Tribunal Superior de Justicia de la comunidad foral, cuyas decisiones provocaron manifestaciones y protestas en las calles, en las redes sociales, en los medios e, incluso, a nivel pol\u00edtico e internacional.<\/p>\n<p style=\"text-align: justify;\"><strong>El tratamiento de la v\u00edctima durante el juicio<\/strong><strong> y la calificaci\u00f3n del delito<\/strong> \u2014si era abuso, sin violencia o intimidaci\u00f3n, o agresi\u00f3n sexual, con abuso o intimidaci\u00f3n\u2014 fueron los detonantes de las movilizaciones. M\u00aa Eug\u00e8nia Gay, decana del Colegio de la Abogac\u00eda de Barcelona (ICAB), habla de la \u00abfractura entre el sentimiento popular de la ciudadan\u00eda y el sistema judicial\u00bb que supuso la sentencia. \u00abY a su vez, algo m\u00e1s grave: que algo ha fallado\u00bb. Explica que, en Espa\u00f1a, el C\u00f3digo Penal recoge que una relaci\u00f3n sexual sin consentimiento mutuo es un delito contra la libertad sexual de las mujeres: \u00abSi el consentimiento necesario en toda relaci\u00f3n es vulnerado, las mujeres v\u00edctimas son despojadas de la libertad, autoridad y oportunidad de las que disfruta el hombre\u00bb. Por eso asegura que tanto el fallo como los votos particulares (que supusieron dos visiones enfrentadas de unos mismos hechos probados: abuso sexual con prevalimiento frente al \u00abjolgorio sexual\u00bb al que se refiri\u00f3 uno de los magistrados) \u00abdeben hacer reflexionar sobre si se debe reformar el C\u00f3digo Penal y la necesidad de juzgar con perspectiva de g\u00e9nero<em>, empezando por el consentimiento como tema de m\u00e1xima urgencia\u00bb.<\/em><\/p>\n<section id=\"sumario_13|foto\" class=\"sumario_foto centro\"><a name=\"sumario_13\"><\/a><\/p>\n<div class=\"sumario__interior\">\n<figure class=\"foto foto_w980\"><img data-recalc-dims=\"1\" loading=\"lazy\" decoding=\"async\" src=\"https:\/\/i0.wp.com\/ep01.epimg.net\/sociedad\/imagenes\/2019\/01\/21\/actualidad\/1548064879_632793_1548264641_sumario_normal.jpg?resize=640%2C426&#038;ssl=1\" srcset=\"\/\/ep01.epimg.net\/sociedad\/imagenes\/2019\/01\/21\/actualidad\/1548064879_632793_1548264641_sumario_normal_recorte1.jpg 1960w, \/\/ep01.epimg.net\/sociedad\/imagenes\/2019\/01\/21\/actualidad\/1548064879_632793_1548264641_sumario_normal_recorte2.jpg 720w, \/\/ep01.epimg.net\/sociedad\/imagenes\/2019\/01\/21\/actualidad\/1548064879_632793_1548264641_sumario_normal.jpg 980w\" alt=\"Manifestaci\u00f3n en Barcelona contra de la decisi\u00f3n de la Audiencia de Navarra de dejar en libertad a los miembros de La Manada en junio de 2018.\" width=\"640\" height=\"426\" \/><figcaption class=\"foto-pie\"><span class=\"foto-texto\">Manifestaci\u00f3n en Barcelona contra de la decisi\u00f3n de la Audiencia de Navarra de dejar en libertad a los miembros de La Manada en junio de 2018.<\/span> <span class=\"foto-firma\"><span class=\"foto-autor\">Massimiliano Minocri<\/span> <\/span><\/figcaption><\/figure>\n<\/div>\n<\/section>\n<p style=\"text-align: justify;\">A partir de aquella sentencia, <span class=\"st\">una comisi\u00f3n reformada para incorporar m\u00e1s mujeres (ahora mayor\u00eda) estudia la reforma de los delitos sexuales en el C\u00f3digo Penal. \u00abE important\u00edsimo\u00bb, a\u00f1ade Mar\u00eda Andr\u00e9s, \u00abse abri\u00f3 el mel\u00f3n de la exigencia de la formaci\u00f3n en todos los operadores jur\u00eddicos\u00bb. Algo que en el \u00e1mbito judicial se puso en octubre sobre la mesa del Congreso con un cambio que todav\u00eda no se ha cerrado para convertir la violencia de g\u00e9nero en una especialidad jur\u00eddica como la de Mercantil o Menores, que requerir\u00e1 m\u00e1s de un a\u00f1o de preparaci\u00f3n <em>y no unas cuantas horas de curso on line, como hasta ahora.<\/em><\/span><\/p>\n<h3 style=\"text-align: justify;\"><span class=\"st\">Agravante: que un ni\u00f1o perciba una agresi\u00f3n aunque no la vea, 2018<\/span><a name=\"sumario_6\"><\/a><\/h3>\n<p style=\"text-align: justify;\"><span class=\"st\">El pasado abril, el Tribunal Supremo estableci\u00f3 en una sentencia que un agresor por violencia machista podr\u00e1 ser condenado con el agravante \u201cen presencia de menores\u201d aunque los ni\u00f1os no vean directamente la agresi\u00f3n. La sentencia dice que, aunque<em> los ni\u00f1os no est\u00e9n presentes,<\/em> \u201cescuchan y son plenamente conscientes de lo que est\u00e1 sucediendo, percat\u00e1ndose tanto de las expresiones verbales que contienen un componente agresivo o violento, como del ruido que es propio de un golpe o de otra agresi\u00f3n\u201d. La abogada y durante diez a\u00f1os presidenta de <a href=\"http:\/\/malostratos.org\/\" target=\"_blank\" rel=\"noopener\">la <\/a><em>Comisi\u00f3n para la Investigaci\u00f3n de Malos Tratos a Mujeres de Espa\u00f1a Consuelo Abri<\/em><a href=\"https:\/\/elpais.com\/tag\/consuelo_abril\/a\" target=\"_blank\" rel=\"noopener\">l<\/a> lleva cuatro d\u00e9cadas dedicada al derecho de familia y cuenta que nunca ha dejado que los menores est\u00e9n presentes en su despacho, porque sabe lo que sucede: \u00abCuando est\u00e1n donde hay una tensi\u00f3n latente que puede estallar, de forma verbal o f\u00edsica, hay algo que les marca para siempre. Se tapan los o\u00eddos, si est\u00e1n en casa se meten debajo de las s\u00e1banas de su cama o se esconden donde pueden&#8230;\u00bb. Esta sentencia, para la abogada, se acerca m\u00e1s a la realidad que debe configurar la justicia, porque \u00ablos ni\u00f1os sienten esa carga emocional, notan los tonos de voz y el clima que hay en cualquier ambiente. Protegerlos es tambi\u00e9n nuestro deber, para el presente y para el futuro, porque a veces, una exposici\u00f3n permanente a estas situaciones normaliza las conductas violentas\u00bb.<\/span><\/p>\n<h3 style=\"text-align: justify;\"><span class=\"st\">Alejamiento para el maltrato sin lesiones, 2018<\/span><\/h3>\n<p style=\"text-align: justify;\"><span class=\"st\">Para Alba P\u00e9rez, abogada de la Plataforma 7N,<em> la sentencia del juez Llarena de agosto de 2018 sobre la implicaci\u00f3n de una orden de alejamiento<\/em> cuando exista maltrato aunque no haya lesiones es \u00abuna importante resoluci\u00f3n con perspectiva de g\u00e9nero\u00bb. El fallo, que unific\u00f3 el criterio sobre esta cuesti\u00f3n \u2014las audiencias provinciales no hab\u00edan mantenido una idea uniforme al respecto\u2014<em>, aleg\u00f3 adem\u00e1s que tirar del brazo de una mujer, empujarla o agarrarla del pelo<\/em> puede ser penado con prisi\u00f3n de entre sei<\/span>s meses y un a\u00f1o. \u00abAqu\u00ed, la justicia est\u00e1 entendiendo que la integridad ps\u00edquica de la v\u00edctima tambi\u00e9n es algo que proteger, y es lo que debe hacer la justicia, abarcar la violencia en todas sus manifestaciones y orientarse hacia una mayor protecci\u00f3n de las v\u00edctimas\u00bb.<\/p>\n<section id=\"sumario_12|foto\" class=\"sumario_foto centro\"><a name=\"sumario_12\"><\/a><\/p>\n<div class=\"sumario__interior\">\n<figure class=\"foto foto_w980\"><img data-recalc-dims=\"1\" loading=\"lazy\" decoding=\"async\" src=\"https:\/\/i0.wp.com\/ep01.epimg.net\/sociedad\/imagenes\/2019\/01\/21\/actualidad\/1548064879_632793_1548264449_sumario_normal.jpg?resize=640%2C426&#038;ssl=1\" srcset=\"\/\/ep01.epimg.net\/sociedad\/imagenes\/2019\/01\/21\/actualidad\/1548064879_632793_1548264449_sumario_normal_recorte1.jpg 1960w, \/\/ep01.epimg.net\/sociedad\/imagenes\/2019\/01\/21\/actualidad\/1548064879_632793_1548264449_sumario_normal_recorte2.jpg 720w, \/\/ep01.epimg.net\/sociedad\/imagenes\/2019\/01\/21\/actualidad\/1548064879_632793_1548264449_sumario_normal.jpg 980w\" alt=\"Manifestaci\u00f3n en Barcelona contra la violencia machista en noviembre de 2017.\" width=\"640\" height=\"426\" \/><figcaption class=\"foto-pie\"><span class=\"foto-texto\">Manifestaci\u00f3n en Barcelona contra la violencia machista en noviembre de 2017.<\/span> <span class=\"foto-firma\"><span class=\"foto-autor\">Joan S\u00e1nchez<\/span> <\/span><\/figcaption><\/figure>\n<div class=\"sumario-texto\"><\/div>\n<\/div>\n<\/section>\n<p style=\"text-align: justify;\">Durante el a\u00f1o pasado, adem\u00e1s, <em>el Supremo interpret\u00f3 por primera vez en qu\u00e9 casos hay que aplicar la agravante de g\u00e9nero<\/em><em>, estableci\u00f3 que ya no har\u00e1 falta probar la intenci\u00f3n machista para que una agresi\u00f3n sea violencia de g\u00e9nero, e inclus\u00f3 dict\u00f3 c\u00f3mo se tiene que medir la distancia en las \u00f3rdenes de alejamiento.<\/em><\/p>\n<p style=\"text-align: justify;\">Para las expertas, estos avances configuran la posibilidad de un futuro en el que la perspectiva de g\u00e9nero sea inherente a la justicia, y aunque no todas son siempre optimistas\u00a0\u2014la abogada Mar\u00eda Andr\u00e9s asegura que 2019 tendr\u00e1 que ser \u00abpor fuerza\u00bb el doble de feminista para hacer frente a la tempestad pol\u00edtica [en referencia a Vox]\u2014 lo intentan. Alba P\u00e9rez recuerda que \u00abuna justicia justa que aplica la perspectiva de g\u00e9nero nos hace avanzar hacia una sociedad igualitaria\u00bb, y en esa misma l\u00ednea concluye Octavio Salazar, que dice que \u00abuna democracia no puede funcionar sin igualdad material, real\u00bb. Viviana Waisman, la presidenta de Women&#8217;s Link, a\u00f1ade que estas resoluciones son una manera \u00abde abrir la puerta a que el sistema de protecci\u00f3n mejore y otras mujeres no pasen por lo mismo\u00bb. Al final, sentencia la fiscal Flor de Torres, todo es cuesti\u00f3n de \u00abempat\u00eda\u00bb. \u00abLa justicia tiene que ser el espejo de una realidad, nosotros hemos de hacer bien nuestro trabajo, llegando al equilibrio de que la sociedad entienda las resoluciones judiciales y la justicia haga lo propio con las demandas sociales\u00bb.<\/p>\n<\/div>\n<div class=\"articulo-trust\">\n<div class=\"articulo-trust__inner\">\n<div class=\"firma \">\n<div class=\"autor\">\n<div class=\"autor-texto\">\n<p><span class=\"autor-nombre\"><a title=\"Ver todas las noticias de Isabel Vald\u00e9s\" href=\"https:\/\/elpais.com\/autor\/isabel_valdes_aragones\/a\/\">Isabel Vald\u00e9s<\/a> <\/span><\/p>\n<div class=\"autor-perfiles\"><\/div>\n<\/div>\n<\/div>\n<\/div>\n<div class=\"articulo-datos\"><a href=\"https:\/\/elpais.com\/sociedad\/2019\/01\/21\/actualidad\/1548064879_632793.html\">https:\/\/elpais.com\/sociedad\/2019\/01\/21\/actualidad\/1548064879_632793.html<\/a><\/div>\n<div>FOTO:MCV<\/div>\n<\/div>\n<\/div>\n<\/div>\n","protected":false},"excerpt":{"rendered":"<p>Casos y resoluciones judiciales han servido para mejorar la legislaci\u00f3n espa\u00f1ola en el \u00e1mbito de&#8230;<\/p>\n","protected":false},"author":1,"featured_media":29465,"comment_status":"closed","ping_status":"closed","sticky":false,"template":"","format":"standard","meta":{"_coblocks_attr":"","_coblocks_dimensions":"","_coblocks_responsive_height":"","_coblocks_accordion_ie_support":"","jetpack_post_was_ever_published":false,"_jetpack_newsletter_access":"","_jetpack_dont_email_post_to_subs":false,"_jetpack_newsletter_tier_id":0,"_jetpack_memberships_contains_paywalled_content":false,"_jetpack_memberships_contains_paid_content":false,"footnotes":"","jetpack_publicize_message":"","jetpack_publicize_feature_enabled":true,"jetpack_social_post_already_shared":false,"jetpack_social_options":{"image_generator_settings":{"template":"highway","default_image_id":0,"enabled":false},"version":2}},"categories":[1161,14,186,44,15],"tags":[2293,41,292,19],"class_list":["post-29464","post","type-post","status-publish","format-standard","has-post-thumbnail","hentry","category-ciudadania","category-feminismo","category-instituciones","category-noticias-de-hoy","category-ultimas-noticias","tag-8m","tag-feminismo","tag-justicia","tag-mujeres"],"jetpack_publicize_connections":[],"jetpack_featured_media_url":"https:\/\/i0.wp.com\/miradordeatarfe.es\/wp-content\/uploads\/2019\/03\/FB_IMG_1520696165341.jpg?fit=922%2C613&ssl=1","jetpack_likes_enabled":true,"jetpack_sharing_enabled":true,"_links":{"self":[{"href":"https:\/\/miradordeatarfe.es\/index.php?rest_route=\/wp\/v2\/posts\/29464","targetHints":{"allow":["GET"]}}],"collection":[{"href":"https:\/\/miradordeatarfe.es\/index.php?rest_route=\/wp\/v2\/posts"}],"about":[{"href":"https:\/\/miradordeatarfe.es\/index.php?rest_route=\/wp\/v2\/types\/post"}],"author":[{"embeddable":true,"href":"https:\/\/miradordeatarfe.es\/index.php?rest_route=\/wp\/v2\/users\/1"}],"replies":[{"embeddable":true,"href":"https:\/\/miradordeatarfe.es\/index.php?rest_route=%2Fwp%2Fv2%2Fcomments&post=29464"}],"version-history":[{"count":2,"href":"https:\/\/miradordeatarfe.es\/index.php?rest_route=\/wp\/v2\/posts\/29464\/revisions"}],"predecessor-version":[{"id":29467,"href":"https:\/\/miradordeatarfe.es\/index.php?rest_route=\/wp\/v2\/posts\/29464\/revisions\/29467"}],"wp:featuredmedia":[{"embeddable":true,"href":"https:\/\/miradordeatarfe.es\/index.php?rest_route=\/wp\/v2\/media\/29465"}],"wp:attachment":[{"href":"https:\/\/miradordeatarfe.es\/index.php?rest_route=%2Fwp%2Fv2%2Fmedia&parent=29464"}],"wp:term":[{"taxonomy":"category","embeddable":true,"href":"https:\/\/miradordeatarfe.es\/index.php?rest_route=%2Fwp%2Fv2%2Fcategories&post=29464"},{"taxonomy":"post_tag","embeddable":true,"href":"https:\/\/miradordeatarfe.es\/index.php?rest_route=%2Fwp%2Fv2%2Ftags&post=29464"}],"curies":[{"name":"wp","href":"https:\/\/api.w.org\/{rel}","templated":true}]}}