{"id":29474,"date":"2019-03-06T12:18:35","date_gmt":"2019-03-06T11:18:35","guid":{"rendered":"http:\/\/miradordeatarfe.es\/?p=29474"},"modified":"2019-03-06T12:33:41","modified_gmt":"2019-03-06T11:33:41","slug":"la-plataforma-8m-de-granada-pide-seguir-la-huelga","status":"publish","type":"post","link":"https:\/\/miradordeatarfe.es\/?p=29474","title":{"rendered":"LA PLATAFORMA 8M DE GRANADA PIDE SEGUIR LA HUELGA"},"content":{"rendered":"<div class=\"gmail_quote\">\n<div dir=\"ltr\" style=\"text-align: justify;\">Dipticos, manifiesto, carteles, propaganda es distribuido en Granada para seguir la huelga feminista del 8M<!--more--><\/div>\n<div class=\"gmail_attr\" dir=\"ltr\" style=\"text-align: justify;\">La Plataforma 8 de Marzo,\u00a0\u00a0el\u00a0movimiento feminista de Granada,\u00a0unido al estatal y al internacional, nos convocamos de nuevo a todas las mujeres a la HUELGA este pr\u00f3ximo 8 de marzo de 2019, para visibilizar la importancia de todos los trabajos que realizamos, no s\u00f3lo en el \u00e1mbito laboral, sino en otros menos reconocidos como los cuidados, la educaci\u00f3n y el consumo.<\/div>\n<div dir=\"ltr\" style=\"text-align: justify;\"><\/div>\n<div class=\"gmail_attr\" dir=\"ltr\" style=\"text-align: justify;\"><strong>Volvemos a parar el trabajo remunerado y los estudios, el trabajo dom\u00e9stico y de cuidados y el consumo para demostrar que sin nosotras ni se produce, ni se reproduce<\/strong>. Y lo haremos desde un espacio unitario para promover la movilizaci\u00f3n feminista.<\/div>\n<div dir=\"ltr\">\n<div style=\"text-align: justify;\"><\/div>\n<div style=\"text-align: justify;\"><b>Juntas,\u00a0<\/b>Asociaciones y Organizaciones de Mujeres, Organizaciones Sindicales, Partidos Pol\u00edticos y personas independientes que trabajan en favor de la Igualdad y a trav\u00e9s del consenso, las mujeres feministas de Granada\u00a0<b>convocamos una MANIFESTACI\u00d3N UNITARIA, que tendr\u00e1 lugar el 8 de marzo de 2019, a las 18,30 horas y que saldr\u00e1 de la Plaza del Triunfo\u00a0 hasta el Kiosco del Sal\u00f3n de Granada.<\/b><\/div>\n<div style=\"text-align: justify;\"><\/div>\n<div style=\"text-align: justify;\">Este\u00a0<b>8 de marzo, D\u00cdA INTERNACIONAL DE LOS DERECHOS DE LAS MUJERES, es<\/b>\u00a0una jornada en torno a la cual se est\u00e1n organizando diversas acciones para explicar los motivos de la HUELGA y facilitar la mayor participaci\u00f3n de las mujeres y de la ciudadan\u00eda de los municipios de la provincia de Granada en los espacios p\u00fablicos, calles, plazas y en los mercados y para ello\u00a0<b>consideramos que la participaci\u00f3n y el protagonismo de las asociaciones y sus asociadas y asociados es fundamental.<\/b><\/div>\n<div style=\"text-align: justify;\"><\/div>\n<div style=\"text-align: justify;\">Son nuestros\u00a0<b>DERECHOS<\/b>\u00a0los que est\u00e1n en juego. Tras muchos a\u00f1os de lucha feminista por conseguir una sociedad m\u00e1s justa e igualitaria y sin haber llegado a disfrutar de una Igualdad real,estamos viendo medidas pol\u00edticas que anuncian un importante RETROCESO QUE\u00a0 NO VAMOS A PERMITIR.<\/div>\n<div class=\"yj6qo ajU\" style=\"text-align: justify;\">\n<div id=\":1ho\" class=\"ajR\" tabindex=\"0\" role=\"button\" aria-label=\"Ocultar contenido ampliado\" aria-expanded=\"true\" data-tooltip=\"Ocultar contenido ampliado\"><img data-recalc-dims=\"1\" decoding=\"async\" class=\"ajT\" src=\"https:\/\/i0.wp.com\/ssl.gstatic.com\/ui\/v1\/icons\/mail\/images\/cleardot.gif?w=640&#038;ssl=1\" \/><\/div>\n<\/div>\n<div class=\"adL\">\n<div style=\"text-align: justify;\"><\/div>\n<div style=\"text-align: justify;\"><b><i>\u00a1\u00a1TODAS LAS MUJERES, TODOS LOS DERECHOS, TODOS LOS D\u00cdAS!!<\/i><\/b><\/div>\n<div><b><i>\u00a0<\/i><\/b><\/div>\n<div><b><i>\u00a1\u00a1HUELGA FEMINISTA 8 DE MARZO 2019!!<\/i><\/b><\/div>\n<div><a href=\"https:\/\/i0.wp.com\/miradordeatarfe.es\/wp-content\/uploads\/2019\/03\/IMG-20190227-WA0009.jpg?ssl=1\"><img data-recalc-dims=\"1\" loading=\"lazy\" decoding=\"async\" class=\" wp-image-29475 aligncenter\" src=\"https:\/\/i0.wp.com\/miradordeatarfe.es\/wp-content\/uploads\/2019\/03\/IMG-20190227-WA0009.jpg?resize=484%2C685&#038;ssl=1\" alt=\"\" width=\"484\" height=\"685\" srcset=\"https:\/\/i0.wp.com\/miradordeatarfe.es\/wp-content\/uploads\/2019\/03\/IMG-20190227-WA0009.jpg?resize=212%2C300&amp;ssl=1 212w, https:\/\/i0.wp.com\/miradordeatarfe.es\/wp-content\/uploads\/2019\/03\/IMG-20190227-WA0009.jpg?resize=768%2C1086&amp;ssl=1 768w, https:\/\/i0.wp.com\/miradordeatarfe.es\/wp-content\/uploads\/2019\/03\/IMG-20190227-WA0009.jpg?resize=724%2C1024&amp;ssl=1 724w, https:\/\/i0.wp.com\/miradordeatarfe.es\/wp-content\/uploads\/2019\/03\/IMG-20190227-WA0009.jpg?resize=600%2C848&amp;ssl=1 600w, https:\/\/i0.wp.com\/miradordeatarfe.es\/wp-content\/uploads\/2019\/03\/IMG-20190227-WA0009.jpg?w=1131&amp;ssl=1 1131w\" sizes=\"auto, (max-width: 484px) 100vw, 484px\" \/><\/a><\/div>\n<\/div>\n<\/div>\n<\/div>\n<p>&nbsp;<\/p>\n<div class=\"adL\"><\/div>\n","protected":false},"excerpt":{"rendered":"<p>Dipticos, manifiesto, carteles, propaganda es distribuido en Granada para seguir la huelga feminista del 8M<\/p>\n","protected":false},"author":1,"featured_media":29498,"comment_status":"closed","ping_status":"closed","sticky":false,"template":"","format":"standard","meta":{"_coblocks_attr":"","_coblocks_dimensions":"","_coblocks_responsive_height":"","_coblocks_accordion_ie_support":"","jetpack_post_was_ever_published":false,"_jetpack_newsletter_access":"","_jetpack_dont_email_post_to_subs":false,"_jetpack_newsletter_tier_id":0,"_jetpack_memberships_contains_paywalled_content":false,"_jetpack_memberships_contains_paid_content":false,"footnotes":"","jetpack_publicize_message":"","jetpack_publicize_feature_enabled":true,"jetpack_social_post_already_shared":false,"jetpack_social_options":{"image_generator_settings":{"template":"highway","default_image_id":0,"enabled":false},"version":2}},"categories":[1161,14,186,44,15],"tags":[],"class_list":["post-29474","post","type-post","status-publish","format-standard","has-post-thumbnail","hentry","category-ciudadania","category-feminismo","category-instituciones","category-noticias-de-hoy","category-ultimas-noticias"],"jetpack_publicize_connections":[],"jetpack_featured_media_url":"https:\/\/i0.wp.com\/miradordeatarfe.es\/wp-content\/uploads\/2019\/03\/IMG-20180309-WA0056-1.jpg?fit=817%2C613&ssl=1","jetpack_likes_enabled":true,"jetpack_sharing_enabled":true,"_links":{"self":[{"href":"https:\/\/miradordeatarfe.es\/index.php?rest_route=\/wp\/v2\/posts\/29474","targetHints":{"allow":["GET"]}}],"collection":[{"href":"https:\/\/miradordeatarfe.es\/index.php?rest_route=\/wp\/v2\/posts"}],"about":[{"href":"https:\/\/miradordeatarfe.es\/index.php?rest_route=\/wp\/v2\/types\/post"}],"author":[{"embeddable":true,"href":"https:\/\/miradordeatarfe.es\/index.php?rest_route=\/wp\/v2\/users\/1"}],"replies":[{"embeddable":true,"href":"https:\/\/miradordeatarfe.es\/index.php?rest_route=%2Fwp%2Fv2%2Fcomments&post=29474"}],"version-history":[{"count":1,"href":"https:\/\/miradordeatarfe.es\/index.php?rest_route=\/wp\/v2\/posts\/29474\/revisions"}],"predecessor-version":[{"id":29476,"href":"https:\/\/miradordeatarfe.es\/index.php?rest_route=\/wp\/v2\/posts\/29474\/revisions\/29476"}],"wp:featuredmedia":[{"embeddable":true,"href":"https:\/\/miradordeatarfe.es\/index.php?rest_route=\/wp\/v2\/media\/29498"}],"wp:attachment":[{"href":"https:\/\/miradordeatarfe.es\/index.php?rest_route=%2Fwp%2Fv2%2Fmedia&parent=29474"}],"wp:term":[{"taxonomy":"category","embeddable":true,"href":"https:\/\/miradordeatarfe.es\/index.php?rest_route=%2Fwp%2Fv2%2Fcategories&post=29474"},{"taxonomy":"post_tag","embeddable":true,"href":"https:\/\/miradordeatarfe.es\/index.php?rest_route=%2Fwp%2Fv2%2Ftags&post=29474"}],"curies":[{"name":"wp","href":"https:\/\/api.w.org\/{rel}","templated":true}]}}