{"id":29488,"date":"2019-03-10T09:15:18","date_gmt":"2019-03-10T08:15:18","guid":{"rendered":"http:\/\/miradordeatarfe.es\/?p=29488"},"modified":"2019-03-06T12:31:38","modified_gmt":"2019-03-06T11:31:38","slug":"la-calle-elvira-de-granada","status":"publish","type":"post","link":"https:\/\/miradordeatarfe.es\/?p=29488","title":{"rendered":"LA CALLE ELVIRA DE GRANADA"},"content":{"rendered":"<div dir=\"auto\" style=\"text-align: justify;\">Se trata de uno de los puntos m\u00e1s antiguos habitados de la ciudad. El origen del nombre viene de las monedas acu\u00f1adas en esta zona hacia el siglo VII A.C., que recib\u00edan el nombre de \u2018Ihnverir\u2019.<\/div>\n<p style=\"text-align: justify;\"><!--more--><\/p>\n<div dir=\"auto\" style=\"text-align: justify;\">Con el paso de las diferentes civilizaciones Elvira es el resultado final de las transcripciones Elybige (ib\u00e9rica), Eliberri o Illiberis (romana), para dar finalmente el \u00e1rabe Libira o Ilbira, que corresponde al nombre de\u00a0 la ciudad (Madinat Ilbira), que se hallaba al pie de\u00a0 \u00a0Sierra Elvira, anterior a la propia Granada.<\/div>\n<div dir=\"auto\" style=\"text-align: justify;\"><\/div>\n<div dir=\"auto\" style=\"text-align: justify;\">La calle Elvira (Zanacat Ilbira), fue la principal y m\u00e1s larga v\u00eda de la Granada isl\u00e1mica desde su configuraci\u00f3n urban\u00edstica en el siglo XI y recibe el nombre de la puerta con que termina (Bab-Ilbira). Su gran longitud y situaci\u00f3n estrat\u00e9gica la convirtieron desde el principio en una arteria vital para el tr\u00e1nsito de personas y mercanc\u00edas en la ciudad y, en consecuencia, para el establecimiento a lo largo de ella de una intensa actividad comercial. Se cruzaba con el Zacat\u00edn, la otra gran arteria comercial (El Zacat\u00edn llegaba hasta Plaza Nueva, pero la apertura de la Gran V\u00eda supuso la mutilaci\u00f3n de cerca de la mitad de su trazado). A lo largo de la calle Elvira se insertan diversos hitos monumentales que dan testimonio de la importancia urbana que tuvo esta v\u00eda en el pasado.<\/div>\n<div dir=\"auto\" style=\"text-align: justify;\"><\/div>\n<div dir=\"auto\" style=\"text-align: justify;\">En el primer tramo de la calle habitaban los escultores y entalladores en los siglos XVI y XVII, y all\u00ed exist\u00edan dos hospitales: el\u00a0 Hospital del Corpus Christi, \u00c1nimas y Misericordia y el Hospital de la Caridad y Refugio. El pueblo conoc\u00eda\u00a0 \u00a0a estos hospitales como\u00a0 \u201clos Hospitalicos\u201d, debido a su reducido tama\u00f1o.<\/div>\n<div dir=\"auto\" style=\"text-align: justify;\"><\/div>\n<div dir=\"auto\" style=\"text-align: justify;\">El Hospital del Corpus Christi fue fundado en Santa Fe, cuando la reconquista, por una hermandad para ejercitar obras de caridad entre los soldados; constaba de dos edificios, la iglesia, construida a fines del siglo XVII,\u00a0 y el hospital, que contaba con diferentes dependencias y salas para los enfermos. Se utiliz\u00f3 como hospital hasta la primera mitad del siglo XIX. Actualmente da nombre a una calle anexa. Frente a este hospital se levantaba el Hospital de la Caridad y Refugio, fundado a principios del siglo XVI por\u00a0 algunos \u201cpiadosos caballeros para asistir a mujeres enfermas de calenturas e incurables\u201d, y se derrib\u00f3 en 1915, traslad\u00e1ndose a su nuevo edificio en el Callej\u00f3n del Pretorio, donde a\u00fan existe como residencia de ancianas.<\/div>\n<div dir=\"auto\" style=\"text-align: justify;\"><\/div>\n<div dir=\"auto\" style=\"text-align: justify;\">Algo m\u00e1s all\u00e1 se encontraba el Pilar del Toro, considerado una de las \u00faltimas obras de Diego de Silo\u00e9 y labrado hacia la mitad del siglo XVI. Era conocido como el Pilar de los Almizcleros y se surt\u00eda con agua de Valpara\u00edso. Antes de su traslado a la Plaza de Santa Ana en 1941, se hallaba junto a la entrada de la Calderer\u00eda Nueva.<\/div>\n<div dir=\"auto\" style=\"text-align: justify;\"><\/div>\n<div dir=\"auto\" style=\"text-align: justify;\">Luego estaban las casas de los Inquisidores, del primer tercio del siglo XVI, que eran la del inquisidor mayor, la de los inquisidores y las c\u00e1rceles, situadas frente a la parroquia de Santiago, con fachadas a la calle Elvira. Seg\u00fan G\u00f3mez Moreno, se derribaron antes de 1897, cuando se puso la primera piedra del nuevo templo del Sagrado Coraz\u00f3n de Jes\u00fas, primer edificio levantado en la Gran V\u00eda.<\/div>\n<div dir=\"auto\" style=\"text-align: justify;\"><\/div>\n<div dir=\"auto\" style=\"text-align: justify;\">La iglesia de San Andr\u00e9s fue construida en torno a 1530-40 por Bartolom\u00e9 de Villegas con portada renacentista que recuerda a los modelos popularizados por la escuela de Diego de Silo\u00e9. Un friso con cornisa sirve de base para un peque\u00f1o nicho con la efigie del santo titular, el Ap\u00f3stol Andr\u00e9s, realizada por el franc\u00e9s Nicol\u00e1s de Le\u00f3n. La iglesia sufri\u00f3 un aparatoso incendio en 1819 y hubo necesidad de remodelarla.<\/div>\n<div dir=\"auto\" style=\"text-align: justify;\"><\/div>\n<div dir=\"auto\" style=\"text-align: justify;\">Junto a la iglesia est\u00e1 la llamada Casa de las Tumbas. Se refiere a un ba\u00f1o \u00e1rabe del siglo XIV que se conserva entre la calle Elvira y la calle de los Naranjos, y que se conoc\u00eda como\u00a0 Ba\u00f1o de la Puerta de Elvira o Ba\u00f1o de Hernando de Zafra, por estar dentro de unas propiedades del secretario de los RR.CC. Por desgracia este edificio permanece en el abandono y suciedad m\u00e1s absoluta,\u00a0 habiendo sufrido considerables destrozos. Su nombre vulgar le viene\u00a0 de las b\u00f3vedas que, vistas por encima, parecen tumbas.<\/div>\n<div dir=\"auto\" style=\"text-align: justify;\"><\/div>\n<div dir=\"auto\" style=\"text-align: justify;\">La Puerta de Elvira (Bab Ilbira), probablemente del siglo XI,era la m\u00e1s notable y grande de la ciudad, pero de ella solamente queda el gigantesco arco de herradura exterior. Lo restante fue derribado por los franceses,\u00a0 pero\u00a0 ya antes hab\u00eda sufrido muchos reparos y mutilaciones.\u00a0 Despu\u00e9s de dicho arco hab\u00eda otros dos, en cuyo frente se abr\u00eda otro peque\u00f1o arco de herradura que lo mand\u00f3 demoler el Ayuntamiento en 1879; algo m\u00e1s afuera hubo otro, y ambos constitu\u00edan la entrada de la Alhacaba, y desde aqu\u00ed la muralla sub\u00eda por la Cuesta de Abarqueros\u00a0 para enlazar con la Alcazaba junto a la Puerta Monaita.<\/div>\n<div dir=\"auto\" style=\"text-align: justify;\"><\/div>\n<div dir=\"auto\" style=\"text-align: justify;\">Junto al arco nos encontramos con la capillita dedicada a San Juan de Dios, que se alza en el mismo lugar donde se ubic\u00f3 la tienda en que el santo, antes de comenzar su obra hospitalaria, vend\u00eda libros piadosos a los jornaleros que esperaban ser contratados. Este peque\u00f1o local fue convertido en capilla bajo la advocaci\u00f3n del santo, siendo demolida en 1879. En su lugar se levant\u00f3 la actual capilla neog\u00f3tica de 1880, obra del arquitecto Juan Monserrat.<\/div>\n<div dir=\"auto\" style=\"text-align: justify;\"><\/div>\n<div dir=\"auto\" style=\"text-align: justify;\">En la confluencia de la Calle Elvira con la Cuesta de Abarqueros encontramos el Pilar del Triunfo o de las Angustias. Su nombre se debe a que, en la reconstrucci\u00f3n que se hizo en 1671, se instal\u00f3 sobre el pilar una pintura con t\u00edtulo\u00a0 \u201cEl Triunfo de las Angustias\u201d. El lienzo original\u00a0 est\u00e1 en la actualidad en la sede de la\u00a0 Cofrad\u00eda de la Borriquilla. Su lugar lo ocupa una\u00a0 imagen en lienzo de La Virgen de las Angustias, en\u00a0 una hornacina protegida por un cristal y una barandilla. El pilar se usaba para abrevadero de animales\u00a0 y era el lugar donde los aguadores recog\u00edan el agua para venderla en la ciudad. Fue uno de los lugares de abastecimiento de agua m\u00e1s importantes de la ciudad.<\/div>\n<div dir=\"auto\" style=\"text-align: justify;\"><\/div>\n<div dir=\"auto\" style=\"text-align: justify;\">Lo que fuera barrio de Bab-Ilbira &#8211; parte de la actual parroquia de San Andr\u00e9s &#8211; ha quedado hoy reducido nominalmente a esta famosa calle, cada vez m\u00e1s maltratada en su sabor, en su pintoresquismo y en su reputaci\u00f3n.<\/div>\n<div dir=\"auto\"><\/div>\n<div dir=\"auto\">PUBLICADO EN FACEBOOK POR FRAN FEVE<\/div>\n<div dir=\"auto\">\n<div class=\"tiled-gallery type-rectangular tiled-gallery-unresized\" data-original-width=\"640\" data-carousel-extra='null' itemscope itemtype=\"http:\/\/schema.org\/ImageGallery\" > <div class=\"gallery-row\" style=\"width: 640px; height: 286px;\" data-original-width=\"640\" data-original-height=\"286\" > <div class=\"gallery-group images-1\" style=\"width: 425px; height: 286px;\" data-original-width=\"425\" data-original-height=\"286\" > <div class=\"tiled-gallery-item tiled-gallery-item-large\" itemprop=\"associatedMedia\" itemscope itemtype=\"http:\/\/schema.org\/ImageObject\"> <a href=\"https:\/\/miradordeatarfe.es\/?attachment_id=29490\" border=\"0\" itemprop=\"url\"> <meta itemprop=\"width\" content=\"421\"> <meta itemprop=\"height\" content=\"282\"> <img decoding=\"async\" class=\"\" data-attachment-id=\"29490\" data-orig-file=\"https:\/\/miradordeatarfe.es\/wp-content\/uploads\/2019\/03\/FB_IMG_1551807535309.jpg\" data-orig-size=\"1435,960\" data-comments-opened=\"\" data-image-meta=\"{&quot;aperture&quot;:&quot;0&quot;,&quot;credit&quot;:&quot;&quot;,&quot;camera&quot;:&quot;&quot;,&quot;caption&quot;:&quot;&quot;,&quot;created_timestamp&quot;:&quot;0&quot;,&quot;copyright&quot;:&quot;&quot;,&quot;focal_length&quot;:&quot;0&quot;,&quot;iso&quot;:&quot;0&quot;,&quot;shutter_speed&quot;:&quot;0&quot;,&quot;title&quot;:&quot;&quot;,&quot;orientation&quot;:&quot;0&quot;}\" data-image-title=\"FB_IMG_1551807535309\" data-image-description=\"\" data-medium-file=\"https:\/\/i0.wp.com\/miradordeatarfe.es\/wp-content\/uploads\/2019\/03\/FB_IMG_1551807535309.jpg?fit=300%2C201&#038;ssl=1\" data-large-file=\"https:\/\/i0.wp.com\/miradordeatarfe.es\/wp-content\/uploads\/2019\/03\/FB_IMG_1551807535309.jpg?fit=640%2C428&#038;ssl=1\" src=\"https:\/\/i0.wp.com\/miradordeatarfe.es\/wp-content\/uploads\/2019\/03\/FB_IMG_1551807535309.jpg?w=421&#038;h=282&#038;ssl=1\" srcset=\"https:\/\/i0.wp.com\/miradordeatarfe.es\/wp-content\/uploads\/2019\/03\/FB_IMG_1551807535309.jpg?w=1435&amp;ssl=1 1435w, https:\/\/i0.wp.com\/miradordeatarfe.es\/wp-content\/uploads\/2019\/03\/FB_IMG_1551807535309.jpg?resize=300%2C201&amp;ssl=1 300w, https:\/\/i0.wp.com\/miradordeatarfe.es\/wp-content\/uploads\/2019\/03\/FB_IMG_1551807535309.jpg?resize=768%2C514&amp;ssl=1 768w, https:\/\/i0.wp.com\/miradordeatarfe.es\/wp-content\/uploads\/2019\/03\/FB_IMG_1551807535309.jpg?resize=1024%2C685&amp;ssl=1 1024w, https:\/\/i0.wp.com\/miradordeatarfe.es\/wp-content\/uploads\/2019\/03\/FB_IMG_1551807535309.jpg?resize=600%2C401&amp;ssl=1 600w, https:\/\/i0.wp.com\/miradordeatarfe.es\/wp-content\/uploads\/2019\/03\/FB_IMG_1551807535309.jpg?w=1280&amp;ssl=1 1280w\" width=\"421\" height=\"282\" loading=\"lazy\" data-original-width=\"421\" data-original-height=\"282\" itemprop=\"http:\/\/schema.org\/image\" title=\"FB_IMG_1551807535309\" alt=\"FB_IMG_1551807535309\" style=\"width: 421px; height: 282px;\" \/> <\/a> <\/div> <\/div> <!-- close group --> <div class=\"gallery-group images-1\" style=\"width: 215px; height: 286px;\" data-original-width=\"215\" data-original-height=\"286\" > <div class=\"tiled-gallery-item tiled-gallery-item-small\" itemprop=\"associatedMedia\" itemscope itemtype=\"http:\/\/schema.org\/ImageObject\"> <a href=\"https:\/\/miradordeatarfe.es\/?attachment_id=29491\" border=\"0\" itemprop=\"url\"> <meta itemprop=\"width\" content=\"211\"> <meta itemprop=\"height\" content=\"282\"> <img decoding=\"async\" class=\"\" data-attachment-id=\"29491\" data-orig-file=\"https:\/\/miradordeatarfe.es\/wp-content\/uploads\/2019\/03\/FB_IMG_1551807538069-1.jpg\" data-orig-size=\"450,600\" data-comments-opened=\"\" data-image-meta=\"{&quot;aperture&quot;:&quot;0&quot;,&quot;credit&quot;:&quot;&quot;,&quot;camera&quot;:&quot;&quot;,&quot;caption&quot;:&quot;&quot;,&quot;created_timestamp&quot;:&quot;0&quot;,&quot;copyright&quot;:&quot;&quot;,&quot;focal_length&quot;:&quot;0&quot;,&quot;iso&quot;:&quot;0&quot;,&quot;shutter_speed&quot;:&quot;0&quot;,&quot;title&quot;:&quot;&quot;,&quot;orientation&quot;:&quot;0&quot;}\" data-image-title=\"FB_IMG_1551807538069\" data-image-description=\"\" data-medium-file=\"https:\/\/i0.wp.com\/miradordeatarfe.es\/wp-content\/uploads\/2019\/03\/FB_IMG_1551807538069-1.jpg?fit=225%2C300&#038;ssl=1\" data-large-file=\"https:\/\/i0.wp.com\/miradordeatarfe.es\/wp-content\/uploads\/2019\/03\/FB_IMG_1551807538069-1.jpg?fit=450%2C600&#038;ssl=1\" src=\"https:\/\/i0.wp.com\/miradordeatarfe.es\/wp-content\/uploads\/2019\/03\/FB_IMG_1551807538069-1.jpg?w=211&#038;h=282&#038;ssl=1\" srcset=\"https:\/\/i0.wp.com\/miradordeatarfe.es\/wp-content\/uploads\/2019\/03\/FB_IMG_1551807538069-1.jpg?w=450&amp;ssl=1 450w, https:\/\/i0.wp.com\/miradordeatarfe.es\/wp-content\/uploads\/2019\/03\/FB_IMG_1551807538069-1.jpg?resize=225%2C300&amp;ssl=1 225w\" width=\"211\" height=\"282\" loading=\"lazy\" data-original-width=\"211\" data-original-height=\"282\" itemprop=\"http:\/\/schema.org\/image\" title=\"FB_IMG_1551807538069\" alt=\"FB_IMG_1551807538069\" style=\"width: 211px; height: 282px;\" \/> <\/a> <\/div> <\/div> <!-- close group --> <\/div> <!-- close row --> <div class=\"gallery-row\" style=\"width: 640px; height: 452px;\" data-original-width=\"640\" data-original-height=\"452\" > <div class=\"gallery-group images-1\" style=\"width: 300px; height: 452px;\" data-original-width=\"300\" data-original-height=\"452\" > <div class=\"tiled-gallery-item tiled-gallery-item-large\" itemprop=\"associatedMedia\" itemscope itemtype=\"http:\/\/schema.org\/ImageObject\"> <a href=\"https:\/\/miradordeatarfe.es\/?attachment_id=29492\" border=\"0\" itemprop=\"url\"> <meta itemprop=\"width\" content=\"296\"> <meta itemprop=\"height\" content=\"448\"> <img decoding=\"async\" class=\"\" data-attachment-id=\"29492\" data-orig-file=\"https:\/\/miradordeatarfe.es\/wp-content\/uploads\/2019\/03\/FB_IMG_1551807541063.jpg\" data-orig-size=\"300,455\" data-comments-opened=\"\" data-image-meta=\"{&quot;aperture&quot;:&quot;0&quot;,&quot;credit&quot;:&quot;&quot;,&quot;camera&quot;:&quot;&quot;,&quot;caption&quot;:&quot;&quot;,&quot;created_timestamp&quot;:&quot;0&quot;,&quot;copyright&quot;:&quot;&quot;,&quot;focal_length&quot;:&quot;0&quot;,&quot;iso&quot;:&quot;0&quot;,&quot;shutter_speed&quot;:&quot;0&quot;,&quot;title&quot;:&quot;&quot;,&quot;orientation&quot;:&quot;0&quot;}\" data-image-title=\"FB_IMG_1551807541063\" data-image-description=\"\" data-medium-file=\"https:\/\/i0.wp.com\/miradordeatarfe.es\/wp-content\/uploads\/2019\/03\/FB_IMG_1551807541063.jpg?fit=198%2C300&#038;ssl=1\" data-large-file=\"https:\/\/i0.wp.com\/miradordeatarfe.es\/wp-content\/uploads\/2019\/03\/FB_IMG_1551807541063.jpg?fit=300%2C455&#038;ssl=1\" src=\"https:\/\/i0.wp.com\/miradordeatarfe.es\/wp-content\/uploads\/2019\/03\/FB_IMG_1551807541063.jpg?w=296&#038;h=448&#038;ssl=1\" srcset=\"https:\/\/i0.wp.com\/miradordeatarfe.es\/wp-content\/uploads\/2019\/03\/FB_IMG_1551807541063.jpg?w=300&amp;ssl=1 300w, https:\/\/i0.wp.com\/miradordeatarfe.es\/wp-content\/uploads\/2019\/03\/FB_IMG_1551807541063.jpg?resize=198%2C300&amp;ssl=1 198w\" width=\"296\" height=\"448\" loading=\"lazy\" data-original-width=\"296\" data-original-height=\"448\" itemprop=\"http:\/\/schema.org\/image\" title=\"FB_IMG_1551807541063\" alt=\"FB_IMG_1551807541063\" style=\"width: 296px; height: 448px;\" \/> <\/a> <\/div> <\/div> <!-- close group --> <div class=\"gallery-group images-1\" style=\"width: 340px; height: 452px;\" data-original-width=\"340\" data-original-height=\"452\" > <div class=\"tiled-gallery-item tiled-gallery-item-large\" itemprop=\"associatedMedia\" itemscope itemtype=\"http:\/\/schema.org\/ImageObject\"> <a href=\"https:\/\/miradordeatarfe.es\/?attachment_id=29493\" border=\"0\" itemprop=\"url\"> <meta itemprop=\"width\" content=\"336\"> <meta itemprop=\"height\" content=\"448\"> <img decoding=\"async\" class=\"\" data-attachment-id=\"29493\" data-orig-file=\"https:\/\/miradordeatarfe.es\/wp-content\/uploads\/2019\/03\/FB_IMG_1551807543772.jpg\" data-orig-size=\"1200,1600\" data-comments-opened=\"\" data-image-meta=\"{&quot;aperture&quot;:&quot;0&quot;,&quot;credit&quot;:&quot;&quot;,&quot;camera&quot;:&quot;&quot;,&quot;caption&quot;:&quot;&quot;,&quot;created_timestamp&quot;:&quot;0&quot;,&quot;copyright&quot;:&quot;&quot;,&quot;focal_length&quot;:&quot;0&quot;,&quot;iso&quot;:&quot;0&quot;,&quot;shutter_speed&quot;:&quot;0&quot;,&quot;title&quot;:&quot;&quot;,&quot;orientation&quot;:&quot;0&quot;}\" data-image-title=\"FB_IMG_1551807543772\" data-image-description=\"\" data-medium-file=\"https:\/\/i0.wp.com\/miradordeatarfe.es\/wp-content\/uploads\/2019\/03\/FB_IMG_1551807543772.jpg?fit=225%2C300&#038;ssl=1\" data-large-file=\"https:\/\/i0.wp.com\/miradordeatarfe.es\/wp-content\/uploads\/2019\/03\/FB_IMG_1551807543772.jpg?fit=640%2C853&#038;ssl=1\" src=\"https:\/\/i0.wp.com\/miradordeatarfe.es\/wp-content\/uploads\/2019\/03\/FB_IMG_1551807543772.jpg?w=336&#038;h=448&#038;ssl=1\" srcset=\"https:\/\/i0.wp.com\/miradordeatarfe.es\/wp-content\/uploads\/2019\/03\/FB_IMG_1551807543772.jpg?w=1200&amp;ssl=1 1200w, https:\/\/i0.wp.com\/miradordeatarfe.es\/wp-content\/uploads\/2019\/03\/FB_IMG_1551807543772.jpg?resize=225%2C300&amp;ssl=1 225w, https:\/\/i0.wp.com\/miradordeatarfe.es\/wp-content\/uploads\/2019\/03\/FB_IMG_1551807543772.jpg?resize=768%2C1024&amp;ssl=1 768w, https:\/\/i0.wp.com\/miradordeatarfe.es\/wp-content\/uploads\/2019\/03\/FB_IMG_1551807543772.jpg?resize=600%2C800&amp;ssl=1 600w\" width=\"336\" height=\"448\" loading=\"lazy\" data-original-width=\"336\" data-original-height=\"448\" itemprop=\"http:\/\/schema.org\/image\" title=\"FB_IMG_1551807543772\" alt=\"FB_IMG_1551807543772\" style=\"width: 336px; height: 448px;\" \/> <\/a> <\/div> <\/div> <!-- close group --> <\/div> <!-- close row --> <div class=\"gallery-row\" style=\"width: 640px; height: 310px;\" data-original-width=\"640\" data-original-height=\"310\" > <div class=\"gallery-group images-1\" style=\"width: 427px; height: 310px;\" data-original-width=\"427\" data-original-height=\"310\" > <div class=\"tiled-gallery-item tiled-gallery-item-large\" itemprop=\"associatedMedia\" itemscope itemtype=\"http:\/\/schema.org\/ImageObject\"> <a href=\"https:\/\/miradordeatarfe.es\/?attachment_id=29494\" border=\"0\" itemprop=\"url\"> <meta itemprop=\"width\" content=\"423\"> <meta itemprop=\"height\" content=\"306\"> <img decoding=\"async\" class=\"\" data-attachment-id=\"29494\" data-orig-file=\"https:\/\/miradordeatarfe.es\/wp-content\/uploads\/2019\/03\/FB_IMG_1551807546899.jpg\" data-orig-size=\"500,362\" data-comments-opened=\"\" data-image-meta=\"{&quot;aperture&quot;:&quot;0&quot;,&quot;credit&quot;:&quot;&quot;,&quot;camera&quot;:&quot;&quot;,&quot;caption&quot;:&quot;&quot;,&quot;created_timestamp&quot;:&quot;0&quot;,&quot;copyright&quot;:&quot;&quot;,&quot;focal_length&quot;:&quot;0&quot;,&quot;iso&quot;:&quot;0&quot;,&quot;shutter_speed&quot;:&quot;0&quot;,&quot;title&quot;:&quot;&quot;,&quot;orientation&quot;:&quot;0&quot;}\" data-image-title=\"FB_IMG_1551807546899\" data-image-description=\"\" data-medium-file=\"https:\/\/i0.wp.com\/miradordeatarfe.es\/wp-content\/uploads\/2019\/03\/FB_IMG_1551807546899.jpg?fit=300%2C217&#038;ssl=1\" data-large-file=\"https:\/\/i0.wp.com\/miradordeatarfe.es\/wp-content\/uploads\/2019\/03\/FB_IMG_1551807546899.jpg?fit=500%2C362&#038;ssl=1\" src=\"https:\/\/i0.wp.com\/miradordeatarfe.es\/wp-content\/uploads\/2019\/03\/FB_IMG_1551807546899.jpg?w=423&#038;h=306&#038;ssl=1\" srcset=\"https:\/\/i0.wp.com\/miradordeatarfe.es\/wp-content\/uploads\/2019\/03\/FB_IMG_1551807546899.jpg?w=500&amp;ssl=1 500w, https:\/\/i0.wp.com\/miradordeatarfe.es\/wp-content\/uploads\/2019\/03\/FB_IMG_1551807546899.jpg?resize=300%2C217&amp;ssl=1 300w\" width=\"423\" height=\"306\" loading=\"lazy\" data-original-width=\"423\" data-original-height=\"306\" itemprop=\"http:\/\/schema.org\/image\" title=\"FB_IMG_1551807546899\" alt=\"FB_IMG_1551807546899\" style=\"width: 423px; height: 306px;\" \/> <\/a> <\/div> <\/div> <!-- close group --> <div class=\"gallery-group images-1\" style=\"width: 213px; height: 310px;\" data-original-width=\"213\" data-original-height=\"310\" > <div class=\"tiled-gallery-item tiled-gallery-item-small\" itemprop=\"associatedMedia\" itemscope itemtype=\"http:\/\/schema.org\/ImageObject\"> <a href=\"https:\/\/miradordeatarfe.es\/?attachment_id=29495\" border=\"0\" itemprop=\"url\"> <meta itemprop=\"width\" content=\"209\"> <meta itemprop=\"height\" content=\"306\"> <img decoding=\"async\" class=\"\" data-attachment-id=\"29495\" data-orig-file=\"https:\/\/miradordeatarfe.es\/wp-content\/uploads\/2019\/03\/FB_IMG_1551807549844.jpg\" data-orig-size=\"424,621\" data-comments-opened=\"\" data-image-meta=\"{&quot;aperture&quot;:&quot;0&quot;,&quot;credit&quot;:&quot;&quot;,&quot;camera&quot;:&quot;&quot;,&quot;caption&quot;:&quot;&quot;,&quot;created_timestamp&quot;:&quot;0&quot;,&quot;copyright&quot;:&quot;&quot;,&quot;focal_length&quot;:&quot;0&quot;,&quot;iso&quot;:&quot;0&quot;,&quot;shutter_speed&quot;:&quot;0&quot;,&quot;title&quot;:&quot;&quot;,&quot;orientation&quot;:&quot;0&quot;}\" data-image-title=\"FB_IMG_1551807549844\" data-image-description=\"\" data-medium-file=\"https:\/\/i0.wp.com\/miradordeatarfe.es\/wp-content\/uploads\/2019\/03\/FB_IMG_1551807549844.jpg?fit=205%2C300&#038;ssl=1\" data-large-file=\"https:\/\/i0.wp.com\/miradordeatarfe.es\/wp-content\/uploads\/2019\/03\/FB_IMG_1551807549844.jpg?fit=424%2C621&#038;ssl=1\" src=\"https:\/\/i0.wp.com\/miradordeatarfe.es\/wp-content\/uploads\/2019\/03\/FB_IMG_1551807549844.jpg?w=209&#038;h=306&#038;ssl=1\" srcset=\"https:\/\/i0.wp.com\/miradordeatarfe.es\/wp-content\/uploads\/2019\/03\/FB_IMG_1551807549844.jpg?w=424&amp;ssl=1 424w, https:\/\/i0.wp.com\/miradordeatarfe.es\/wp-content\/uploads\/2019\/03\/FB_IMG_1551807549844.jpg?resize=205%2C300&amp;ssl=1 205w\" width=\"209\" height=\"306\" loading=\"lazy\" data-original-width=\"209\" data-original-height=\"306\" itemprop=\"http:\/\/schema.org\/image\" title=\"FB_IMG_1551807549844\" alt=\"FB_IMG_1551807549844\" style=\"width: 209px; height: 306px;\" \/> <\/a> <\/div> <\/div> <!-- close group --> <\/div> <!-- close row --> <div class=\"gallery-row\" style=\"width: 640px; height: 852px;\" data-original-width=\"640\" data-original-height=\"852\" > <div class=\"gallery-group images-1\" style=\"width: 640px; height: 852px;\" data-original-width=\"640\" data-original-height=\"852\" > <div class=\"tiled-gallery-item tiled-gallery-item-large\" itemprop=\"associatedMedia\" itemscope itemtype=\"http:\/\/schema.org\/ImageObject\"> <a href=\"https:\/\/miradordeatarfe.es\/?attachment_id=29489\" border=\"0\" itemprop=\"url\"> <meta itemprop=\"width\" content=\"636\"> <meta itemprop=\"height\" content=\"848\"> <img decoding=\"async\" class=\"\" data-attachment-id=\"29489\" data-orig-file=\"https:\/\/miradordeatarfe.es\/wp-content\/uploads\/2019\/03\/FB_IMG_1551807538069.jpg\" data-orig-size=\"450,600\" data-comments-opened=\"\" data-image-meta=\"{&quot;aperture&quot;:&quot;0&quot;,&quot;credit&quot;:&quot;&quot;,&quot;camera&quot;:&quot;&quot;,&quot;caption&quot;:&quot;&quot;,&quot;created_timestamp&quot;:&quot;0&quot;,&quot;copyright&quot;:&quot;&quot;,&quot;focal_length&quot;:&quot;0&quot;,&quot;iso&quot;:&quot;0&quot;,&quot;shutter_speed&quot;:&quot;0&quot;,&quot;title&quot;:&quot;&quot;,&quot;orientation&quot;:&quot;0&quot;}\" data-image-title=\"FB_IMG_1551807538069\" data-image-description=\"\" data-medium-file=\"https:\/\/i0.wp.com\/miradordeatarfe.es\/wp-content\/uploads\/2019\/03\/FB_IMG_1551807538069.jpg?fit=225%2C300&#038;ssl=1\" data-large-file=\"https:\/\/i0.wp.com\/miradordeatarfe.es\/wp-content\/uploads\/2019\/03\/FB_IMG_1551807538069.jpg?fit=450%2C600&#038;ssl=1\" src=\"https:\/\/i0.wp.com\/miradordeatarfe.es\/wp-content\/uploads\/2019\/03\/FB_IMG_1551807538069.jpg?w=636&#038;h=848&#038;ssl=1\" srcset=\"https:\/\/i0.wp.com\/miradordeatarfe.es\/wp-content\/uploads\/2019\/03\/FB_IMG_1551807538069.jpg?w=450&amp;ssl=1 450w, https:\/\/i0.wp.com\/miradordeatarfe.es\/wp-content\/uploads\/2019\/03\/FB_IMG_1551807538069.jpg?resize=225%2C300&amp;ssl=1 225w\" width=\"636\" height=\"848\" loading=\"lazy\" data-original-width=\"636\" data-original-height=\"848\" itemprop=\"http:\/\/schema.org\/image\" title=\"FB_IMG_1551807538069\" alt=\"FB_IMG_1551807538069\" style=\"width: 636px; height: 848px;\" \/> <\/a> <\/div> <\/div> <!-- close group --> <\/div> <!-- close row --> <\/div>\n<\/div>\n","protected":false},"excerpt":{"rendered":"<p>Se trata de uno de los puntos m\u00e1s antiguos habitados de la ciudad. El origen&#8230;<\/p>\n","protected":false},"author":1,"featured_media":29496,"comment_status":"closed","ping_status":"closed","sticky":false,"template":"","format":"standard","meta":{"_coblocks_attr":"","_coblocks_dimensions":"","_coblocks_responsive_height":"","_coblocks_accordion_ie_support":"","jetpack_post_was_ever_published":false,"_jetpack_newsletter_access":"","_jetpack_dont_email_post_to_subs":false,"_jetpack_newsletter_tier_id":0,"_jetpack_memberships_contains_paywalled_content":false,"_jetpack_memberships_contains_paid_content":false,"footnotes":"","jetpack_publicize_message":"","jetpack_publicize_feature_enabled":true,"jetpack_social_post_already_shared":false,"jetpack_social_options":{"image_generator_settings":{"template":"highway","default_image_id":0,"enabled":false},"version":2}},"categories":[12,1161,186,44,15],"tags":[1144,1125],"class_list":["post-29488","post","type-post","status-publish","format-standard","has-post-thumbnail","hentry","category-cultura","category-ciudadania","category-instituciones","category-noticias-de-hoy","category-ultimas-noticias","tag-calle-elvira","tag-historia"],"jetpack_publicize_connections":[],"jetpack_featured_media_url":"https:\/\/i0.wp.com\/miradordeatarfe.es\/wp-content\/uploads\/2019\/03\/despueselvira.jpg?fit=768%2C959&ssl=1","jetpack_likes_enabled":true,"jetpack_sharing_enabled":true,"_links":{"self":[{"href":"https:\/\/miradordeatarfe.es\/index.php?rest_route=\/wp\/v2\/posts\/29488","targetHints":{"allow":["GET"]}}],"collection":[{"href":"https:\/\/miradordeatarfe.es\/index.php?rest_route=\/wp\/v2\/posts"}],"about":[{"href":"https:\/\/miradordeatarfe.es\/index.php?rest_route=\/wp\/v2\/types\/post"}],"author":[{"embeddable":true,"href":"https:\/\/miradordeatarfe.es\/index.php?rest_route=\/wp\/v2\/users\/1"}],"replies":[{"embeddable":true,"href":"https:\/\/miradordeatarfe.es\/index.php?rest_route=%2Fwp%2Fv2%2Fcomments&post=29488"}],"version-history":[{"count":1,"href":"https:\/\/miradordeatarfe.es\/index.php?rest_route=\/wp\/v2\/posts\/29488\/revisions"}],"predecessor-version":[{"id":29497,"href":"https:\/\/miradordeatarfe.es\/index.php?rest_route=\/wp\/v2\/posts\/29488\/revisions\/29497"}],"wp:featuredmedia":[{"embeddable":true,"href":"https:\/\/miradordeatarfe.es\/index.php?rest_route=\/wp\/v2\/media\/29496"}],"wp:attachment":[{"href":"https:\/\/miradordeatarfe.es\/index.php?rest_route=%2Fwp%2Fv2%2Fmedia&parent=29488"}],"wp:term":[{"taxonomy":"category","embeddable":true,"href":"https:\/\/miradordeatarfe.es\/index.php?rest_route=%2Fwp%2Fv2%2Fcategories&post=29488"},{"taxonomy":"post_tag","embeddable":true,"href":"https:\/\/miradordeatarfe.es\/index.php?rest_route=%2Fwp%2Fv2%2Ftags&post=29488"}],"curies":[{"name":"wp","href":"https:\/\/api.w.org\/{rel}","templated":true}]}}