{"id":29506,"date":"2019-03-10T09:59:33","date_gmt":"2019-03-10T08:59:33","guid":{"rendered":"http:\/\/miradordeatarfe.es\/?p=29506"},"modified":"2019-03-06T13:03:37","modified_gmt":"2019-03-06T12:03:37","slug":"asi-viene-un-festival-que-recupera-la-opera-y-la-coreografia-original-de-el-sombrero-de-tres-picos","status":"publish","type":"post","link":"https:\/\/miradordeatarfe.es\/?p=29506","title":{"rendered":"As\u00ed viene un festival que recupera la \u00f3pera y la coreograf\u00eda original de &#8216;El sombrero de tres picos&#8217;"},"content":{"rendered":"<h2 style=\"text-align: justify;\">El ciclo granadino comienza el Viernes de Corpus<\/h2>\n<p style=\"text-align: justify;\"><!--more--><\/p>\n<div id=\"cuerpo_noticia_r\" class=\"cuerpo\">\n<p style=\"text-align: justify;\">El <a title=\"Festival Granada\" href=\"https:\/\/cadenaser.com\/tag\/festival_internacional_musica_danza_granada\/a\/\">Festival Internacional de M\u00fasica y Danza de Granada<\/a> vuelve a las tres semanas de programaci\u00f3n desde el pr\u00f3ximo Viernes de Corpus con la coreograf\u00eda original de &#8216;El sombrero de tres picos&#8217;, un homenaje a Berlioz y grandes nombres de la m\u00fasica como Maria Joao Pires, Silvia P\u00e9rez Cruz, la Orquesta de Par\u00eds dirigida por Pablo Heras-Casado, la Compa\u00f1\u00eda Nacional de Danza, la Orquesta Ciudad de Granada dirigida por Ivor Bolton, Eva Yerbabuena, Dani de Mor\u00f3n y El Cabrero, uno de los grandes mitos del flamenco.<\/p>\n<p style=\"text-align: justify;\">El festival recupera la \u00f3pera con un montaje semiescenificado a cargo de la Orquesta Barroca de Friburgo, el coro de la OCG, un gran electo internacional y el montaje visual de Frederic Amat, que, adem\u00e1s, colabora en varias citas del festival y es el autor del cartel, en una edici\u00f3n que intenta fusionarse lo m\u00e1ximo posible con Granada, como ha comentado el director Heras-Casado.<\/p>\n<p style=\"text-align: justify;\">El festival, que se presenta este mi\u00e9rcoles en Madrid, ha anticipado su programaci\u00f3n este martes en Granada en un acto celebrado en el Carmen de los M\u00e1rtires. Las entradas se pondr\u00e1n a la venta el pr\u00f3ximo d\u00eda 27 de marzo. Se celebrar\u00e1 entre el 21 de junio y el 12 de julio. Este a\u00f1o se celebra la 50 edici\u00f3n de los Cursos Manuel de Falla y pronto se presentar\u00e1, adem\u00e1s, la programaci\u00f3n paralela y gratuita del FEX, la extensi\u00f3n del festival por toda Granada.<\/p>\n<p style=\"text-align: justify;\">Todas las administraciones han mostrado su apoyo al festival, se\u00f1a de identidad de la ciudad y uno de los grandes hitos culturales de todo el pa\u00eds. Ha ratificado ese apoyo la nueva consejera de Cultura de la Junta.<\/p>\n<h3 style=\"text-align: justify;\">Tradici\u00f3n y modernidad<\/h3>\n<p style=\"text-align: justify;\">La 68 edici\u00f3n del Festival de Granada tiende un puente entre la tradici\u00f3n y la vanguardia con una programaci\u00f3n que, cargada de estrenos y nombres propios, pone en valor el patrimonio cultural de la ciudad. El cartel de este a\u00f1o ha sido dise\u00f1ado por Frederic Amat, artista residente del Festival y autor tambi\u00e9n de los conceptos esc\u00e9nicos de Las bodas de F\u00edgaro de Mozart en la esperada versi\u00f3n de Ren\u00e9 Jacobs y El sombrero de tres picos de Falla, las dos grandes apuestas sobre tablas de este verano.<\/p>\n<p style=\"text-align: justify;\">A las \u00f3rdenes del maestro Ivor Bolton, la Orquesta Ciudad de Granada recurrir\u00e1 a obras de Mendelssohn en el concierto inaugural, cuyo repertorio gira en torno a la amistad, tem\u00e1tica que se repetir\u00e1 en varias de las citas del Festival, como la que protagonizar\u00e1n el fortepianista Kristian Bezuidenhout y, m\u00e1s tarde, el d\u00fao formado por la violinista Jolente De Maeyer y el pianista Nikolaas Kende, que indagar\u00e1n en la relaci\u00f3n que el matrimonio Schumann mantuvo con Brahms.<\/p>\n<p style=\"text-align: justify;\">Adem\u00e1s del tributo a Clara Schumann en el bicentenario de su nacimiento, la programaci\u00f3n prestar\u00e1 especial atenci\u00f3n a la m\u00fasica creada por mujeres a lo largo de la historia: desde las revolucionarias Sonatas de Elisabeth Jacquet de la Guerre y otras tres compositoras olvidadas del Barroco (a las que reivindicar\u00e1 la soprano y especialista Roberta Invernizzi) hasta los cuartetos de cuerda de Fanny Mendelssohn y Kaija Saariaho que desgranar\u00e1n los m\u00fasicos de Meta4.<\/p>\n<p style=\"text-align: justify;\">Al frente de la Orquesta de Par\u00eds, Christoph Eschenbach y Pablo Heras-Casado rendir\u00e1n sendos homenajes a Berlioz en el 150 aniversario de su desaparici\u00f3n y seguir\u00e1n el rastro de su Gran tratado sobre instrumentaci\u00f3n en compositores del siglo XX. En el concierto de clausura, la Mahler Chamber celebrar\u00e1 el centenario de El sombrero de tres picos de Falla y estrenar\u00e1 Alhambra: concierto para viol\u00edn y orquesta, obra que el Festival ha encargado a Peter E\u00f6tv\u00f6s.<\/p>\n<p style=\"text-align: justify;\">La m\u00fasica antigua estar\u00e1 representada por el magisterio de Harry Christophers y The Sixteen (que invocar\u00e1n las V\u00edsperas de la beata Virgen) y por artistas de la talla del Sollazzo Ensemble (que ofrecer\u00e1n un concierto en torno al Ars Nova medieval), el conjunto Vox Luminis (a prop\u00f3sito de una cuidada selecci\u00f3n de las cinco secciones de la Selva monteverdiana) y La Ritirata (con un programa que recupera el sonido de las cortes de Italia y Espa\u00f1a de los siglos XVI y XVII).<\/p>\n<p style=\"text-align: justify;\">Maria Jo\u00e3o Pires y Dmytro Choni saldar\u00e1n la cuota pian\u00edstica de una programaci\u00f3n que, por otro lado, sigue apostando por los Maestros del futuro (en cuyo ciclo est\u00e1 convocado el trompetista Manuel Blanco), las voces m\u00e1s singulares (con el estreno del nuevo proyecto de S\u00edlvia P\u00e9rez Cruz), las actividades pedag\u00f3gicas (de la mano de La Maquin\u00e9 y su Acr\u00f3bata y Arlequ\u00edn) y, por supuesto, el flamenco, que mantendr\u00e1 el list\u00f3n en lo m\u00e1s alto gracias a la guitarra de Dani de Mor\u00f3n, el cante de El Cabrero y dos espect\u00e1culos danc\u00edsticos: Cuentos de az\u00facar de Eva Yerbabuena y Un cuerpo infinito de Olga Pericet.<\/p>\n<p style=\"text-align: justify;\">La Compa\u00f1\u00eda Nacional de Danza ocupar\u00e1 un espacio primordial dentro de la programaci\u00f3n a trav\u00e9s de la recuperaci\u00f3n de la coreograf\u00eda original de El sombrero de tres picos. La Martha Graham Dance Company har\u00e1 lo propio con La consagraci\u00f3n de la primavera, que volver\u00e1 a subir al escenario 33 a\u00f1os despu\u00e9s de su estreno espa\u00f1ol en el Festival. El cartellone se completa con Las cuatro estaciones del Ballet del Teatro Mariinsky y Giselle, obra cumbre del romanticismo, a cargo del Ballet du Capitole de Toulouse.<\/p>\n<h3 style=\"text-align: justify;\">Toda la informaci\u00f3n del Festival<\/h3>\n<p style=\"text-align: justify;\">\n<p>68 Festival de Granada<\/p>\n<p>JUNIO<\/p>\n<p><strong>Viernes 21<\/strong><\/p>\n<p>Palacio de Carlos V 22.30 h <strong>Orquesta Ciudad de Granada &amp; Ivor Bolton<\/strong><\/p>\n<p><strong>S\u00e1bado 22<\/strong><\/p>\n<p>Monasterio de San Jer\u00f3nimo 12.00 h <strong>Sollazzo Ensemble<\/strong><\/p>\n<p>Teatro del Generalife 22.30 h <strong>Martha Graham Dance Company<\/strong><\/p>\n<p><strong>Domingo 23<\/strong><\/p>\n<p>Palacio de Carlos V 22.30 h <strong>Maria Jo\u00e3o Pires<\/strong><\/p>\n<p><strong>Lunes 24<\/strong><\/p>\n<p>Patio de los Arrayanes 22.30 h <strong>Cuarteto<\/strong> <strong>Meta4<\/strong><\/p>\n<p><strong>Martes 25<\/strong><\/p>\n<p>Teatro Alhambra 19.30 h <strong><em>Acr\u00f3bata y Arlequ\u00edn<\/em><\/strong><\/p>\n<p>Palacio de Carlos V 22.30 h <strong>The Sixteen Choir and Orchestra &amp; Harry Christophers<\/strong><\/p>\n<p><strong>Mi\u00e9rcoles 26<\/strong><\/p>\n<p>Teatro Alhambra 19.30 h <strong><em>Acr\u00f3bata y Arlequ\u00edn<\/em><\/strong><\/p>\n<p>Corral del Carb\u00f3n 22.00 h <strong>Dmytro Choni<\/strong><\/p>\n<p>Teatro del Generalife 22.30 h <strong>Eva Yerbabuena<\/strong><\/p>\n<p><strong>Jueves 27<\/strong><\/p>\n<p>Teatro Alhambra 19.30 h <strong><em>Acr\u00f3bata y Arlequ\u00edn<\/em><\/strong><\/p>\n<p>Palacio de los C\u00f3rdova 22.30 h <strong>Dani de Mor\u00f3n<\/strong><\/p>\n<p><strong>Viernes 28<\/strong><\/p>\n<p>Palacio de Carlos V 22.00 h <strong><em>Le nozze di Figaro<\/em><\/strong><\/p>\n<p><strong>S\u00e1bado 29<\/strong><\/p>\n<p>Monasterio de San Jer\u00f3nimo 12.00 h <strong>Concierto final Clases magistrales de direcci\u00f3n coral<\/strong><\/p>\n<p>Teatro del Generalife 22.30 h <strong>Ballet del Teatro Mariinsky de San Petersburgo<\/strong><\/p>\n<p><strong>Domingo 30<\/strong><\/p>\n<p>Palacio de Carlos V 22.00 h <strong><em>Le nozze di Figaro<\/em><\/strong><\/p>\n<p>&nbsp;<\/p>\n<p>JULIO<\/p>\n<p><strong>Lunes 1<\/strong><\/p>\n<p>Teatro del Generalife 22.30 h <strong>Ballet del Teatro Mariinsky de San Petersburgo<\/strong><\/p>\n<p><strong>Martes 2<\/strong><\/p>\n<p>Patio de los M\u00e1rmoles (Hospital Real) 22.30 h <strong>Roberta &amp; Friends Ensemble<\/strong><\/p>\n<p><strong>Mi\u00e9rcoles 3<\/strong><\/p>\n<p>Corral del Carb\u00f3n 22.00 h <strong>Manuel Blanco Quartet<\/strong><\/p>\n<p>Palacio de Carlos V 22.30 h <strong>S\u00edlvia P\u00e9rez Cruz<\/strong><\/p>\n<p><strong>Jueves 4<\/strong><\/p>\n<p>Teatro Isabel la Cat\u00f3lica 22.30 h <strong>Olga Pericet<\/strong><\/p>\n<p><strong>Viernes 5<\/strong><\/p>\n<p>Palacio de Carlos V 22.30 h <strong>Orchestre de Paris &amp; Pablo Heras-Casado<\/strong><\/p>\n<p><strong>S\u00e1bado 6<\/strong><\/p>\n<p>Monasterio de San Jer\u00f3nimo 12.00 h <strong>Vox Luminis<\/strong><\/p>\n<p>Teatro del Generalife 22.30 h <strong>Compa\u00f1\u00eda Nacional de Danza<\/strong><\/p>\n<p><strong>Domingo 7<\/strong><\/p>\n<p>Palacio de Carlos V 22.30 h <strong>Orchestre de Paris &amp; Christoph Eschenbach<\/strong><\/p>\n<p><strong>Lunes 8<\/strong><\/p>\n<p>Patio de los Arrayanes 22.30 h <strong>La Ritirata<\/strong><\/p>\n<p><strong>Martes 9<\/strong><\/p>\n<p>Auditorio Manuel de Falla (Sala B) 22.30 h <strong>Kristian Bezuidenhout<\/strong><\/p>\n<p><strong>Mi\u00e9rcoles 10<\/strong><\/p>\n<p>Corral del Carb\u00f3n 22.00 h <strong>Jolente De Maeyer &amp; Nikolaas Kende<\/strong><\/p>\n<p>Plaza de los Aljibes 22.30 h <strong>El Cabrero<\/strong><\/p>\n<p><strong>Jueves 11<\/strong><\/p>\n<p>Teatro del Generalife 22.30 h <strong>Ballet du Capitole de Toulouse<\/strong><\/p>\n<p><strong>Viernes 12<\/strong><\/p>\n<p>Palacio de Carlos V 22.30 h <strong>Mahler Chamber Orchestra &amp; Pablo Heras-Casado<\/strong><\/p>\n<\/div>\n<p>RAFAEL TROYANO<\/p>\n<div id=\"cuerpo_noticia_r\" class=\"cuerpo\">\n<p><a href=\"https:\/\/cadenaser.com\/emisora\/2019\/03\/05\/radio_granada\/1551800845_120904.html\">https:\/\/cadenaser.com\/emisora\/2019\/03\/05\/radio_granada\/1551800845_120904.html<\/a><\/p>\n<\/div>\n<p>FOTO: Pablo Heras-Casado, en el centro, junto a las autoridades que han participado en la presentaci\u00f3n del Festival Internacional de M\u00fasica y Danza de Granada \/ Rafael Troyano<\/p>\n","protected":false},"excerpt":{"rendered":"<p>El ciclo granadino comienza el Viernes de Corpus<\/p>\n","protected":false},"author":1,"featured_media":29507,"comment_status":"closed","ping_status":"closed","sticky":false,"template":"","format":"standard","meta":{"_coblocks_attr":"","_coblocks_dimensions":"","_coblocks_responsive_height":"","_coblocks_accordion_ie_support":"","jetpack_post_was_ever_published":false,"_jetpack_newsletter_access":"","_jetpack_dont_email_post_to_subs":false,"_jetpack_newsletter_tier_id":0,"_jetpack_memberships_contains_paywalled_content":false,"_jetpack_memberships_contains_paid_content":false,"footnotes":"","jetpack_publicize_message":"","jetpack_publicize_feature_enabled":true,"jetpack_social_post_already_shared":false,"jetpack_social_options":{"image_generator_settings":{"template":"highway","default_image_id":0,"enabled":false},"version":2}},"categories":[12,186,44,15],"tags":[4611,129],"class_list":["post-29506","post","type-post","status-publish","format-standard","has-post-thumbnail","hentry","category-cultura","category-instituciones","category-noticias-de-hoy","category-ultimas-noticias","tag-festival-internacional-de-musica","tag-granada"],"jetpack_publicize_connections":[],"jetpack_featured_media_url":"https:\/\/i0.wp.com\/miradordeatarfe.es\/wp-content\/uploads\/2019\/03\/1551800845_120904_1551800928_noticia_normal_recorte1.jpg?fit=1300%2C731&ssl=1","jetpack_likes_enabled":true,"jetpack_sharing_enabled":true,"_links":{"self":[{"href":"https:\/\/miradordeatarfe.es\/index.php?rest_route=\/wp\/v2\/posts\/29506","targetHints":{"allow":["GET"]}}],"collection":[{"href":"https:\/\/miradordeatarfe.es\/index.php?rest_route=\/wp\/v2\/posts"}],"about":[{"href":"https:\/\/miradordeatarfe.es\/index.php?rest_route=\/wp\/v2\/types\/post"}],"author":[{"embeddable":true,"href":"https:\/\/miradordeatarfe.es\/index.php?rest_route=\/wp\/v2\/users\/1"}],"replies":[{"embeddable":true,"href":"https:\/\/miradordeatarfe.es\/index.php?rest_route=%2Fwp%2Fv2%2Fcomments&post=29506"}],"version-history":[{"count":1,"href":"https:\/\/miradordeatarfe.es\/index.php?rest_route=\/wp\/v2\/posts\/29506\/revisions"}],"predecessor-version":[{"id":29508,"href":"https:\/\/miradordeatarfe.es\/index.php?rest_route=\/wp\/v2\/posts\/29506\/revisions\/29508"}],"wp:featuredmedia":[{"embeddable":true,"href":"https:\/\/miradordeatarfe.es\/index.php?rest_route=\/wp\/v2\/media\/29507"}],"wp:attachment":[{"href":"https:\/\/miradordeatarfe.es\/index.php?rest_route=%2Fwp%2Fv2%2Fmedia&parent=29506"}],"wp:term":[{"taxonomy":"category","embeddable":true,"href":"https:\/\/miradordeatarfe.es\/index.php?rest_route=%2Fwp%2Fv2%2Fcategories&post=29506"},{"taxonomy":"post_tag","embeddable":true,"href":"https:\/\/miradordeatarfe.es\/index.php?rest_route=%2Fwp%2Fv2%2Ftags&post=29506"}],"curies":[{"name":"wp","href":"https:\/\/api.w.org\/{rel}","templated":true}]}}