{"id":29541,"date":"2019-03-09T08:38:39","date_gmt":"2019-03-09T07:38:39","guid":{"rendered":"http:\/\/miradordeatarfe.es\/?p=29541"},"modified":"2019-03-06T22:14:25","modified_gmt":"2019-03-06T21:14:25","slug":"abierto-el-proceso-de-escolarizacion-en-los-centros-de-la-provincia-que-suman-dos-nuevas-aulas-matinales-y-cinco-comedores","status":"publish","type":"post","link":"https:\/\/miradordeatarfe.es\/?p=29541","title":{"rendered":"Abierto el proceso de escolarizaci\u00f3n en los centros de la provincia, que suman dos nuevas aulas matinales y cinco comedores"},"content":{"rendered":"<div id=\"main\">\n<div class=\"item\">\n<div class=\"cols2-2\">\n<div class=\"colA\">\n<div class=\"datos\">\n<div class=\"addthis_sharing_toolbox addthis\" data-url=\"http:\/\/www.elindependientedegranada.es\/ciudadania\/abierto-proceso-escolarizacion-centros-provincia-que-suman-dos-nuevas-aulas-matinales\" data-title=\"Abierto el proceso de escolarizaci\u00f3n en los centros de la provincia, que suman dos nuevas aulas matinales y cinco comedores | El Independiente de Granada\">\n<div id=\"atstbx\" class=\"at-share-tbx-element addthis-smartlayers addthis-animated at4-show\" role=\"region\" aria-labelledby=\"at-b43f1f59-a76b-49a8-8f61-185d29519443\"><\/div>\n<\/div>\n<\/div>\n<\/div>\n<\/div>\n<\/div>\n<\/div>\n<div class=\"entrad\" style=\"text-align: justify;\">Hasta final de marzo se tramita la admisi\u00f3n para el alumnado que se incorpora por primera vez al sistema educativo y para el que cambie de centro escolar.<\/div>\n<div style=\"text-align: justify;\"><\/div>\n<p style=\"text-align: justify;\"><!--more--><\/p>\n<div class=\"cuerpo\">\n<p style=\"text-align: justify;\">La Consejer\u00eda de Educaci\u00f3n y Deporte oferta en Granada 8.250 plazas de nuevo ingreso para el alumnado de tres a\u00f1os para el pr\u00f3ximo curso, cuando habr\u00e1 un total de 123.370 plazas en los centros educativos de la provincia sostenidos con fondos p\u00fablicos para las ense\u00f1anzas de Segundo Ciclo de Educaci\u00f3n Infantil, Educaci\u00f3n Primaria, Educaci\u00f3n Especial, Educaci\u00f3n Secundaria Obligatoria y Bachillerato.<\/p>\n<p style=\"text-align: justify;\">El plazo para la presentaci\u00f3n de solicitudes de admisi\u00f3n en los 842 centros de la provincia permanecer\u00e1 abierto todo el mes de marzo. Se inicia de este modo el proceso de escolarizaci\u00f3n en el que participan todos los ni\u00f1os que se incorporan por primera vez al sistema educativo, tanto en centros p\u00fablicos como concertados, as\u00ed como el alumnado que cambie de centro escolar.<\/p>\n<p style=\"text-align: justify;\">La Junta se\u00f1ala en una nota que la escolarizaci\u00f3n se caracteriza por ser un \u00abproceso garantista y transparente que permitir\u00e1 que la totalidad de las familias puedan obtener plaza en los colegios e institutos solicitados en su zona de escolarizaci\u00f3n\u00bb. En el curso pasado, el 89,39 por ciento obtuvo puesto en el centro de primera opci\u00f3n y el 94,06 por ciento lo consigui\u00f3 en alguno de los centros solicitados.<\/p>\n<h4 style=\"text-align: justify;\">Novedades<\/h4>\n<p style=\"text-align: justify;\">En Granada, la ampliaci\u00f3n de los servicios complementarios llega a siete centros. En lo que se refiere al Aula matinal, se incorpora El CEIP Virgen de la Cabeza de Beas de Granada y el CEIP San Isidro Labrador de La Malah\u00e1.<\/p>\n<p style=\"text-align: justify;\">Cinco son los centros que contar\u00e1n con nuevos comedores escolares:\u00a0CEIP Las Encinas de Alfacar, CEIP Virgen de la Antigua y CEIP R\u00edo Verde, ambos de Almu\u00f1\u00e9car, CEIP Ntra. Sra. del Rosario de Chimeneas y el CPR Al-Dehec\u00fan de Villanueva de las Torres.<\/p>\n<p style=\"text-align: justify;\">Las plazas autorizadas de comedores se incrementan, dice la Junta, lo que va a posibilitar que todas aquellas familias en las que ambos progenitores trabajan (o el padre o la madre en el caso de las monoparentales) y justifiquen la imposibilidad de atenderlo en el horario de este servicio dispongan del puesto solicitado.<\/p>\n<p style=\"text-align: justify;\">Por otro lado, tres centros incorporan nuevas ense\u00f1anzas. Es el caso del IES Puerta del Mar de Almu\u00f1\u00e9car, que recibe la autorizaci\u00f3n para impartir Bachillerato en las modalidades de Ciencias y Humanidades y Ciencias Sociales. Dos conservatorios a\u00f1aden nuevas ense\u00f1anzas. El CPM \u00c1ngel Barrios de Granada impartir\u00e1 Ense\u00f1anzas B\u00e1sicas Musicales en Guitarra flamenca y el CPM Antonio Lorenzo de Motril har\u00e1 lo propio en Trompeta.<\/p>\n<h4 style=\"text-align: justify;\">Procedimiento<\/h4>\n<p style=\"text-align: justify;\">El procedimiento de escolarizaci\u00f3n se inicia con la publicaci\u00f3n por parte de los centros educativos de la relaci\u00f3n de puestos escolares vacantes, as\u00ed como de la informaci\u00f3n sobre las direcciones catastrales comprendidas en sus zonas de influencia y lim\u00edtrofes. Cuando la oferta de plazas coincida o sea superior a la demanda, los solicitantes ser\u00e1n admitidos y s\u00f3lo en aquellos casos en los que no se puedan atender toda las peticiones, se proceder\u00e1 a la baremaci\u00f3n de las mismas.<\/p>\n<p style=\"text-align: justify;\">Cada centro docente har\u00e1 p\u00fablica en su tabl\u00f3n de anuncios, antes del 10 de abril, la relaci\u00f3n de solicitantes con la puntuaci\u00f3n asignada y, a partir de esa fecha, se abrir\u00e1 un plazo de diez d\u00edas lectivos para la presentaci\u00f3n de alegaciones. Si tras la aplicaci\u00f3n de los criterios de baremaci\u00f3n se producen empates, se aplicar\u00e1 el resultado del sorteo p\u00fablico que se celebrar\u00e1 el 13 de mayo, una vez cerrado el proceso de admisi\u00f3n de solicitudes. La relaci\u00f3n definitiva de alumnado admitido y no admitido saldr\u00e1 el 14 de mayo.<\/p>\n<p style=\"text-align: justify;\">Los plazos para las ense\u00f1anzas de Idiomas, Formaci\u00f3n Profesional Inicial, Educaci\u00f3n permanente de personas adultas, as\u00ed como las ense\u00f1anzas b\u00e1sicas y profesionales de M\u00fasica y de Danza, se establecer\u00e1n a partir del mes de abril.<\/p>\n<p style=\"text-align: justify;\">Las familias pueden acceder al Portal de la Escolarizaci\u00f3n, disponible a trav\u00e9s de la web de la Consejer\u00eda, que recoge toda la informaci\u00f3n sobre los centros docentes, sus ense\u00f1anzas y la oferta de servicios complementarios, as\u00ed como la normativa reguladora y el impreso de solicitud, que se podr\u00e1 presentar telem\u00e1ticamente o bien en los propios colegios e institutos. Adem\u00e1s, la aplicaci\u00f3n APP iEscolariza permite realizar consultas de centros y de los puntos de baremo por domicilio. A trav\u00e9s de este dispositivo las familias recibir\u00e1n notificaciones gratuitas tanto del procedimiento como de su solicitud.<\/p>\n<p style=\"text-align: justify;\">Durante el mes de marzo se desarrolla tambi\u00e9n la campa\u00f1a de escolarizaci\u00f3n para informar a la sociedad andaluza sobre el proceso de escolarizaci\u00f3n. Sus tr\u00edpticos podr\u00e1n ser descargados gratuitamente del portal de escolarizaci\u00f3n. Finalmente, y como en a\u00f1os anteriores, la Consejer\u00eda de Educaci\u00f3n y Deporte ha habilitado un tel\u00e9fono gratuito de informaci\u00f3n (900 848 000), en horario ininterrumpido de 8.00 a 19.00 horas.<\/p>\n<p style=\"text-align: justify;\">Como novedad se implementar\u00e1 el \u00absobre electr\u00f3nico de matr\u00edcula\u00bb en educaci\u00f3n secundaria obligatoria, donde las familias podr\u00e1n formalizar la matr\u00edcula y solicitar los servicios complementarios.<\/p>\n<div class=\"cols2-2\">\n<div class=\"colA\">\n<div class=\"datos\" style=\"text-align: justify;\"><span class=\"catego\"><a href=\"http:\/\/www.elindependientedegranada.es\/ciudadania\">Ciudadan\u00eda<\/a><\/span> &#8211; <span class=\"autor\"> E.P.\/IndeGranada<\/span><\/div>\n<div style=\"text-align: justify;\">foto: Hay 8.250 plazas para menores de tres a\u00f1os.<\/div>\n<div style=\"text-align: justify;\"><a href=\"http:\/\/www.elindependientedegranada.es\/ciudadania\/abierto-proceso-escolarizacion-centros-provincia-que-suman-dos-nuevas-aulas-matinales\">http:\/\/www.elindependientedegranada.es\/ciudadania\/abierto-proceso-escolarizacion-centros-provincia-que-suman-dos-nuevas-aulas-matinales<\/a><\/div>\n<\/div>\n<\/div>\n<\/div>\n","protected":false},"excerpt":{"rendered":"<p>Hasta final de marzo se tramita la admisi\u00f3n para el alumnado que se incorpora por&#8230;<\/p>\n","protected":false},"author":1,"featured_media":29542,"comment_status":"closed","ping_status":"closed","sticky":false,"template":"","format":"standard","meta":{"_coblocks_attr":"","_coblocks_dimensions":"","_coblocks_responsive_height":"","_coblocks_accordion_ie_support":"","jetpack_post_was_ever_published":false,"_jetpack_newsletter_access":"","_jetpack_dont_email_post_to_subs":false,"_jetpack_newsletter_tier_id":0,"_jetpack_memberships_contains_paywalled_content":false,"_jetpack_memberships_contains_paid_content":false,"footnotes":"","jetpack_publicize_message":"","jetpack_publicize_feature_enabled":true,"jetpack_social_post_already_shared":false,"jetpack_social_options":{"image_generator_settings":{"template":"highway","default_image_id":0,"enabled":false},"version":2}},"categories":[44,15],"tags":[2035,129],"class_list":["post-29541","post","type-post","status-publish","format-standard","has-post-thumbnail","hentry","category-noticias-de-hoy","category-ultimas-noticias","tag-escolarizacion","tag-granada"],"jetpack_publicize_connections":[],"jetpack_featured_media_url":"https:\/\/i0.wp.com\/miradordeatarfe.es\/wp-content\/uploads\/2019\/03\/escolarizacion_0.jpg?fit=600%2C399&ssl=1","jetpack_likes_enabled":true,"jetpack_sharing_enabled":true,"_links":{"self":[{"href":"https:\/\/miradordeatarfe.es\/index.php?rest_route=\/wp\/v2\/posts\/29541","targetHints":{"allow":["GET"]}}],"collection":[{"href":"https:\/\/miradordeatarfe.es\/index.php?rest_route=\/wp\/v2\/posts"}],"about":[{"href":"https:\/\/miradordeatarfe.es\/index.php?rest_route=\/wp\/v2\/types\/post"}],"author":[{"embeddable":true,"href":"https:\/\/miradordeatarfe.es\/index.php?rest_route=\/wp\/v2\/users\/1"}],"replies":[{"embeddable":true,"href":"https:\/\/miradordeatarfe.es\/index.php?rest_route=%2Fwp%2Fv2%2Fcomments&post=29541"}],"version-history":[{"count":1,"href":"https:\/\/miradordeatarfe.es\/index.php?rest_route=\/wp\/v2\/posts\/29541\/revisions"}],"predecessor-version":[{"id":29543,"href":"https:\/\/miradordeatarfe.es\/index.php?rest_route=\/wp\/v2\/posts\/29541\/revisions\/29543"}],"wp:featuredmedia":[{"embeddable":true,"href":"https:\/\/miradordeatarfe.es\/index.php?rest_route=\/wp\/v2\/media\/29542"}],"wp:attachment":[{"href":"https:\/\/miradordeatarfe.es\/index.php?rest_route=%2Fwp%2Fv2%2Fmedia&parent=29541"}],"wp:term":[{"taxonomy":"category","embeddable":true,"href":"https:\/\/miradordeatarfe.es\/index.php?rest_route=%2Fwp%2Fv2%2Fcategories&post=29541"},{"taxonomy":"post_tag","embeddable":true,"href":"https:\/\/miradordeatarfe.es\/index.php?rest_route=%2Fwp%2Fv2%2Ftags&post=29541"}],"curies":[{"name":"wp","href":"https:\/\/api.w.org\/{rel}","templated":true}]}}