{"id":29544,"date":"2019-03-15T11:48:24","date_gmt":"2019-03-15T10:48:24","guid":{"rendered":"http:\/\/miradordeatarfe.es\/?p=29544"},"modified":"2019-03-14T11:15:50","modified_gmt":"2019-03-14T10:15:50","slug":"atarfe-la-fundacion-sierra-elvira-convoca-3er-concurso-de-escultura-2019","status":"publish","type":"post","link":"https:\/\/miradordeatarfe.es\/?p=29544","title":{"rendered":"ATARFE: LA FUNDACI\u00d3N SIERRA ELVIRA CONVOCA 3er Concurso de Escultura, 2019"},"content":{"rendered":"<p style=\"text-align: justify;\">\u00a0\u00a0 La Fundaci\u00f3n Sierra Elvira, en adelante la Fundaci\u00f3n, y el Departamento de Escultura de la Universidad de Granada convocan este 3<sup>er<\/sup> Concurso de Escultura dirigido a mayores de edad, hasta un l\u00edmite de 32 a\u00f1os, residentes en Espa\u00f1a.<!--more--><\/p>\n<p style=\"text-align: justify;\">\u00a0\u00a0Cada artista podr\u00e1 presentar una sola obra, que no est\u00e9 presentada en otro concurso ni haya sido premiada anteriormente, con libertad de temas, procedimientos y materiales, cuya medida en cualquiera de sus lados no sobrepasar\u00e1 los 60 cent\u00edmetros, ni ser\u00e1 menor de 18 cm.<\/p>\n<p style=\"text-align: justify;\">Cada participante remitir\u00e1 por correo electr\u00f3nico a la direcci\u00f3n: info@fundacionsierraelvira.org una o dos fotograf\u00edas en color en formato digital (jpg, jpeg o tiff) de al menos 300 ppp de resoluci\u00f3n (m\u00e1ximo 1 Mb cada imagen) y la <a href=\"http:\/\/www.fundacionsierraelvira.org\/escultura\/insescultura19.doc\">Ficha de Inscripci\u00f3n<\/a>, entre los d\u00edas 2 a 9 de septiembre, 2019.<\/p>\n<p style=\"text-align: justify;\">\u00a0\u00a0El jurado seleccionar\u00e1 las obras a exponer y comunicar\u00e1 su decisi\u00f3n antes del d\u00eda 20 de septiembre de 2019. Los artistas seleccionados deber\u00e1n entregar su obra y respectiva ficha t\u00e9cnica a la Fundaci\u00f3n, en un embalaje reutilizable, <strong>desde el martes 24 al viernes 27 de septiembre de 2019, en la direcci\u00f3n<\/strong>:<\/p>\n<p style=\"text-align: justify;\"><b>Centro Cultural Medina Elvira<\/b><br \/>\n<b>3<sup>er<\/sup> Concurso de Escultura &#8211; FSE<\/b><br \/>\n<b>Av. de la Diputaci\u00f3n s\/n<\/b><br \/>\n<b>18230 Atarfe (Granada)<\/b><\/p>\n<p style=\"text-align: justify;\">\u00a0\u00a0El jurado otorgar\u00e1 dos premios: diploma y gratificaci\u00f3n, y las menciones honor\u00edficas que considere convenientes, en su caso. La entrega de premios est\u00e1 prevista durante la tarde del viernes 4 de octubre de 2019, siendo obligatoria la asistencia de los finalistas seleccionados.<br \/>\nLas obras premiadas pasan a ser propiedad de la Fundaci\u00f3n como parte de su patrimonio, con derecho a ser reproducidas gr\u00e1ficamente para uso en sus actividades.<\/p>\n<p style=\"text-align: justify;\">Este anuncio es un resumen de las <a href=\"http:\/\/www.fundacionsierraelvira.org\/escultura\/escult2019.doc\">Bases<\/a>, por lo que se recomienda que se lean detenidamente.<\/p>\n<p style=\"text-align: justify;\"><a href=\"http:\/\/www.fundacionsierraelvira.org\/activ.html\">http:\/\/www.fundacionsierraelvira.org\/activ.html<\/a><\/p>\n<p style=\"text-align: justify;\"><i>FOTO: El n\u00f3mada, por Paula Alonso Elbaile. Primer premio del 2\u00ba Concurso de Escultura, 2017.<\/i><\/p>\n","protected":false},"excerpt":{"rendered":"<p>\u00a0\u00a0 La Fundaci\u00f3n Sierra Elvira, en adelante la Fundaci\u00f3n, y el Departamento de Escultura de&#8230;<\/p>\n","protected":false},"author":1,"featured_media":29545,"comment_status":"closed","ping_status":"closed","sticky":false,"template":"","format":"standard","meta":{"_coblocks_attr":"","_coblocks_dimensions":"","_coblocks_responsive_height":"","_coblocks_accordion_ie_support":"","jetpack_post_was_ever_published":false,"_jetpack_newsletter_access":"","_jetpack_dont_email_post_to_subs":false,"_jetpack_newsletter_tier_id":0,"_jetpack_memberships_contains_paywalled_content":false,"_jetpack_memberships_contains_paid_content":false,"footnotes":"","jetpack_publicize_message":"","jetpack_publicize_feature_enabled":true,"jetpack_social_post_already_shared":false,"jetpack_social_options":{"image_generator_settings":{"template":"highway","default_image_id":0,"enabled":false},"version":2}},"categories":[2,12,44,15],"tags":[81,90,332],"class_list":["post-29544","post","type-post","status-publish","format-standard","has-post-thumbnail","hentry","category-atarfe","category-cultura","category-noticias-de-hoy","category-ultimas-noticias","tag-atarfe","tag-cultura","tag-fundacion-sierra-elvira"],"jetpack_publicize_connections":[],"jetpack_featured_media_url":"https:\/\/i0.wp.com\/miradordeatarfe.es\/wp-content\/uploads\/2019\/03\/nomada.jpg?fit=102%2C137&ssl=1","jetpack_likes_enabled":true,"jetpack_sharing_enabled":true,"_links":{"self":[{"href":"https:\/\/miradordeatarfe.es\/index.php?rest_route=\/wp\/v2\/posts\/29544","targetHints":{"allow":["GET"]}}],"collection":[{"href":"https:\/\/miradordeatarfe.es\/index.php?rest_route=\/wp\/v2\/posts"}],"about":[{"href":"https:\/\/miradordeatarfe.es\/index.php?rest_route=\/wp\/v2\/types\/post"}],"author":[{"embeddable":true,"href":"https:\/\/miradordeatarfe.es\/index.php?rest_route=\/wp\/v2\/users\/1"}],"replies":[{"embeddable":true,"href":"https:\/\/miradordeatarfe.es\/index.php?rest_route=%2Fwp%2Fv2%2Fcomments&post=29544"}],"version-history":[{"count":1,"href":"https:\/\/miradordeatarfe.es\/index.php?rest_route=\/wp\/v2\/posts\/29544\/revisions"}],"predecessor-version":[{"id":29546,"href":"https:\/\/miradordeatarfe.es\/index.php?rest_route=\/wp\/v2\/posts\/29544\/revisions\/29546"}],"wp:featuredmedia":[{"embeddable":true,"href":"https:\/\/miradordeatarfe.es\/index.php?rest_route=\/wp\/v2\/media\/29545"}],"wp:attachment":[{"href":"https:\/\/miradordeatarfe.es\/index.php?rest_route=%2Fwp%2Fv2%2Fmedia&parent=29544"}],"wp:term":[{"taxonomy":"category","embeddable":true,"href":"https:\/\/miradordeatarfe.es\/index.php?rest_route=%2Fwp%2Fv2%2Fcategories&post=29544"},{"taxonomy":"post_tag","embeddable":true,"href":"https:\/\/miradordeatarfe.es\/index.php?rest_route=%2Fwp%2Fv2%2Ftags&post=29544"}],"curies":[{"name":"wp","href":"https:\/\/api.w.org\/{rel}","templated":true}]}}