{"id":29553,"date":"2019-03-07T07:56:28","date_gmt":"2019-03-07T06:56:28","guid":{"rendered":"http:\/\/miradordeatarfe.es\/?p=29553"},"modified":"2019-03-06T22:04:05","modified_gmt":"2019-03-06T21:04:05","slug":"dia-internacional-de-la-mujer-que-paso-el-8-de-marzo-de-1857","status":"publish","type":"post","link":"https:\/\/miradordeatarfe.es\/?p=29553","title":{"rendered":"D\u00eda Internacional de la Mujer: \u00bfQu\u00e9 pas\u00f3 el 8 de marzo de 1857?"},"content":{"rendered":"<p style=\"text-align: justify;\">El incendio de una f\u00e1brica de camisas de Nueva York, en que murieron 146 personas, marc\u00f3 la lucha por los derechos de la mujer<!--more--><\/p>\n<div class=\"ep-media\" style=\"text-align: justify;\">\n<div class=\"txt\">\n<p class=\"subtitle\">D\u00cdA INTERNACIONAL DE LA MUJER: Trabajadoras textiles de Nueva York, durante una huelga en 1910.<\/p>\n<\/div>\n<\/div>\n<p style=\"text-align: justify;\">El\u00a0<strong>D\u00eda Internacional de la Mujer\u00a0<\/strong>del 8 de marzo fue declarado por la ONU en 1975. Dos a\u00f1os despu\u00e9s se convirti\u00f3 en el D\u00eda Internacional de la Mujer y la Paz Internacional. En Estados Unidos se celebra oficialmente solo desde 1994, a pesar de que en aquel pa\u00eds se encuentran los or\u00edgenes de esta conmemoraci\u00f3n. \u00bfPor qu\u00e9 ese d\u00eda?<\/p>\n<div class=\"ep-destacado\" style=\"text-align: justify;\">\n<h3 class=\"title\">\u25ba As\u00ed te afectar\u00e1 la\u00a0<a href=\"https:\/\/www.elperiodico.com\/es\/economia\/20190304\/huelga-8-de-marzo-2019-7330346\"><strong>huelga feminista del 8 de marzo del 2019<\/strong><\/a><\/h3>\n<\/div>\n<p style=\"text-align: justify;\">La explicaci\u00f3n m\u00e1s veros\u00edmil se enmarca en\u00a0plena revoluci\u00f3n industrial:\u00a0el\u00a0<strong>8 de marzo de 1857<\/strong>, un grupo de trabajadoras textiles decidi\u00f3 salir a las calles de\u00a0Nueva York\u00a0para\u00a0<strong>protestar\u00a0<\/strong>por las m\u00edseras condiciones laborales. Ser\u00eda una de las primeras manifestaciones para luchar por sus<strong>\u00a0derechos<\/strong>.\u00a0Distintos movimientos y sucesos se sucedieron a partir de ese episodio, que sirvi\u00f3 de referencia para fijar la fecha del\u00a0<a title=\"D\u00eda Internacional de la Mujer, en la Wikipedia\" href=\"https:\/\/es.wikipedia.org\/wiki\/D%C3%ADa_Internacional_de_la_Mujer\" target=\"_blank\" rel=\"noopener\">D\u00eda Internacional de la Mujer en el 8 de marzo<\/a>. En el a\u00f1o 2018, Google se\u00a0sum\u00f3 a la celebraci\u00f3n con un &#8216;doodle&#8217;.<\/p>\n<div class=\"ep-media\" style=\"text-align: justify;\">\n<div class=\"thumb\"><a href=\"https:\/\/i0.wp.com\/miradordeatarfe.es\/wp-content\/uploads\/2019\/03\/GOOGLE.jpg?ssl=1\"><img data-recalc-dims=\"1\" loading=\"lazy\" decoding=\"async\" class=\"alignnone size-medium wp-image-29554\" src=\"https:\/\/i0.wp.com\/miradordeatarfe.es\/wp-content\/uploads\/2019\/03\/GOOGLE.jpg?resize=300%2C149&#038;ssl=1\" alt=\"\" width=\"300\" height=\"149\" srcset=\"https:\/\/i0.wp.com\/miradordeatarfe.es\/wp-content\/uploads\/2019\/03\/GOOGLE.jpg?resize=300%2C149&amp;ssl=1 300w, https:\/\/i0.wp.com\/miradordeatarfe.es\/wp-content\/uploads\/2019\/03\/GOOGLE.jpg?resize=600%2C297&amp;ssl=1 600w, https:\/\/i0.wp.com\/miradordeatarfe.es\/wp-content\/uploads\/2019\/03\/GOOGLE.jpg?w=660&amp;ssl=1 660w\" sizes=\"auto, (max-width: 300px) 100vw, 300px\" \/><\/a><\/p>\n<div id=\"linicom_imgid1551905782583_1\">\n<div id=\"linicom_gp1551905782583_1\" dir=\"ltr\">\n<div id=\"linicom_addiv_gp_1551905782583_1\"><\/div>\n<\/div>\n<div id=\"linicom_ii1551905782583_1\">\n<div id=\"linicom_addiv_ii_1551905782583_1\"><\/div>\n<\/div>\n<\/div>\n<\/div>\n<div class=\"txt\">\n<p class=\"subtitle\">&#8216;Doodle&#8217; de Google por el D\u00eda Internacional de la Mujer.<\/p>\n<\/div>\n<\/div>\n<p style=\"text-align: justify;\">El cap\u00edtulo\u00a0m\u00e1s cruento\u00a0de la lucha por los derechos de la mujer se produjo, sin embargo, el\u00a0<strong>25 de marzo de 1911<\/strong>, cuando se\u00a0<strong>incendi\u00f3 la\u00a0f\u00e1brica de camisas Shirtwaist\u00a0<\/strong>de\u00a0Nueva York. Un total de 123 mujeres y 23 hombres murieron. La mayor\u00eda eran j\u00f3venes inmigrantes que ten\u00edan entre 14 y 23 a\u00f1os.<\/p>\n<p style=\"text-align: justify;\">Fue el desastre industrial m\u00e1s mort\u00edfero\u00a0de la historia de la ciudad y suposo la introducci\u00f3n de nuevas normas de seguridad y salud laboral en EEUU. \u00a0Seg\u00fan el informe de los bomberos, una colilla mal apagada tirada en un cubo de restos de tela que no se hab\u00eda vaciado en dos meses fue el origen del<strong>\u00a0incendio<\/strong>. Los trabajadores no pudieron escapar porque los responsables de la f\u00e1brica hab\u00edan<strong>\u00a0cerrado todas las puertas\u00a0<\/strong>de escaleras y de las salidas, una pr\u00e1ctica habitual entonces para evitar robos.<\/p>\n<h3 style=\"text-align: justify;\">Precedentes del D\u00eda Internacional de la Mujer<\/h3>\n<p style=\"text-align: justify;\">Antes de esta fecha, en EEUU, el 28 de febrero de 1909 Nueva York y Chicago ya hab\u00edan acogido un acto que bautizaron con el nombre de &#8216;D\u00eda de la Mujer&#8217;, organizado por destacadas mujeres socialistas como\u00a0<strong>Corinne Brown y Gertrude Breslau-Hunt<\/strong>.<\/p>\n<p style=\"text-align: justify;\">En Europa, fue en 1910 cuando durante la 2\u00aa\u00a0Conferencia Internacional de Mujeres Socialistas, celebrada en\u00a0<strong>Copenhague<\/strong>\u00a0con la asistencia de m\u00e1s de 100 mujeres procedentes de 17 pa\u00edses, se decidi\u00f3\u00a0proclamar el D\u00eda Internacional de la Mujer Trabajadora.<\/p>\n<div style=\"text-align: justify;\"><iframe id=\"1551905778190_TBOtherPlayer_10\" src=\"https:\/\/www.youtube.com\/embed\/9DrZPOfF68s?enablejsapi=1\" frameborder=\"0\" allowfullscreen=\"allowfullscreen\" data-mce-fragment=\"1\"><\/iframe><\/div>\n<p style=\"text-align: justify;\">Detr\u00e1s de esta iniciativa estaban defensoras de los derechos de las mujeres\u00a0como<strong>\u00a0Clara Zetkin o Rosa Luxemburgo<\/strong>. No fijaron una fecha concreta, pero s\u00ed el mes: marzo.<\/p>\n<h3 style=\"text-align: justify;\">Derecho a votar<\/h3>\n<p style=\"text-align: justify;\">Como consecuencia de esa cumbre de Copenhague, el mes de\u00a0marzo de 1911 se celebr\u00f3 por primera vez el D\u00eda de la Mujer en\u00a0<strong>Alemania, Austria, Dinamarca y Suiza<\/strong>. Se organizaron m\u00edtines en los que las mujeres reclamaron derecho a votar, a ocupar cargos p\u00fablicos, a trabajar, a la formaci\u00f3n profesional y a la no discriminaci\u00f3n laboral.<\/p>\n<p style=\"text-align: justify;\">Coincidiendo con la<strong>\u00a0primera guerra mundial<\/strong>, la fecha se aprovech\u00f3 en toda Europa para protestar por las consecuencias de la guerra.<\/p>\n<h3 style=\"text-align: justify;\">El color morado<\/h3>\n<p style=\"text-align: justify;\">La celebraci\u00f3n se fue ampliando progresivamente a m\u00e1s pa\u00edses.\u00a0<strong>Rusia<\/strong>\u00a0adopt\u00f3 el D\u00eda de la Mujer tras la\u00a0Revoluci\u00f3n rusa de 1917. Le siguieron muchos pa\u00edses. En<strong>\u00a0China<\/strong>\u00a0se celebra desde\u00a01922, mientras que en\u00a0<strong>Espa\u00f1a\u00a0<\/strong>se celebr\u00f3 por primera vez en\u00a01936.<\/p>\n<p style=\"text-align: justify;\">El color morado\u00a0es el color representativo del D\u00eda de la Mujer, y el que adoptan las mujeres o los edificios como signo de la reivindicaci\u00f3n. Fue el color que en\u00a0<strong>1908 utilizaban los sufragistas ingleses<\/strong>. En los 60 y los 70 las mujeres socialistas escogieron este color como s\u00edmbolo de la lucha feminista y posteriormente se le asoci\u00f3 a la jornada que se celebra cada 8 de marzo.<\/p>\n<p>EL PERIODICO<\/p>\n<p>FOTO:D\u00cdA INTERNACIONAL DE LA MUJER: Trabajadoras textiles de Nueva York, durante una huelga en 1910.<\/p>\n<p><a href=\"https:\/\/www.elperiodico.com\/es\/sociedad\/20180307\/dia-internacional-de-la-mujer-6672998?utm_source=facebook&amp;utm_medium=social\">https:\/\/www.elperiodico.com\/es\/sociedad\/20180307\/dia-internacional-de-la-mujer-6672998?utm_source=facebook&amp;utm_medium=social<\/a><\/p>\n","protected":false},"excerpt":{"rendered":"<p>El incendio de una f\u00e1brica de camisas de Nueva York, en que murieron 146 personas,&#8230;<\/p>\n","protected":false},"author":1,"featured_media":29555,"comment_status":"closed","ping_status":"closed","sticky":false,"template":"","format":"standard","meta":{"_coblocks_attr":"","_coblocks_dimensions":"","_coblocks_responsive_height":"","_coblocks_accordion_ie_support":"","jetpack_post_was_ever_published":false,"_jetpack_newsletter_access":"","_jetpack_dont_email_post_to_subs":false,"_jetpack_newsletter_tier_id":0,"_jetpack_memberships_contains_paywalled_content":false,"_jetpack_memberships_contains_paid_content":false,"footnotes":"","jetpack_publicize_message":"","jetpack_publicize_feature_enabled":true,"jetpack_social_post_already_shared":false,"jetpack_social_options":{"image_generator_settings":{"template":"highway","default_image_id":0,"enabled":false},"version":2}},"categories":[1161,14,186,44,15],"tags":[5795,1125],"class_list":["post-29553","post","type-post","status-publish","format-standard","has-post-thumbnail","hentry","category-ciudadania","category-feminismo","category-instituciones","category-noticias-de-hoy","category-ultimas-noticias","tag-dia-de-las-mujeres","tag-historia"],"jetpack_publicize_connections":[],"jetpack_featured_media_url":"https:\/\/i0.wp.com\/miradordeatarfe.es\/wp-content\/uploads\/2019\/03\/dia-internacional-mujer-1520440783548.jpg?fit=1200%2C675&ssl=1","jetpack_likes_enabled":true,"jetpack_sharing_enabled":true,"_links":{"self":[{"href":"https:\/\/miradordeatarfe.es\/index.php?rest_route=\/wp\/v2\/posts\/29553","targetHints":{"allow":["GET"]}}],"collection":[{"href":"https:\/\/miradordeatarfe.es\/index.php?rest_route=\/wp\/v2\/posts"}],"about":[{"href":"https:\/\/miradordeatarfe.es\/index.php?rest_route=\/wp\/v2\/types\/post"}],"author":[{"embeddable":true,"href":"https:\/\/miradordeatarfe.es\/index.php?rest_route=\/wp\/v2\/users\/1"}],"replies":[{"embeddable":true,"href":"https:\/\/miradordeatarfe.es\/index.php?rest_route=%2Fwp%2Fv2%2Fcomments&post=29553"}],"version-history":[{"count":1,"href":"https:\/\/miradordeatarfe.es\/index.php?rest_route=\/wp\/v2\/posts\/29553\/revisions"}],"predecessor-version":[{"id":29556,"href":"https:\/\/miradordeatarfe.es\/index.php?rest_route=\/wp\/v2\/posts\/29553\/revisions\/29556"}],"wp:featuredmedia":[{"embeddable":true,"href":"https:\/\/miradordeatarfe.es\/index.php?rest_route=\/wp\/v2\/media\/29555"}],"wp:attachment":[{"href":"https:\/\/miradordeatarfe.es\/index.php?rest_route=%2Fwp%2Fv2%2Fmedia&parent=29553"}],"wp:term":[{"taxonomy":"category","embeddable":true,"href":"https:\/\/miradordeatarfe.es\/index.php?rest_route=%2Fwp%2Fv2%2Fcategories&post=29553"},{"taxonomy":"post_tag","embeddable":true,"href":"https:\/\/miradordeatarfe.es\/index.php?rest_route=%2Fwp%2Fv2%2Ftags&post=29553"}],"curies":[{"name":"wp","href":"https:\/\/api.w.org\/{rel}","templated":true}]}}