{"id":29587,"date":"2019-03-15T10:39:59","date_gmt":"2019-03-15T09:39:59","guid":{"rendered":"http:\/\/miradordeatarfe.es\/?p=29587"},"modified":"2019-03-11T18:30:26","modified_gmt":"2019-03-11T17:30:26","slug":"ni-un-paso-atras","status":"publish","type":"post","link":"https:\/\/miradordeatarfe.es\/?p=29587","title":{"rendered":"Ni un paso atr\u00e1s"},"content":{"rendered":"<p class=\"articulo-subtitulo\" style=\"text-align: justify;\">Lo extendido del movimiento feminista y su poder para llegar a cualquier rinc\u00f3n de planeta produce pavor en sectores conservadores. El problema, para ellos, es que el cambio ya empez\u00f3 y es imparable<!--more--><\/p>\n<p style=\"text-align: justify;\">Este 8 de marzo fui a la marcha por el D\u00eda Internacional de la Mujer luciendo la remera color morado que usan las espa\u00f1olas con el lema: \u201cNi un paso atr\u00e1s\u201d. Llev\u00e9 en el cuello el pa\u00f1uelo verde que usamos las argentinas con el estampado: \u201cEducaci\u00f3n sexual para decidir, anticonceptivos para no abortar y aborto legal para no morir\u201d. En el brazo izquierdo me anud\u00e9 el pa\u00f1uelo verde que usan las brasile\u00f1as: \u201cNem presa nem morta por aborto\u201d y \u201cNem uma a menos\u201d, y tambi\u00e9n el de las chilenas: \u201cNo bastan 3 causales\u201d. Si hubiera tenido m\u00e1s pa\u00f1uelos de otros pa\u00edses del mundo, m\u00e1s s\u00edmbolos, m\u00e1s pulseras, m\u00e1s adornos, m\u00e1s lemas, los habr\u00eda llevado. Porque la suma de todos esos reclamos o deseos es el grito feminista global que se hizo o\u00edr este 8 de marzo en el mundo entero. Estamos juntas, aunque nos separen miles de kil\u00f3metros de distancia. De alg\u00fan modo cada mujer que sali\u00f3 a la calle con su reclamo reclamaba por todas. Y eso, lo extendido del movimiento feminista, su poder de derramarse hasta llegar a cualquier rinc\u00f3n del planeta, produce pavor en sectores conservadores que salen como compadritos a agitar el dedo \u00edndice y pegar cuatro gritos creyendo que con eso lograr\u00e1n que nada cambie. El problema, para ellos, es que el cambio ya empez\u00f3 y es imparable.<\/p>\n<p style=\"text-align: justify;\">Lo que pedimos no es igual para todas, porque aunque el movimiento feminista es global las prioridades son diferentes seg\u00fan el pa\u00eds donde vivimos. A veces incluso seg\u00fan la ciudad donde vivimos. Las mujeres que ya obtuvieron conquistas b\u00e1sicas pueden ir por nuevas. Las que no, seguimos reclamando derechos que pueden parecer obvios. Por ejemplo, en mi pa\u00eds, las mujeres tenemos hoy dos prioridades: que no nos maten por violencia machista, que no muramos por abortos clandestinos. Cuando hay que pelear por la vida, las otras batallas se dejan para mejores momentos. Seg\u00fan el observatorio Ahora Que S\u00ed Nos Ven, asesinaron a 54 mujeres por violencia machista en los dos primeros meses de 2019. Un femicidio cada 26 horas. Semanas atr\u00e1s, una fiscal de Tucum\u00e1n, el poder ejecutivo de esa provincia a trav\u00e9s de su ministerio de salud, el arzobispo y organizaciones antiderechos que se hacen llamar \u201cpro vida\u201d, lograron por medio de distintas maniobras dilatorias que no se pudiera practicar un aborto legal a una ni\u00f1a de 11 a\u00f1os violada por la pareja de su abuela. La ni\u00f1a reclamaba: \u201cQue me saquen lo que el viejo me puso adentro\u201d. No les import\u00f3. Fue condenada a continuar y parir por medio de una ces\u00e1rea en la semana 23. El beb\u00e9 que obligaron a nacer muri\u00f3 el viernes. Quienes se arrogan el eslogan: \u201cSalvemos las dos vidas\u201d, no salvaron nada, pero s\u00ed torturaron y pusieron en peligro a una ni\u00f1a que pesa menos de 50 kilos, hab\u00eda pedido el aborto legal en la semana 16, y se le deber\u00eda haber practicado en las 48 horas siguientes.Ante casos como estos es dif\u00edcil reclamar otros derechos muy necesarios pero menos urgente<\/p>\n<section id=\"sumario_1|html\" class=\"sumario_html izquierda\">\n<div class=\"sumario-texto\">\n<p class=\"texto_grande\">En los feminicidios y en el aborto clandestino, el campo de batalla es el mismo: el cuerpo de la mujer<\/p>\n<\/div>\n<\/section>\n<p style=\"text-align: justify;\">En los femicidios y en el aborto clandestino, el campo de batalla es el mismo: el cuerpo de la mujer. Sobre ese cuerpo es donde otros pretenden tomar decisiones por nosotras. Una forma de esclavitud que persiste en el siglo XXI. \u00bfPor qu\u00e9 algunos se creen con derecho a esclavizarnos? Porque para ellos el cuerpo de la mujer sigue siendo, antes que nada, un aparato reproductor. No ven a la persona, no ven sus deseos, no ven su proyecto de vida, solo ven una incubadora que si no est\u00e1 dispuesta a ser madre al menos debe cumplir con la obligaci\u00f3n de entregar su \u00fatero para que el embarazo se desarrolle y luego dar ese beb\u00e9 en adopci\u00f3n. En mi pa\u00eds, esta visi\u00f3n de la mujer como prioritariamente reproductora result\u00f3 evidente cuando los senadores prefirieron asumir la responsabilidad por la muerte de mujeres en abortos fuera del sistema de salud antes que otorgarnos el derecho a interrumpir un embarazo involuntario. Pero tambi\u00e9n han aparecido manifestaciones preocupantes en pa\u00edses que parec\u00edan tener el tema zanjado. El mes pasado, mientras estuve de visita en Madrid, grande fue mi sorpresa al escuchar que el presidente del Partido Popular, Pablo Casado, dec\u00eda que pretend\u00eda volver a la ley de aborto del a\u00f1o 1985 \u2014una ley m\u00e1s restringida que solo lo autoriza por causales\u2014 porque \u201csi queremos financiar pensiones debemos pensar en c\u00f3mo tener m\u00e1s hijos, no en abortar\u201d. Y advirti\u00f3 que Espa\u00f1a pasa por un \u201cinvierno demogr\u00e1fico\u201d que pone en peligro no solo el sistema de pensiones, sino tambi\u00e9n el de salud y el de prestaciones p\u00fablicas. O sea: unas descaradas antipatriotas las mujeres espa\u00f1olas que hacen peligrar la econom\u00eda por no decidirse a tener hijos aunque no quieran. Incre\u00edble razonamiento que quienes lo acompa\u00f1aban convalidaban con gesto afirmativo como si estuviera diciendo una genialidad.<\/p>\n<p style=\"text-align: justify;\">A pesar de la espeluznante realidad que vive la mujer argentina \u2014y muchas latinoamericanas\u2014, a pesar del resurgir de voces conservadoras en Espa\u00f1a, Estados Unidos y otros pa\u00edses donde se hab\u00edan logrado avances, a pesar de la preocupaci\u00f3n de todas, la marcha del d\u00eda 8 de marzo fue una fiesta colmada de alegr\u00eda. En mi ciudad, Buenos Aires, mujeres j\u00f3venes con los rostros maquillados con <em>glitter<\/em> caminaban abrazadas, enfundadas en colores verdes, morados o naranjas, que representan la separaci\u00f3n de la Iglesia y el Estado. Muchas llevaban ni\u00f1os peque\u00f1os adornados con cintas o pa\u00f1uelos de los mismos colores. Hubo cantos, bailes, <em>performances,<\/em> acr\u00f3batas arriba de zancos, c\u00edrculos de chicas tomando mate, risas, encuentros. En medio de la avenida de Mayo convocaron a un \u201cbombachazo\u201d (en Espa\u00f1a deber\u00eda decirse \u201cbragazo\u201d): un grupo de j\u00f3venes arm\u00f3 una tira de <em>bombachas<\/em>\u00a0\/\u00a0bragas atadas una a continuaci\u00f3n de la otra, las alzaron, y las dem\u00e1s pas\u00e1bamos por debajo pidiendo un deseo. El deseo m\u00e1s escuchado fue: \u201cAborto legal, seguro y gratuito\u201d. No hay hoy manifestaci\u00f3n pol\u00edtica en Argentina \u2014un pa\u00eds donde solemos estar siempre muy irritados\u2014 que tenga semejante clima distendido y festivo. El encuentro en la calle result\u00f3 una fiesta de hermanas.<\/p>\n<section id=\"sumario_2|html\" class=\"sumario_html izquierda\"><a name=\"sumario_2\"><\/a><\/p>\n<div class=\"sumario__interior\">\n<div class=\"sumario-texto\">\n<p class=\"texto_grande\">Lo que pedimos no es igual para todas, porque las prioridades son diferentes seg\u00fan el pa\u00eds donde vivimos<\/p>\n<\/div>\n<\/div>\n<\/section>\n<p style=\"text-align: justify;\">Nuestro grito feminista se conforma con la suma de los gritos por deseos individuales. Este 8-M, cada chica llev\u00f3 un cartel donde contaba a las otras por qu\u00e9 estaba all\u00ed. Algunos eran cartones improvisados escritos con tinta azul; otros, p\u00f3steres art\u00edsticos elaborados con esmero y materiales sofisticados. \u201cNi\u00f1as, no madres\u201d, \u201cNi Dios, ni patr\u00f3n, ni marido\u201d, \u201cTrataron de enterrarnos pero somos semillas\u201d, \u201cAborto clandestino, no va m\u00e1s\u201d, \u201cNo estamos todas, faltan las asesinadas\u201d, \u201cDe camino a casa quiero ser libre, no valiente\u201d, \u201cFemicidas sueltos+aborto clandestino=mujeres en peligro\u201d, \u201cNi sumisa ni devota, te quiero linda, libre y loca\u201d, \u201cVivas nos queremos\u201d, \u201cEstoy harta, harta, harta\u201d, \u201cMi mam\u00e1 me ense\u00f1a el derecho a elegir, ella eligi\u00f3 tenerme\u201d, \u201cSi nosotras paramos se para el mundo\u201d, \u201cGirls just want to have fundamental rights\u201d, \u201cPor m\u00e1s mujeres m\u00fasicas en los escenarios\u201d, \u201cLa mujer decide, la sociedad respeta, el Estado garantiza, la Iglesia no se mete, el decorado se calla\u201d. Me imagino que en cada pa\u00eds habr\u00e1 habido distintos carteles que gritaban diferentes deseos. Pero esos gritos individuales sonaron como un coro de voces cantando una misma canci\u00f3n. Y que no espante la palabra grito porque con el mejor tono se puede decir que las mujeres debemos parir para sostener el sistema de pensiones.<\/p>\n<p style=\"text-align: justify;\">Si tengo que elegir un grito en este 2019, me quedo con el estampado en la remera morada que me regal\u00f3 Rosa Montero: \u201cNi un paso atr\u00e1s\u201d. Ni un paso atr\u00e1s, chicas, que estamos todas para cuidarnos.<\/p>\n<p class=\"nota_pie\" style=\"text-align: justify;\"><strong>Claudia Pi\u00f1eiro<\/strong> es escritora<\/p>\n<p style=\"text-align: justify;\">FOTO: <span class=\"foto-firma\"><span class=\"foto-autor\">Nicol\u00e1s Azn\u00e1rez<\/span><\/span><\/p>\n<p style=\"text-align: justify;\"><a href=\"https:\/\/elpais.com\/elpais\/2019\/03\/09\/opinion\/1552135311_510608.html\">https:\/\/elpais.com\/elpais\/2019\/03\/09\/opinion\/1552135311_510608.html<\/a><\/p>\n","protected":false},"excerpt":{"rendered":"<p>Lo extendido del movimiento feminista y su poder para llegar a cualquier rinc\u00f3n de planeta&#8230;<\/p>\n","protected":false},"author":1,"featured_media":29588,"comment_status":"closed","ping_status":"closed","sticky":false,"template":"","format":"standard","meta":{"_coblocks_attr":"","_coblocks_dimensions":"","_coblocks_responsive_height":"","_coblocks_accordion_ie_support":"","jetpack_post_was_ever_published":false,"_jetpack_newsletter_access":"","_jetpack_dont_email_post_to_subs":false,"_jetpack_newsletter_tier_id":0,"_jetpack_memberships_contains_paywalled_content":false,"_jetpack_memberships_contains_paid_content":false,"footnotes":"","jetpack_publicize_message":"","jetpack_publicize_feature_enabled":true,"jetpack_social_post_already_shared":false,"jetpack_social_options":{"image_generator_settings":{"template":"highway","default_image_id":0,"enabled":false},"version":2}},"categories":[1161,14,186,44,15],"tags":[191,19,42],"class_list":["post-29587","post","type-post","status-publish","format-standard","has-post-thumbnail","hentry","category-ciudadania","category-feminismo","category-instituciones","category-noticias-de-hoy","category-ultimas-noticias","tag-huelga","tag-mujeres","tag-politica"],"jetpack_publicize_connections":[],"jetpack_featured_media_url":"https:\/\/i0.wp.com\/miradordeatarfe.es\/wp-content\/uploads\/2019\/03\/1552135311_510608_1552154160_noticia_normal_recorte1.jpg?fit=720%2C1110&ssl=1","jetpack_likes_enabled":true,"jetpack_sharing_enabled":true,"_links":{"self":[{"href":"https:\/\/miradordeatarfe.es\/index.php?rest_route=\/wp\/v2\/posts\/29587","targetHints":{"allow":["GET"]}}],"collection":[{"href":"https:\/\/miradordeatarfe.es\/index.php?rest_route=\/wp\/v2\/posts"}],"about":[{"href":"https:\/\/miradordeatarfe.es\/index.php?rest_route=\/wp\/v2\/types\/post"}],"author":[{"embeddable":true,"href":"https:\/\/miradordeatarfe.es\/index.php?rest_route=\/wp\/v2\/users\/1"}],"replies":[{"embeddable":true,"href":"https:\/\/miradordeatarfe.es\/index.php?rest_route=%2Fwp%2Fv2%2Fcomments&post=29587"}],"version-history":[{"count":2,"href":"https:\/\/miradordeatarfe.es\/index.php?rest_route=\/wp\/v2\/posts\/29587\/revisions"}],"predecessor-version":[{"id":29613,"href":"https:\/\/miradordeatarfe.es\/index.php?rest_route=\/wp\/v2\/posts\/29587\/revisions\/29613"}],"wp:featuredmedia":[{"embeddable":true,"href":"https:\/\/miradordeatarfe.es\/index.php?rest_route=\/wp\/v2\/media\/29588"}],"wp:attachment":[{"href":"https:\/\/miradordeatarfe.es\/index.php?rest_route=%2Fwp%2Fv2%2Fmedia&parent=29587"}],"wp:term":[{"taxonomy":"category","embeddable":true,"href":"https:\/\/miradordeatarfe.es\/index.php?rest_route=%2Fwp%2Fv2%2Fcategories&post=29587"},{"taxonomy":"post_tag","embeddable":true,"href":"https:\/\/miradordeatarfe.es\/index.php?rest_route=%2Fwp%2Fv2%2Ftags&post=29587"}],"curies":[{"name":"wp","href":"https:\/\/api.w.org\/{rel}","templated":true}]}}