{"id":29629,"date":"2019-03-15T09:12:54","date_gmt":"2019-03-15T08:12:54","guid":{"rendered":"http:\/\/miradordeatarfe.es\/?p=29629"},"modified":"2019-03-11T19:20:15","modified_gmt":"2019-03-11T18:20:15","slug":"aborto-vientres-de-alquiler-eutanasia-o-puertas-giratorias-las-propuestas-que-hacen-chocar-a-pp-y-ciudadanos","status":"publish","type":"post","link":"https:\/\/miradordeatarfe.es\/?p=29629","title":{"rendered":"Aborto, vientres de alquiler, eutanasia o puertas giratorias: las propuestas que hacen chocar a PP y Ciudadanos"},"content":{"rendered":"<p style=\"text-align: justify;\">Casado y Rivera pugnan por el voto de la derecha con recetas comunes para la econom\u00eda y Catalunya, pero mantienen diferencias sobre importantes debates.<i class=\"fal fa-chevron-circle-right\"><\/i>Ciudadanos ha hecho bandera para regular la \u00abgestaci\u00f3n subrogada\u00bb, y la prostituci\u00f3n dentro de su \u00abfeminismo liberal\u00bb que el PP evita apoyar<!--more--><\/p>\n<p style=\"text-align: justify;\"><i class=\"fal fa-chevron-circle-right\"><\/i>El nuevo l\u00edder del PP aboga por volver a la ley de plazos en el aborto mientras Rivera evita este asunto que, seg\u00fan \u00e9l, implica la \u00abvuelta al pasado\u00bb<\/p>\n<div id=\"edi-body\" class=\"mce-body mce no-sticky-adv-socios\">\n<p class=\"mce\" style=\"text-align: justify;\"><a class=\"mce\" href=\"https:\/\/www.eldiario.es\/politica\/doble-PP-Ciudadanos-politico-necesario_0_823468644.html\">Socios necesarios y rivales electorales<\/a>\u00a0que pugnan por cada papeleta en la derecha del tablero. PP y Ciudadanos afrontan el ciclo electoral que lo decidir\u00e1 todo en Espa\u00f1a a partir del pr\u00f3ximo 28 de abril sumidos en una complicada relaci\u00f3n. Tras la batalla de las generales, ambas fuerzas deber\u00e1n llegar a acuerdos para expulsar a la izquierda de las instituciones, como ya hicieron en enero en Andaluc\u00eda, donde gobiernan en coalici\u00f3n y gracias a los votos de la extrema derecha de Vox tras 36 a\u00f1os de hegemon\u00eda socialista.<\/p>\n<p class=\"mce\" style=\"text-align: justify;\">Y al d\u00eda siguiente de las generales empezar\u00e1 una nueva carrera hacia las auton\u00f3micas y municipales, que se celebrar\u00e1n menos de un mes despu\u00e9s y en las que se repetir\u00e1 la ecuaci\u00f3n en muchos territorios: la derecha, partida en tres, precisa ahora de pactos para poder gobernar.<\/p>\n<p class=\"mce\" style=\"text-align: justify;\">A la hora de convencer a ese electorado que duda en el centro derecha, PP y Ciudadanos mantienen coincidencias en materia econ\u00f3mica \u2013ambos apuestan por un modelo liberal y de desregulaci\u00f3n del Estado\u2013 y en la lucha contra el independentismo en Catalunya. Esos argumentos son las l\u00edneas maestras de la campa\u00f1a de los dos partidos. Pero las formaciones de Pablo Casado y Albert Rivera chocan, en otras cuestiones de las que no acaparan los grandes titulares, como las regulaciones del aborto, los vientres de alquiler, la eutanasia o las puertas giratorias. Ah\u00ed, ambas fuerzas plantean\u00a0puntos de vista y propuestas totalmente opuestas.<\/p>\n<h2 style=\"text-align: justify;\">Los derechos de las mujeres<\/h2>\n<p class=\"mce\" style=\"text-align: justify;\">Desde la llegada de Casado a la presidencia de los populares, la direcci\u00f3n del PP ha reivindicado retrocesos en los derechos de las mujeres respecto a la interrupci\u00f3n voluntaria del embarazo.<\/p>\n<p class=\"mce\" style=\"text-align: justify;\">El l\u00edder conservador, que en las \u00faltimas semanas ha pronunciado pol\u00e9micas declaraciones como en las que asegur\u00f3 que las embarazadas deben saber lo que \u00abllevan dentro\u00bb, plantea <a class=\"mce\" href=\"https:\/\/www.eldiario.es\/politica\/Casado_0_865463682.html\">volver a la ley de supuestos de 1985 <\/a>y rechaza la normativa actual, de 2009, de plazos, utilizando argumentos que no se corresponden con la verdad. Entre ellos, que en Espa\u00f1a existe \u00abbarra libre\u00bb para abortar a partir de la semana 20 de gestaci\u00f3n \u2013cuando la legislaci\u00f3n solo contempla la interrupci\u00f3n de forma libre hasta la semana 14\u2013, o que la ley de 1985 fue una normativa de \u00abconsenso\u00bb si bien entonces esa ley fue rechazada por Alianza Popular, germen del actual PP.<\/p>\n<p class=\"mce\" style=\"text-align: justify;\">Ciudadanos, en cambio, considera que no hay que tocar la ley vigente y que hablar de ello es mentar el \u00abpasado\u00bb.\u00a0\u00abNo me ver\u00e9is hablando de Franco o del aborto, eso lo dejo para Casado y S\u00e1nchez. Yo quiero hablar de Espa\u00f1a\u00bb,\u00a0<strong>ha llegado a asegurar<\/strong> Albert Rivera en las \u00faltimas semanas, desmarc\u00e1ndose de cualquier debate acerca de retroceder en los derechos de las mujeres sobre su maternidad.<\/p>\n<p class=\"mce\" style=\"text-align: justify;\">De lo que s\u00ed se muestra dispuesto a debatir Ciudadanos es sobre los vientres de alquiler, cuya regulaci\u00f3n ha sido enmarcada por la portavoz del partido y l\u00edder de la formaci\u00f3n en Catalunya, In\u00e9s Arrimadas,\u00a0dentro del \u00abfeminismo liberal\u00bb que dice defender la organizaci\u00f3n y que tambi\u00e9n incluye la legalizaci\u00f3n de la prostituci\u00f3n. En cuanto a la \u00abgestaci\u00f3n subrogada\u00bb,\u00a0Ciudadanos urge a promulgar una ley en Espa\u00f1a que \u00abgarantice\u00a0los derechos de todas las personas intervinientes en el proceso, y de forma muy especial de los menores nacidos mediante de esta t\u00e9cnica de reproducci\u00f3n asistida\u00bb.<\/p>\n<h2 style=\"text-align: justify;\">\u00abDiferentes sensibilidades\u00bb<\/h2>\n<p class=\"mce\" style=\"text-align: justify;\">La propuesta pide regular una pr\u00e1ctica \u00abaltruista\u00bb, por tanto, sin compensaci\u00f3n econ\u00f3mica expl\u00edcita, aunque s\u00ed contempla pagos a la mujer gestante en concepto de gastos derivados\u00a0de su embarazo y del parto.<\/p>\n<p class=\"mce\" style=\"text-align: justify;\">Dentro del PP existen \u00abdiferentes sensibilidades\u00bb respecto a la regulaci\u00f3n de los vientres de alquiler \u2013el vicesecretario de Organizaci\u00f3n, Javier Maroto, se ha mostrado\u00a0dispuesto a debatir al respecto\u2013, pero la posici\u00f3n oficial es contraria. Esta misma semana, la vicesecretaria general de Pol\u00edtica Social del Partido Popular, Cuca Gamarra, se\u00f1al\u00f3 en una\u00a0entrevista en la agencia Servimedia que \u00abno hace falta regular m\u00e1s\u00bb sobre los vientres de alquiler en Espa\u00f1a, donde \u00abno es legal\u00bb.<\/p>\n<p class=\"mce\" style=\"text-align: justify;\">Gamarra se remiti\u00f3 a lo dicho con \u00abcontundencia\u00bb por la Comisi\u00f3n Nacional de Bio\u00e9tica: \u00abNo es legal en Espa\u00f1a\u00bb. No obstante, consider\u00f3 que\u00a0\u00abtodo ni\u00f1o\u00bb nacido a trav\u00e9s de esta pr\u00e1ctica \u00abtiene derecho a estar inscrito\u00bb y que \u00ablos derechos de los menores est\u00e1n por encima de otras cuestiones\u00bb.<\/p>\n<p class=\"mce\" style=\"text-align: justify;\">En cuanto a la prostituci\u00f3n, el PP no ha desgranado ninguna medida en su programa aunque sus principales dirigentes se han mostrado en contra de legalizarla por tratarse de un sistema de \u00abexplotaci\u00f3n\u00bb de las mujeres y han planteado iniciativas contra la trata.<\/p>\n<p class=\"mce\" style=\"text-align: justify;\">El partido de Rivera cree, sin embargo, que es necesario regularla para proteger a las mujeres de la explotaci\u00f3n y de las mafias. \u00abYo quiero que cada vez haya m\u00e1s libertad y se pueda trabajar m\u00e1s por el feminismo. Por ejemplo, en el tema de la gestaci\u00f3n subrogada o en el tema de la prostituci\u00f3n, all\u00ed donde hay m\u00e1s libertad hay m\u00e1s feminismo, y all\u00ed donde hay m\u00e1s prohibiciones hay menos feminismo. Y eso lo vamos a seguir defendiendo\u00bb, manifest\u00f3, el pasado domingo, In\u00e9s Arrimadas, el d\u00eda que acu\u00f1\u00f3 ese t\u00e9rmino de \u00abfeminismo liberal\u00bb que sus portavoces han repetido en v\u00edsperas del 8-M.<\/p>\n<h2 style=\"text-align: justify;\">La eutanasia, \u00abinnecesaria e injusta\u00bb<\/h2>\n<p class=\"mce\" style=\"text-align: justify;\">En materia de derechos y libertades, Ciudadanos ha recalcado en diferentes comparecencias p\u00fablicas que no se opone a la eutanasia pese a que en un principio su apuesta se quedaba en una ley de muerte digna, aprobada por el Congreso de los Diputados en diciembre con el voto a favor de PP, PSOE, Unidos Podemos y parte del Grupo Mixto, con tres opciones:\u00a0el rechazo de tratamiento, el testamento vital y el alivio del sufrimiento al final de la vida.<\/p>\n<p class=\"mce\" style=\"text-align: justify;\">El rechazo a una ley de eutanasia por parte del PP es, sin embargo, frontal.\u00a0\u00abNos vamos a oponer a la ley de la eutanasia de Pedro S\u00e1nchez, por innecesaria e injusta\u00bb,\u00a0asegur\u00f3 el propio Casado ya en su discurso de proclamaci\u00f3n como presidente de los populares, en julio, cuando el Gobierno socialista present\u00f3 esa normativa para su debate en el Congreso.<\/p>\n<p class=\"mce\" style=\"text-align: justify;\">En octubre, durante un desayuno informativo, el l\u00edder del PP lleg\u00f3 a se\u00f1alar\u00a0que el \u00abproblema\u00bb de la eutanasia \u00abno existe en Espa\u00f1a\u00bb y\u00a0lament\u00f3\u00a0que el PSOE sea \u00abexperto en sacar problemas que no existen, reabrir las heridas y dividir a los espa\u00f1oles\u00bb. \u00abSoy un liberal y defiendo legislar lo menos posible\u00bb y \u00abno intervenir la vida de la gente, la conciencia de la gente\u00bb, concluy\u00f3.<\/p>\n<p class=\"mce\" style=\"text-align: justify;\">PP y Ciudadanos tambi\u00e9n chocan en cuanto a las medidas necesarias para luchar contra la corrupci\u00f3n. El partido de Rivera quiere que todos los cargos de organismos institucionales y p\u00fablicos se despoliticen y se designen\u00a0\u00a0por \u00abconcurso p\u00fablico, m\u00e9rito y capacidad\u00bb, a lo que se oponen los populares.<\/p>\n<p class=\"mce\" style=\"text-align: justify;\">Ciudadanos tambi\u00e9n pide una regulaci\u00f3n de las \u00abpuertas giratorias\u00bb para evitar los conflictos de intereses, un asunto que afecta de lleno al PP, cuyos exdirigentes han hecho un uso permanente de esas puertas giratorias y logrado contratos millonarios con grandes empresas tras dejar sus cargos p\u00fablicos.<\/p>\n<h2 style=\"text-align: justify;\">De la administraci\u00f3n, a las empresas<\/h2>\n<p class=\"mce\" style=\"text-align: justify;\">Un vivo ejemplo de esa pr\u00e1ctica es el expresidente del Gobierno Jos\u00e9 Mar\u00eda Aznar \u2013mentor y referente de Casado\u2013 que tras su salida de la Moncloa fue fichado por la el\u00e9ctrica Endesa, que fue privatizada durante su mandato.<\/p>\n<p class=\"mce\" style=\"text-align: justify;\">Casado\u00a0ha llegado a asegurar que prohibir o regular las puertas giratorias \u00abes malo para todos\u00bb. En una entrevista en 2017 el entonces vicesecretario de comunicaci\u00f3n del PP asegur\u00f3 que\u00a0\u00abel problema es que miles de periodistas, m\u00e9dicos, ingenieros y abogados no quieren venir a la pol\u00edtica porque la puerta giratoria est\u00e1 mal vista para volver luego a su profesi\u00f3n\u00bb, por lo que defendi\u00f3 que altos cargos pol\u00edticos sean despu\u00e9s fichados por grandes empresas con las que han estado relacionados de forma directa durante su ejercicio p\u00fablico, como en el caso de Aznar.<\/p>\n<p class=\"mce\" style=\"text-align: justify;\">PP y Ciudadanos deber\u00e1n dejar de lado todas estas diferencias si como pretende Pablo Casado en el nuevo ciclo electoral se consolidar\u00e1 el \u00abbloque de centro derecha\u00bb que conforman ambas formaciones junto con Vox, para expulsar a PSOE, Unidos Podemos y las fuerzas nacionalistas de los distintos gobiernos, desde la Moncloa hasta las comunidades aut\u00f3nomas y los ayuntamientos.<\/p>\n<address class=\"bkn dateline fl\"><small class=\"byline\">I<a class=\"lnk\" title=\"I\u00f1igo Aduriz\" href=\"https:\/\/www.eldiario.es\/autores\/inigo_aduriz\/\">\u00f1igo Aduriz<\/a> <\/small> \/ <small class=\"byline\"> <a class=\"lnk\" title=\"Carmen  Moraga\" href=\"https:\/\/www.eldiario.es\/autores\/carmen_moraga\/\">Carmen Moraga<\/a> <\/small><\/address>\n<p><a href=\"https:\/\/www.eldiario.es\/politica\/Aborto-gestacion-propuestas-PP-Ciudadanos_0_874563248.html\">https:\/\/www.eldiario.es\/politica\/Aborto-gestacion-propuestas-PP-Ciudadanos_0_874563248.html<\/a><\/p>\n<\/div>\n","protected":false},"excerpt":{"rendered":"<p>Casado y Rivera pugnan por el voto de la derecha con recetas comunes para la&#8230;<\/p>\n","protected":false},"author":1,"featured_media":29630,"comment_status":"closed","ping_status":"closed","sticky":false,"template":"","format":"standard","meta":{"_coblocks_attr":"","_coblocks_dimensions":"","_coblocks_responsive_height":"","_coblocks_accordion_ie_support":"","jetpack_post_was_ever_published":false,"_jetpack_newsletter_access":"","_jetpack_dont_email_post_to_subs":false,"_jetpack_newsletter_tier_id":0,"_jetpack_memberships_contains_paywalled_content":false,"_jetpack_memberships_contains_paid_content":false,"footnotes":"","jetpack_publicize_message":"","jetpack_publicize_feature_enabled":true,"jetpack_social_post_already_shared":false,"jetpack_social_options":{"image_generator_settings":{"template":"highway","default_image_id":0,"enabled":false},"version":2}},"categories":[1161,186,9,44,15],"tags":[1800,688,905],"class_list":["post-29629","post","type-post","status-publish","format-standard","has-post-thumbnail","hentry","category-ciudadania","category-instituciones","category-medio-ambiente","category-noticias-de-hoy","category-ultimas-noticias","tag-diferencias","tag-pactos","tag-partidos"],"jetpack_publicize_connections":[],"jetpack_featured_media_url":"https:\/\/i0.wp.com\/miradordeatarfe.es\/wp-content\/uploads\/2019\/03\/Casado-Rivera-intervienen-PGE-Colon_EDIIMA20190211_0790_19.jpg?fit=643%2C362&ssl=1","jetpack_likes_enabled":true,"jetpack_sharing_enabled":true,"_links":{"self":[{"href":"https:\/\/miradordeatarfe.es\/index.php?rest_route=\/wp\/v2\/posts\/29629","targetHints":{"allow":["GET"]}}],"collection":[{"href":"https:\/\/miradordeatarfe.es\/index.php?rest_route=\/wp\/v2\/posts"}],"about":[{"href":"https:\/\/miradordeatarfe.es\/index.php?rest_route=\/wp\/v2\/types\/post"}],"author":[{"embeddable":true,"href":"https:\/\/miradordeatarfe.es\/index.php?rest_route=\/wp\/v2\/users\/1"}],"replies":[{"embeddable":true,"href":"https:\/\/miradordeatarfe.es\/index.php?rest_route=%2Fwp%2Fv2%2Fcomments&post=29629"}],"version-history":[{"count":1,"href":"https:\/\/miradordeatarfe.es\/index.php?rest_route=\/wp\/v2\/posts\/29629\/revisions"}],"predecessor-version":[{"id":29631,"href":"https:\/\/miradordeatarfe.es\/index.php?rest_route=\/wp\/v2\/posts\/29629\/revisions\/29631"}],"wp:featuredmedia":[{"embeddable":true,"href":"https:\/\/miradordeatarfe.es\/index.php?rest_route=\/wp\/v2\/media\/29630"}],"wp:attachment":[{"href":"https:\/\/miradordeatarfe.es\/index.php?rest_route=%2Fwp%2Fv2%2Fmedia&parent=29629"}],"wp:term":[{"taxonomy":"category","embeddable":true,"href":"https:\/\/miradordeatarfe.es\/index.php?rest_route=%2Fwp%2Fv2%2Fcategories&post=29629"},{"taxonomy":"post_tag","embeddable":true,"href":"https:\/\/miradordeatarfe.es\/index.php?rest_route=%2Fwp%2Fv2%2Ftags&post=29629"}],"curies":[{"name":"wp","href":"https:\/\/api.w.org\/{rel}","templated":true}]}}