{"id":29661,"date":"2019-03-17T09:01:20","date_gmt":"2019-03-17T08:01:20","guid":{"rendered":"http:\/\/miradordeatarfe.es\/?p=29661"},"modified":"2019-03-11T21:04:52","modified_gmt":"2019-03-11T20:04:52","slug":"la-polucion-aerea-la-pandemia-que-cada-ano-mata-a-siete-millones-de-personas","status":"publish","type":"post","link":"https:\/\/miradordeatarfe.es\/?p=29661","title":{"rendered":"La poluci\u00f3n a\u00e9rea, la \u00abpandemia\u00bb que cada a\u00f1o mata a siete millones de personas"},"content":{"rendered":"<p style=\"text-align: justify;\">La ONU alerta de que este tipo de contaminaci\u00f3n provoca la muerte prematura de unos 600.000 ni\u00f1os en todo el mundo<!--more--><\/p>\n<div id=\"body_intext\" class=\"tx mce\">\n<p style=\"text-align: justify;\">La poluci\u00f3n a\u00e9rea acaba cada a\u00f1o con la vida de siete millones de personas en todo el mundo, incluidos unos 600.000 ni\u00f1os, seg\u00fan ha alertado el relator especial sobre Derechos Humanos y Medio Ambiente de Naciones Unidas, David Boyd, que ha definido el fen\u00f3meno como una \u00abpandemia\u00bb.<\/p>\n<p style=\"text-align: justify;\">Boyd ha asegurado que hay m\u00e1s de 6.000 millones de personas, de los cuales un tercio son ni\u00f1os, que est\u00e1n respirando con frecuencia aire tan contaminado que su vida est\u00e1 en riesgo. El relator especial de Naciones Unidas ha advertido de que la poluci\u00f3n a\u00e9rea, tanto dentro como fuera de las viviendas, es un fen\u00f3meno \u00abasesino\u00bb que act\u00faa \u00abde forma callada\u00bb y, \u00aba veces\u00bb, \u00abde modo invisible\u00bb y que es responsable de la \u00abmuerte prematura de siete millones de personas cada a\u00f1o, incluidos 600.000 ni\u00f1os\u00bb.<\/p>\n<p style=\"text-align: justify;\">\u00abEsta pandemia todav\u00eda recibe una atenci\u00f3n inadecuada porque estas muertes no son tan dram\u00e1ticas como las causadas por otros desastres o epidemias\u00bb, ha afirmado Boyd, en su intervenci\u00f3n ante el Consejo de Derechos Humanos de Naciones Unidas, en Ginebra.<\/p>\n<p style=\"text-align: justify;\">\u00abCada hora, 800 personas est\u00e1n muriendo, muchas tras varios a\u00f1os de sufrimiento, por c\u00e1ncer, enfermedades respiratorias o del coraz\u00f3n directamente causadas por respirar aire contaminado\u00bb, ha afirmado el experto de Naciones Unidas.<\/p>\n<p style=\"text-align: justify;\">Boyd ha hecho hincapi\u00e9 en que el fracaso a la hora de garantizar un aire limpio supone una violaci\u00f3n del derecho fundamental de los ciudadanos a un entorno saludable, un derecho reconocido por 155 pa\u00edses y que deber\u00eda ser respetado en todo el mundo.<\/p>\n<p style=\"text-align: justify;\">\u00abLas personas no pueden evitar inhalar sustancias contaminantes que est\u00e1n presentes en sus hogares o en sus comunidades\u00bb, ha afirmado el relator especial. \u00abLos contaminantes a\u00e9reos est\u00e1n por todas partes, principalmente causados por la quema de combustibles f\u00f3siles para electricidad, transporte y calefacci\u00f3n, as\u00ed como por actividades industriales, mala gesti\u00f3n de residuos y por pr\u00e1cticas agr\u00edcolas\u00bb, ha explicado Boyd.<\/p>\n<p style=\"text-align: justify;\">Las mujeres y los ni\u00f1os, que en muchos pa\u00edses menos adinerados pasan la mayor parte del tiempo en casa, se ven desproporcionadamente afectados por la poluci\u00f3n a\u00e9rea en viviendas causada por las cocinas, la calefacci\u00f3n o los sistemas de alumbrado.<\/p>\n<p style=\"text-align: justify;\">El relator especial ha subrayado que la poluci\u00f3n a\u00e9rea es un problema evitable y ha pedido a los pa\u00edses que cumplan sus obligaciones legales para garantizar un aire limpio, una condici\u00f3n \u00abesencial\u00bb para poder hacer efectivos sus derechos a la vida, la salud, el agua, la higiene, la vivienda y un entorno saludable.<\/p>\n<p style=\"text-align: justify;\">Boyd ha identificado los pasos clave que tienen que dar todos los pa\u00edses para acabar con la contaminaci\u00f3n a\u00e9rea: la supervisi\u00f3n de la calidad del aire, la evaluaci\u00f3n de las fuentes que contaminan el aire, la difusi\u00f3n de la informaci\u00f3n p\u00fablica sobre este problema, el impulso a una legislaci\u00f3n para proteger la calidad del airea y el desarrollo y la puesta en marcha de planes de acci\u00f3n a nivel local, regional y nacional para la calidad del aire con unos est\u00e1ndares predefinidos.<\/p>\n<p style=\"text-align: justify;\">\u00abHay muchos ejemplos de buenas pr\u00e1cticas, como los programas en India y en Indonesia que han ayudado a miles de millones de familias pobres a cambiarse a sistemas de cocina m\u00e1s limpios, y los pa\u00edses que han tenido \u00e9xito al eliminar las plantas el\u00e9ctricas de carb\u00f3n\u00bb, ha concluido.<\/p>\n<p>&nbsp;<\/p>\n<p><a href=\"http:\/\/www.teinteresa.es\/mundo\/polucion-aerea-pandemia-millones-personas_0_2190981058.html?utm_source=TIN+-+Kit+buenos+d%C3%ADas&amp;utm_campaign=85609c55e5-tin05032019&amp;utm_medium=email&amp;utm_term=0_018aba1286-85609c55e5-171815121\">http:\/\/www.teinteresa.es\/mundo\/polucion-aerea-pandemia-millones-personas_0_2190981058.html?utm_source=TIN+-+Kit+buenos+d%C3%ADas&amp;utm_campaign=85609c55e5-tin05032019&amp;utm_medium=email&amp;utm_term=0_018aba1286-85609c55e5-171815121<\/a><\/p>\n<\/div>\n","protected":false},"excerpt":{"rendered":"<p>La ONU alerta de que este tipo de contaminaci\u00f3n provoca la muerte prematura de unos&#8230;<\/p>\n","protected":false},"author":1,"featured_media":29662,"comment_status":"closed","ping_status":"closed","sticky":false,"template":"","format":"standard","meta":{"_coblocks_attr":"","_coblocks_dimensions":"","_coblocks_responsive_height":"","_coblocks_accordion_ie_support":"","jetpack_post_was_ever_published":false,"_jetpack_newsletter_access":"","_jetpack_dont_email_post_to_subs":false,"_jetpack_newsletter_tier_id":0,"_jetpack_memberships_contains_paywalled_content":false,"_jetpack_memberships_contains_paid_content":false,"footnotes":"","jetpack_publicize_message":"","jetpack_publicize_feature_enabled":true,"jetpack_social_post_already_shared":false,"jetpack_social_options":{"image_generator_settings":{"template":"highway","default_image_id":0,"enabled":false},"version":2}},"categories":[1161,186,9,44,15,10],"tags":[1735,251],"class_list":["post-29661","post","type-post","status-publish","format-standard","has-post-thumbnail","hentry","category-ciudadania","category-instituciones","category-medio-ambiente","category-noticias-de-hoy","category-ultimas-noticias","category-salud","tag-ciudades","tag-contaminacion"],"jetpack_publicize_connections":[],"jetpack_featured_media_url":"https:\/\/i0.wp.com\/miradordeatarfe.es\/wp-content\/uploads\/2019\/03\/exposicion-prolongada-contaminacion-atmosferica-enfermedades_TINIMA20120418_0108_18.jpg?fit=627%2C352&ssl=1","jetpack_likes_enabled":true,"jetpack_sharing_enabled":true,"_links":{"self":[{"href":"https:\/\/miradordeatarfe.es\/index.php?rest_route=\/wp\/v2\/posts\/29661","targetHints":{"allow":["GET"]}}],"collection":[{"href":"https:\/\/miradordeatarfe.es\/index.php?rest_route=\/wp\/v2\/posts"}],"about":[{"href":"https:\/\/miradordeatarfe.es\/index.php?rest_route=\/wp\/v2\/types\/post"}],"author":[{"embeddable":true,"href":"https:\/\/miradordeatarfe.es\/index.php?rest_route=\/wp\/v2\/users\/1"}],"replies":[{"embeddable":true,"href":"https:\/\/miradordeatarfe.es\/index.php?rest_route=%2Fwp%2Fv2%2Fcomments&post=29661"}],"version-history":[{"count":1,"href":"https:\/\/miradordeatarfe.es\/index.php?rest_route=\/wp\/v2\/posts\/29661\/revisions"}],"predecessor-version":[{"id":29663,"href":"https:\/\/miradordeatarfe.es\/index.php?rest_route=\/wp\/v2\/posts\/29661\/revisions\/29663"}],"wp:featuredmedia":[{"embeddable":true,"href":"https:\/\/miradordeatarfe.es\/index.php?rest_route=\/wp\/v2\/media\/29662"}],"wp:attachment":[{"href":"https:\/\/miradordeatarfe.es\/index.php?rest_route=%2Fwp%2Fv2%2Fmedia&parent=29661"}],"wp:term":[{"taxonomy":"category","embeddable":true,"href":"https:\/\/miradordeatarfe.es\/index.php?rest_route=%2Fwp%2Fv2%2Fcategories&post=29661"},{"taxonomy":"post_tag","embeddable":true,"href":"https:\/\/miradordeatarfe.es\/index.php?rest_route=%2Fwp%2Fv2%2Ftags&post=29661"}],"curies":[{"name":"wp","href":"https:\/\/api.w.org\/{rel}","templated":true}]}}