{"id":29714,"date":"2019-03-18T09:50:08","date_gmt":"2019-03-18T08:50:08","guid":{"rendered":"http:\/\/miradordeatarfe.es\/?p=29714"},"modified":"2019-03-14T11:50:38","modified_gmt":"2019-03-14T10:50:38","slug":"inspeccion-de-trabajo-obliga-a-dar-de-alta-a-los-entrenadores-de-futbol","status":"publish","type":"post","link":"https:\/\/miradordeatarfe.es\/?p=29714","title":{"rendered":"Inspecci\u00f3n de trabajo obliga a dar de alta a los entrenadores de f\u00fatbol"},"content":{"rendered":"\n<p style=\"text-align:left\">\nTrabajo obliga a los clubes \nmodestos a cotizar a la Seguridad Social por los pagos a t\u00e9cnicos y \nentrenadores, al considerar que mantienen una relaci\u00f3n laboral.<br><br>\nLos responsables de los clubes de f\u00fatbol aragoneses est\u00e1n muy preocupados por los \u00faltimos acontecimientos acaecidos con la <strong>UD Amistad<\/strong>,\n que ha sido inspeccionado por Trabajo y Seguridad Social tras una \ndenuncia an\u00f3nima y que ha puesto patas arriba la relaci\u00f3n de miles de \npersonas que est\u00e1n en el f\u00fatbol aragon\u00e9s: directores deportivos, \ncoordinadores, primeros entrenadores, monitores, entrenadores de \nporteros y auxiliares de los equipos con los clubes, al entender por \nparte de la Inspecci\u00f3n de Trabajo que son relaciones laborales si \nreciben una remuneraci\u00f3n por desempe\u00f1ar la faceta de entrenador.<br><br><br>\nLa resoluci\u00f3n \u2013recomendaci\u00f3n\u2013 sobre el compromiso de acci\u00f3n voluntaria \npor parte del ex director general de Deportes del Gobierno de Arag\u00f3n, <strong>Mariano Soriano<\/strong>, que se incluye en el cap\u00edtulo del voluntariado deportivo en la nueva <strong>Ley del Deporte de Arag\u00f3n<\/strong>,\n ha generado muchas dudas en los clubes aragoneses desde el principio, y\n donde parec\u00eda que llegaba la soluci\u00f3n para tener todo en regla en estas\n entidades (que es lo que desean) solo se puede aplicar a aquellas \npersonas que perciban una compensaci\u00f3n por los gastos de desempe\u00f1ar \nestas funciones (delegados, auxiliares, utilleros\u2026); <strong>pero nunca a los entrenadores de los equipos<\/strong>, que en su contrato federativo \u2013que no pone cantidad alguna en su mayor\u00eda\u2013 marca unos derechos y deberes, <strong>y eso lo interpreta la Inspecci\u00f3n de Trabajo como relaci\u00f3n laboral.<\/strong><br><br><br>\nEntre las obligaciones de los entrenadores est\u00e1n los d\u00edas que deben \nentrenar y dirigir los partidos, seg\u00fan se\u00f1ala la Inspecci\u00f3n. As\u00ed, es \nconsiderada esta relaci\u00f3n jur\u00eddica como una relaci\u00f3n laboral a criterio \nde esta administraci\u00f3n.<br><br><br>\nDe este modo, la Uni\u00f3n Deportiva Amistad ha visto c\u00f3mo se han dado de alta de oficio por parte de la Inspecci\u00f3n a <strong>20 entrenadores del club<\/strong>,\n desde el mes de septiembre del 2017 hasta el mismo mes del 2018, ya que\n a partir de esta fecha la situaci\u00f3n ya se ajustaba a las exigencias de \nTrabajo, tras la inspecci\u00f3n que se le hizo al club en junio del 2017.<br><br>\nEste club ha tenido que abonar, adem\u00e1s, alrededor de 12.000 euros en concreto de atrasos a la Seguridad Social.<br><br>\nFuente:<a href=\"https:\/\/www.heraldo.es\/noticias\/deportes\/aficion\/2019\/03\/08\/el-futbol-base-tambien-cotiza-en-aragon-1301864.html\">Heraldo de Arag\u00f3n<\/a><\/p>\n","protected":false},"excerpt":{"rendered":"<p>Trabajo obliga a los clubes modestos a cotizar a la Seguridad Social por los pagos&#8230;<\/p>\n","protected":false},"author":1,"featured_media":29715,"comment_status":"closed","ping_status":"closed","sticky":false,"template":"","format":"standard","meta":{"_coblocks_attr":"","_coblocks_dimensions":"","_coblocks_responsive_height":"","_coblocks_accordion_ie_support":"","jetpack_post_was_ever_published":false,"_jetpack_newsletter_access":"","_jetpack_dont_email_post_to_subs":false,"_jetpack_newsletter_tier_id":0,"_jetpack_memberships_contains_paywalled_content":false,"_jetpack_memberships_contains_paid_content":false,"footnotes":"","jetpack_publicize_message":"","jetpack_publicize_feature_enabled":true,"jetpack_social_post_already_shared":false,"jetpack_social_options":{"image_generator_settings":{"template":"highway","default_image_id":0,"enabled":false},"version":2}},"categories":[182,44,15],"tags":[322,666],"class_list":["post-29714","post","type-post","status-publish","format-standard","has-post-thumbnail","hentry","category-deportes","category-noticias-de-hoy","category-ultimas-noticias","tag-deporte","tag-futbol"],"jetpack_publicize_connections":[],"jetpack_featured_media_url":"https:\/\/i0.wp.com\/miradordeatarfe.es\/wp-content\/uploads\/2019\/03\/1.jpg?fit=597%2C398&ssl=1","jetpack_likes_enabled":true,"jetpack_sharing_enabled":true,"_links":{"self":[{"href":"https:\/\/miradordeatarfe.es\/index.php?rest_route=\/wp\/v2\/posts\/29714","targetHints":{"allow":["GET"]}}],"collection":[{"href":"https:\/\/miradordeatarfe.es\/index.php?rest_route=\/wp\/v2\/posts"}],"about":[{"href":"https:\/\/miradordeatarfe.es\/index.php?rest_route=\/wp\/v2\/types\/post"}],"author":[{"embeddable":true,"href":"https:\/\/miradordeatarfe.es\/index.php?rest_route=\/wp\/v2\/users\/1"}],"replies":[{"embeddable":true,"href":"https:\/\/miradordeatarfe.es\/index.php?rest_route=%2Fwp%2Fv2%2Fcomments&post=29714"}],"version-history":[{"count":1,"href":"https:\/\/miradordeatarfe.es\/index.php?rest_route=\/wp\/v2\/posts\/29714\/revisions"}],"predecessor-version":[{"id":29716,"href":"https:\/\/miradordeatarfe.es\/index.php?rest_route=\/wp\/v2\/posts\/29714\/revisions\/29716"}],"wp:featuredmedia":[{"embeddable":true,"href":"https:\/\/miradordeatarfe.es\/index.php?rest_route=\/wp\/v2\/media\/29715"}],"wp:attachment":[{"href":"https:\/\/miradordeatarfe.es\/index.php?rest_route=%2Fwp%2Fv2%2Fmedia&parent=29714"}],"wp:term":[{"taxonomy":"category","embeddable":true,"href":"https:\/\/miradordeatarfe.es\/index.php?rest_route=%2Fwp%2Fv2%2Fcategories&post=29714"},{"taxonomy":"post_tag","embeddable":true,"href":"https:\/\/miradordeatarfe.es\/index.php?rest_route=%2Fwp%2Fv2%2Ftags&post=29714"}],"curies":[{"name":"wp","href":"https:\/\/api.w.org\/{rel}","templated":true}]}}