{"id":29723,"date":"2019-03-16T17:00:08","date_gmt":"2019-03-16T16:00:08","guid":{"rendered":"http:\/\/miradordeatarfe.es\/?p=29723"},"modified":"2019-03-16T17:05:26","modified_gmt":"2019-03-16T16:05:26","slug":"el-cdu-de-atarfe-nos-necesita","status":"publish","type":"post","link":"https:\/\/miradordeatarfe.es\/?p=29723","title":{"rendered":"VOLEIBOL: EL CDU DE ATARFE NOS NECESITA"},"content":{"rendered":"\n<p>Jornada N\u00ba 20 de la Primera Divisi\u00f3n Andaluza.<br>\n El pr\u00f3ximo S\u00e1bado 16 de Marzo a las 17:00 en el Pabell\u00f3n Municipal de \nAtarfe, se enfrentar\u00e1n los dos mejores equipos de la competici\u00f3n. Las \nGranadinas del <a href=\"https:\/\/www.facebook.com\/CDUAtarfe\/?__tn__=K-R&amp;eid=ARBp_43JDix8F8Kw26_XRiXxWBJrYYIWd-3AzaQSLefD3DSi4RC3--Ml-tVU1gkkBe1lH3CMMObG0eK2&amp;fref=mentions&amp;__xts__%5B0%5D=68.ARDUNW-c2T93HSAlBxY9aK9VUZ9WD8VRRONsMv4pilcIDVMZuSNHgVZmCunsFK2TPiQolDqSydr93t7z_luJ0LHqpDu2MzIWN90ZQeg5cAasnIEmRJIO4J0jofD95ATrlGnz8RXUQDSIfBRsaE_1PVrwzk26irhJEz7gNvdPSlA2pkcCJ3IuNqKNYIkD5vlSNQCBIDq3E1AJIMcWSX-5ertGI3cesNcmuxHLw3_T2ltfCpFFhCFoDREeRUU-p7RyvTJeSaucDnSzquz048T3KuEDVTa1ubtD5w8VJHnMBEi3ShJtlm0drFLbtbgG8hWWqA7T0kvtgNt_tuMOn_7ORkuKM7rD\">CDU Atarfe<\/a> se enfrentar\u00e1n al <a href=\"https:\/\/www.facebook.com\/Club-Voleibol-Unideba-311786752332140\/?__tn__=K-R&amp;eid=ARB5Y4KLh2V4eSSnCsij2nC60Db3B2cVx0UTjhCygKgYrAqwt8_r8vKy6UjorsJVc4t0o9vkAh-x2p-l&amp;fref=mentions&amp;__xts__%5B0%5D=68.ARDUNW-c2T93HSAlBxY9aK9VUZ9WD8VRRONsMv4pilcIDVMZuSNHgVZmCunsFK2TPiQolDqSydr93t7z_luJ0LHqpDu2MzIWN90ZQeg5cAasnIEmRJIO4J0jofD95ATrlGnz8RXUQDSIfBRsaE_1PVrwzk26irhJEz7gNvdPSlA2pkcCJ3IuNqKNYIkD5vlSNQCBIDq3E1AJIMcWSX-5ertGI3cesNcmuxHLw3_T2ltfCpFFhCFoDREeRUU-p7RyvTJeSaucDnSzquz048T3KuEDVTa1ubtD5w8VJHnMBEi3ShJtlm0drFLbtbgG8hWWqA7T0kvtgNt_tuMOn_7ORkuKM7rD\">Club Voleibol Unideba<\/a> en un partido de m\u00e1xima rivalidad y que, a buen seguro, har\u00e1 disfrutar a todos los que deseen ver a <a href=\"https:\/\/www.facebook.com\/hashtag\/lasleonasdegranada?source=feed_text&amp;epa=HASHTAG&amp;__xts__%5B0%5D=68.ARDUNW-c2T93HSAlBxY9aK9VUZ9WD8VRRONsMv4pilcIDVMZuSNHgVZmCunsFK2TPiQolDqSydr93t7z_luJ0LHqpDu2MzIWN90ZQeg5cAasnIEmRJIO4J0jofD95ATrlGnz8RXUQDSIfBRsaE_1PVrwzk26irhJEz7gNvdPSlA2pkcCJ3IuNqKNYIkD5vlSNQCBIDq3E1AJIMcWSX-5ertGI3cesNcmuxHLw3_T2ltfCpFFhCFoDREeRUU-p7RyvTJeSaucDnSzquz048T3KuEDVTa1ubtD5w8VJHnMBEi3ShJtlm0drFLbtbgG8hWWqA7T0kvtgNt_tuMOn_7ORkuKM7rD&amp;__tn__=%2ANK-R\">#LasLeonasDeGranada<\/a> luchar por una nueva victoria.<br> <a href=\"https:\/\/www.facebook.com\/hashtag\/laschicasdelcdu?source=feed_text&amp;epa=HASHTAG&amp;__xts__%5B0%5D=68.ARDUNW-c2T93HSAlBxY9aK9VUZ9WD8VRRONsMv4pilcIDVMZuSNHgVZmCunsFK2TPiQolDqSydr93t7z_luJ0LHqpDu2MzIWN90ZQeg5cAasnIEmRJIO4J0jofD95ATrlGnz8RXUQDSIfBRsaE_1PVrwzk26irhJEz7gNvdPSlA2pkcCJ3IuNqKNYIkD5vlSNQCBIDq3E1AJIMcWSX-5ertGI3cesNcmuxHLw3_T2ltfCpFFhCFoDREeRUU-p7RyvTJeSaucDnSzquz048T3KuEDVTa1ubtD5w8VJHnMBEi3ShJtlm0drFLbtbgG8hWWqA7T0kvtgNt_tuMOn_7ORkuKM7rD&amp;__tn__=%2ANK-R\">#LasChicasDelCdu<\/a> os esperan!!<\/p>\n\n\n\n<p> En la Liga Provincial Federada estos ser\u00e1n los partidos del fin de semana:<\/p>\n\n\n\n<p> &#8211; S\u00e1bado a las 10:00, UGR \u00abB\u00bb-CDU ATARFE, categor\u00eda juvenil. Pabell\u00f3n de la Universiada (Granada).<\/p>\n\n\n\n<p> &#8211; Domingo a las 13:45, Agustinos-CDU ATARFE, categor\u00eda infantil. Colegio Agustinos (Granada).<\/p>\n\n\n\n<p> &#8211; Domingo a las 18:00, CV Montefr\u00edo-CDU ATARFE, categor\u00eda cadete. Pabell\u00f3n Municipal de Montefr\u00edo (Granada).<\/p>\n\n\n\n<p> &#8211; Domingo desde las 10:00 de la ma\u00f1ana en el Colegio Agustinos (Granada), concentraci\u00f3n categor\u00eda Promesa.<\/p>\n\n\n\n<figure class=\"wp-block-image\"><img data-recalc-dims=\"1\" loading=\"lazy\" decoding=\"async\" width=\"640\" height=\"580\" src=\"https:\/\/i0.wp.com\/miradordeatarfe.es\/wp-content\/uploads\/2019\/03\/54436434_1951381111655309_8570323307469996032_n.jpg?resize=640%2C580&#038;ssl=1\" alt=\"\" class=\"wp-image-29724\" srcset=\"https:\/\/i0.wp.com\/miradordeatarfe.es\/wp-content\/uploads\/2019\/03\/54436434_1951381111655309_8570323307469996032_n.jpg?w=960&amp;ssl=1 960w, https:\/\/i0.wp.com\/miradordeatarfe.es\/wp-content\/uploads\/2019\/03\/54436434_1951381111655309_8570323307469996032_n.jpg?resize=300%2C272&amp;ssl=1 300w, https:\/\/i0.wp.com\/miradordeatarfe.es\/wp-content\/uploads\/2019\/03\/54436434_1951381111655309_8570323307469996032_n.jpg?resize=768%2C696&amp;ssl=1 768w, https:\/\/i0.wp.com\/miradordeatarfe.es\/wp-content\/uploads\/2019\/03\/54436434_1951381111655309_8570323307469996032_n.jpg?resize=600%2C544&amp;ssl=1 600w\" sizes=\"auto, (max-width: 640px) 100vw, 640px\" \/><\/figure>\n","protected":false},"excerpt":{"rendered":"<p>Jornada N\u00ba 20 de la Primera Divisi\u00f3n Andaluza. El pr\u00f3ximo S\u00e1bado 16 de Marzo a&#8230;<\/p>\n","protected":false},"author":1,"featured_media":29727,"comment_status":"closed","ping_status":"closed","sticky":false,"template":"","format":"standard","meta":{"_coblocks_attr":"","_coblocks_dimensions":"","_coblocks_responsive_height":"","_coblocks_accordion_ie_support":"","jetpack_post_was_ever_published":false,"_jetpack_newsletter_access":"","_jetpack_dont_email_post_to_subs":false,"_jetpack_newsletter_tier_id":0,"_jetpack_memberships_contains_paywalled_content":false,"_jetpack_memberships_contains_paid_content":false,"footnotes":"","jetpack_publicize_message":"","jetpack_publicize_feature_enabled":true,"jetpack_social_post_already_shared":false,"jetpack_social_options":{"image_generator_settings":{"template":"highway","default_image_id":0,"enabled":false},"version":2}},"categories":[2,182,186,44,15],"tags":[4751,322],"class_list":["post-29723","post","type-post","status-publish","format-standard","has-post-thumbnail","hentry","category-atarfe","category-deportes","category-instituciones","category-noticias-de-hoy","category-ultimas-noticias","tag-cdu-atarfe","tag-deporte"],"jetpack_publicize_connections":[],"jetpack_featured_media_url":"https:\/\/i0.wp.com\/miradordeatarfe.es\/wp-content\/uploads\/2019\/03\/timthumb.php_.jpeg?fit=660%2C330&ssl=1","jetpack_likes_enabled":true,"jetpack_sharing_enabled":true,"_links":{"self":[{"href":"https:\/\/miradordeatarfe.es\/index.php?rest_route=\/wp\/v2\/posts\/29723","targetHints":{"allow":["GET"]}}],"collection":[{"href":"https:\/\/miradordeatarfe.es\/index.php?rest_route=\/wp\/v2\/posts"}],"about":[{"href":"https:\/\/miradordeatarfe.es\/index.php?rest_route=\/wp\/v2\/types\/post"}],"author":[{"embeddable":true,"href":"https:\/\/miradordeatarfe.es\/index.php?rest_route=\/wp\/v2\/users\/1"}],"replies":[{"embeddable":true,"href":"https:\/\/miradordeatarfe.es\/index.php?rest_route=%2Fwp%2Fv2%2Fcomments&post=29723"}],"version-history":[{"count":2,"href":"https:\/\/miradordeatarfe.es\/index.php?rest_route=\/wp\/v2\/posts\/29723\/revisions"}],"predecessor-version":[{"id":29728,"href":"https:\/\/miradordeatarfe.es\/index.php?rest_route=\/wp\/v2\/posts\/29723\/revisions\/29728"}],"wp:featuredmedia":[{"embeddable":true,"href":"https:\/\/miradordeatarfe.es\/index.php?rest_route=\/wp\/v2\/media\/29727"}],"wp:attachment":[{"href":"https:\/\/miradordeatarfe.es\/index.php?rest_route=%2Fwp%2Fv2%2Fmedia&parent=29723"}],"wp:term":[{"taxonomy":"category","embeddable":true,"href":"https:\/\/miradordeatarfe.es\/index.php?rest_route=%2Fwp%2Fv2%2Fcategories&post=29723"},{"taxonomy":"post_tag","embeddable":true,"href":"https:\/\/miradordeatarfe.es\/index.php?rest_route=%2Fwp%2Fv2%2Ftags&post=29723"}],"curies":[{"name":"wp","href":"https:\/\/api.w.org\/{rel}","templated":true}]}}