{"id":2973,"date":"2015-07-17T09:12:13","date_gmt":"2015-07-17T09:12:13","guid":{"rendered":"http:\/\/miradordeatarfe.es\/?p=2973"},"modified":"2015-07-18T09:20:23","modified_gmt":"2015-07-18T09:20:23","slug":"alberto-granados-gran-granada","status":"publish","type":"post","link":"https:\/\/miradordeatarfe.es\/?p=2973","title":{"rendered":"Alberto Granados: \u00abGran Granada\u00bb"},"content":{"rendered":"<p>Alberto Granados es un maestro jubilado preocupado por la cultura. Tambi\u00e9n por los problemas de Granada y por todos aquellos temas de actualidad que influyen en la vida diaria de los ciudadanos. Reflexiones sobre estos y otros temas que publica en el blog que lleva su nombre junto a rese\u00f1as literarias de libros publicados recientemente. <!--more--><\/p>\n<p>Para los que est\u00e1n preparando la maleta o la preparar\u00e1n en las pr\u00f3ximas semanas y han pensado meter alg\u00fan libro incluimos a continuaci\u00f3n la \u00faltima de sus rese\u00f1as dedicada al libro de <strong>Justo Navarro<\/strong>, &#8216;Gran Granada&#8217; (Anagrama, 2015) junto con enlaces a otras recientes como son &#8216;Hombres buenos&#8217; (Alfaguara, 2015) de <strong>Arturo P\u00e9rez Reverte<\/strong>, &#8216;Distintas formas del mirar el agua&#8217; (Ed. Alfaguara, 2015) de <strong>Julio Llamazares<\/strong>, &#8216;127 libros para una vida&#8217; (Ed. Evoh\u00e9, 2014) de <strong>Fernando Villena<\/strong> y &#8216;Como la sombra que se va&#8217; (Seix Barral, 2014) de su admirado, <strong>Antonio Mu\u00f1oz Molina<\/strong>. Pasen y lean.<\/p>\n<p><img data-recalc-dims=\"1\" decoding=\"async\" src=\"https:\/\/i0.wp.com\/en-clase.ideal.es\/images\/stories\/2015\/201507\/AG-genil-rc3ado-genil-02-crecida-del-16-04-1963-iec.jpg?w=640\" alt=\"AG-genil-rc3ado-genil-02-crecida-del-16-04-1963-iec\" \/>El s\u00e1bado 16 de febrero de 1963, el r\u00edo Genil se desbord\u00f3 a su paso por Granada a consecuencia de una intensa lluvia que se prolong\u00f3 durante veinte horas. Las cuevas gitanas del Sacromonte se derrumbaron y hubo dos muertos y cuantiosos da\u00f1os materiales. Era una magn\u00edfica ocasi\u00f3n para que el dictador mostrara su solidaridad con los damnificados, por lo que organiz\u00f3 una visita oficial a la ciudad que se produjo el d\u00eda 25 del mismo mes (se iban acercando aquellos veinticinco a\u00f1os de paz y la campa\u00f1a propagand\u00edstica empezaba a gestarse).<\/p>\n<p><img data-recalc-dims=\"1\" decoding=\"async\" src=\"https:\/\/i0.wp.com\/en-clase.ideal.es\/images\/stories\/2015\/201507\/AG-portada-libro-justo-navarro-iec.jpg?w=640\" alt=\"AG-portada-libro-justo-navarro-iec\" \/><\/p>\n<p>Para esa fecha, la polic\u00eda hab\u00eda limpiado las calles de indeseables, pues se pretend\u00eda dar la imagen de una ciudad tranquila, controlada, afecta y mansa. Cualquier antecedente pol\u00edtico, cualquier problema previo con la justicia, cualquier sombra de sospecha equival\u00edan entonces a una detenci\u00f3n sin ninguna garant\u00eda judicial. Al fin y al cabo, se trataba de gentuza, muy diferente a esa gran Granada portadora de los valores del R\u00e9gimen. Las Brigadas de Investigaci\u00f3n Criminal y Social impusieron su propia ley mordaza para impresionar a Franco, pero la gran Granada de entonces tambi\u00e9n era un hervidero de hipocres\u00eda, doble moral, ocultaci\u00f3n y crimen.<\/p>\n<p>Ese es el punto de partida de Gran Granada, la \u00faltima novela del granadino Justo Navarro (Barcelona, Anagrama, 2015) en que el autor juega a desentra\u00f1ar las gigantescas contradicciones de una ciudad en que cinismo, supervivencia y apariencias se afanan en crear una realidad paralela para la que siempre hay una forma de enmascarar la sordidez. El autor lo formula como sigue:<\/p>\n<p><em><strong>\u201c\u2026todo lo sincero que se puede ser en una ciudad dif\u00edcil donde nadie quiere ser quien es, entre simuladores, disimuladores, fanfarrones y falsos humildes por instinto de supervivencia, que simultaneaban los aires imperiales y la falta de esp\u00edritu, dos tipos de personalidad que pueden convivir en un solo individuo\u201d <\/strong><\/em>(p\u00e1g. 96).<\/p>\n<p>El caso es que en esos franquistas d\u00edas, justamente cuando el \u00fanico problema de nuestra ciudad deber\u00eda ser el desastre atribuible a la naturaleza, aparece un muerto, despu\u00e9s otro y despu\u00e9s van apareciendo (incluso desapareciendo) varios m\u00e1s. Para todos se busca una causa que no enturbie la paz ciudadana ni deslumbre los fastos de la visita del dictador.<\/p>\n<p>Un grupo de amigos se encarga de desmontar con su conducta el espejismo de normalidad: se trata de gente acomodada, de ciudadanos en los que no cabe sospechar los tejemanejes impropios de su casta social, aunque nada es lo que parece: ni la honorabilidad, ni la sexualidad, ni la representatividad social cumplen m\u00ednimamente con la decencia, la lealtad, la amistad o el amor, pues todo resulta ser una gigantesca pantomima.<\/p>\n<p>Justo Navarro se centra en un grupo de amigos, uno de los cuales es v\u00edctima de un chantaje. Los cr\u00edmenes empiezan y otro de ellos, el octogenario comisario Polo, protagonista indiscutible de la novela, sigue el hilo de la enmara\u00f1ada madeja para saber la verdad, que le interesa menos por sentido \u00e9tico que por saberse a\u00fan eficaz, ya que entrev\u00e9 que su privilegiada posici\u00f3n en la ciudad se tambalea por ser un dinosaurio caduco e inservible.<\/p>\n<p><img data-recalc-dims=\"1\" decoding=\"async\" src=\"https:\/\/i0.wp.com\/en-clase.ideal.es\/images\/stories\/2015\/201507\/AG-dia-lluvioso-siglo-iec.jpg?w=640\" alt=\"AG-dia-lluvioso-siglo-iec\" \/>Con todo, \u00e9l ser\u00e1 el que encuentre la verdad e imponga su injusta justicia. Lo har\u00e1 por sentirse el gallo del corral, un corral donde un oftalm\u00f3logo, un coleccionista de arte, un otorrino, un can\u00f3nigo, un subbibliotecario, una jovenc\u00edsima esposa (despu\u00e9s se sabr\u00e1 que es algo m\u00e1s que una esposa) y una bibliotecaria, junto a un abogado, un inspector de polic\u00eda y una larga serie de personajes arrastran sus existencias contradictorias y llenas de sombras. Hay un personaje tan difuso (y a la vez tan peligroso) que aparece mencionado bastantes veces, sin que nunca coincida el apellido con que se le nombra.<\/p>\n<p>El autor despliega un tono de novela negra en el que aparecen constantemente pinceladas de humor negro, de fina iron\u00eda. Para asentar el marco hist\u00f3rico saca de su manga una serie de elementos sueltos (marcas de productos, m\u00fasica, bebidas, costumbres, lugares granadinos hoy desaparecidos\u2026) que har\u00e1n las delicias de quienes vivieron la Granada, grande o mostrenca, de aquella \u00e9poca. Se me escapa la posibilidad de determinar si Justo Navarro ha hecho una novela de claves sobre personajes aut\u00f3ctonos, una hip\u00f3tesis interesante sobre la que preguntar\u00e9 a los locales avezados en la intrahistoria de la ciudad.<\/p>\n<p>La mayor parte de los cap\u00edtulos se inician con una referencia de fecha, como si se tratara de las piezas de un expediente policial y se ajustan perfectamente a la personalidad del comisario Polo, que sue\u00f1a con poner la tecnolog\u00eda al servicio del estado para controlar a las buenas o malas almas en peligro de desviarse de una ortodoxia que, seg\u00fan comprobar\u00e1 el lector, para \u00e9l es muy flexible, aunque la desea r\u00edgida para el resto de sus conciudadanos.<\/p>\n<p>La resoluci\u00f3n privada de los asesinatos (la p\u00fablica mantendr\u00e1 las versiones interesadamente falsas), coincide con la llegada de un nuevo gobernador civil. Tambi\u00e9n coincide con la firme resoluci\u00f3n de los supervivientes del grupo de afrontar sus vidas con el m\u00e1s pr\u00f3spero pragmatismo, ya que los planteamientos \u00e9ticos no sirven en esa s\u00f3rdida gran Granada que ahora habitamos los hijos y nietos de aquellos personajes de la \u00e9lite de aquella \u00e9poca que cincuenta a\u00f1os se han ido llevando, como el Genil se llev\u00f3 las cuevas sacromontanas.<\/p>\n<p><a href=\"http:\/\/en-clase.ideal.es\/opinion-200\/2535-alberto-granados-%C2%ABgran-granada%C2%BB.html\">http:\/\/en-clase.ideal.es\/opinion-200\/2535-alberto-granados-%C2%ABgran-granada%C2%BB.html<\/a><\/p>\n<p>&nbsp;<\/p>\n<p>&nbsp;<\/p>\n","protected":false},"excerpt":{"rendered":"<p>Alberto Granados es un maestro jubilado preocupado por la cultura. Tambi\u00e9n por los problemas de&#8230;<\/p>\n","protected":false},"author":1,"featured_media":2975,"comment_status":"closed","ping_status":"closed","sticky":false,"template":"","format":"standard","meta":{"_coblocks_attr":"","_coblocks_dimensions":"","_coblocks_responsive_height":"","_coblocks_accordion_ie_support":"","jetpack_post_was_ever_published":false,"_jetpack_newsletter_access":"","_jetpack_dont_email_post_to_subs":false,"_jetpack_newsletter_tier_id":0,"_jetpack_memberships_contains_paywalled_content":false,"_jetpack_memberships_contains_paid_content":false,"footnotes":"","jetpack_publicize_message":"","jetpack_publicize_feature_enabled":true,"jetpack_social_post_already_shared":false,"jetpack_social_options":{"image_generator_settings":{"template":"highway","default_image_id":0,"enabled":false},"version":2}},"categories":[39,9,15],"tags":[1073,459],"class_list":["post-2973","post","type-post","status-publish","format-standard","has-post-thumbnail","hentry","category-opinion-de-alberto-granados","category-medio-ambiente","category-ultimas-noticias","tag-alberto-granados","tag-libros"],"jetpack_publicize_connections":[],"jetpack_featured_media_url":"https:\/\/i0.wp.com\/miradordeatarfe.es\/wp-content\/uploads\/2015\/07\/alberto-granados-2.jpg?fit=425%2C265&ssl=1","jetpack_likes_enabled":true,"jetpack_sharing_enabled":true,"_links":{"self":[{"href":"https:\/\/miradordeatarfe.es\/index.php?rest_route=\/wp\/v2\/posts\/2973","targetHints":{"allow":["GET"]}}],"collection":[{"href":"https:\/\/miradordeatarfe.es\/index.php?rest_route=\/wp\/v2\/posts"}],"about":[{"href":"https:\/\/miradordeatarfe.es\/index.php?rest_route=\/wp\/v2\/types\/post"}],"author":[{"embeddable":true,"href":"https:\/\/miradordeatarfe.es\/index.php?rest_route=\/wp\/v2\/users\/1"}],"replies":[{"embeddable":true,"href":"https:\/\/miradordeatarfe.es\/index.php?rest_route=%2Fwp%2Fv2%2Fcomments&post=2973"}],"version-history":[{"count":2,"href":"https:\/\/miradordeatarfe.es\/index.php?rest_route=\/wp\/v2\/posts\/2973\/revisions"}],"predecessor-version":[{"id":2976,"href":"https:\/\/miradordeatarfe.es\/index.php?rest_route=\/wp\/v2\/posts\/2973\/revisions\/2976"}],"wp:featuredmedia":[{"embeddable":true,"href":"https:\/\/miradordeatarfe.es\/index.php?rest_route=\/wp\/v2\/media\/2975"}],"wp:attachment":[{"href":"https:\/\/miradordeatarfe.es\/index.php?rest_route=%2Fwp%2Fv2%2Fmedia&parent=2973"}],"wp:term":[{"taxonomy":"category","embeddable":true,"href":"https:\/\/miradordeatarfe.es\/index.php?rest_route=%2Fwp%2Fv2%2Fcategories&post=2973"},{"taxonomy":"post_tag","embeddable":true,"href":"https:\/\/miradordeatarfe.es\/index.php?rest_route=%2Fwp%2Fv2%2Ftags&post=2973"}],"curies":[{"name":"wp","href":"https:\/\/api.w.org\/{rel}","templated":true}]}}