{"id":29743,"date":"2019-03-20T11:45:39","date_gmt":"2019-03-20T10:45:39","guid":{"rendered":"http:\/\/miradordeatarfe.es\/?p=29743"},"modified":"2019-03-18T17:29:28","modified_gmt":"2019-03-18T16:29:28","slug":"atarfe-un-viaje-emocional-a-traves-del-piano-viernes-22-de-marzo","status":"publish","type":"post","link":"https:\/\/miradordeatarfe.es\/?p=29743","title":{"rendered":"ATARFE: Un viaje emocional a trav\u00e9s del piano (Viernes, 22 de Marzo)"},"content":{"rendered":"\n<p><em>&#8216;Un viaje emocional a trav\u00e9s del piano&#8217;<\/em> es el t\u00edtulo del espect\u00e1culo del pianista y compositor <strong>Juan Cervera<\/strong>, que ofrecer\u00e1 el viernes en el Centro Cultural Medina Elvira (20 horas) <\/p>\n\n\n\n<p> Acompa\u00f1ado de una sencilla, elegante y minimalista puesta en escena,  Juan Cervera ofrece una propuesta totalmente innovadora frente a los  hasta ahora encorsetados recitales de piano, tanto en las formas de su  actuaci\u00f3n como en el contenido de su m\u00fasica.<\/p>\n\n\n\n<p> En sus conciertos existe  comunicaci\u00f3n con el p\u00fablico, en ocasiones invita a la audiencia a subir  al escenario y disfrutar de algunos pasajes alrededor del piano, habla  de la intrahistoria que hay detr\u00e1s de cada tema, de lo que intent\u00f3  plasmar con cada melod\u00eda, de lo que desea transmitir a los oyentes, para  de esta forma empatizar con la audiencia y hacerlos part\u00edcipes de las  m\u00faltiples sensaciones que transmite su personal universo musical. <br><br> \u00c9l reivindica la naturalidad, la sencillez, la espontaneidad, el humor, la transparencia, la honestidad musical. <br><br> En el siguiente enlace pod\u00e9is ver el video oficial del espect\u00e1culo \u27a1 <a rel=\"noreferrer noopener\" href=\"https:\/\/youtu.be\/nb0-DvZl8Ug\" target=\"_blank\">https:\/\/youtu.be\/nb0-DvZl8Ug<\/a><br><br><strong>Pod\u00e9is recoger vuestra invitaci\u00f3n en el Centro Cultural Medina Elvira<\/strong>. <\/p>\n\n\n\n<figure class=\"wp-block-image\"><img data-recalc-dims=\"1\" loading=\"lazy\" decoding=\"async\" width=\"640\" height=\"927\" src=\"https:\/\/i0.wp.com\/miradordeatarfe.es\/wp-content\/uploads\/2019\/03\/22-de-marzo.jpg?resize=640%2C927&#038;ssl=1\" alt=\"\" class=\"wp-image-29744\" srcset=\"https:\/\/i0.wp.com\/miradordeatarfe.es\/wp-content\/uploads\/2019\/03\/22-de-marzo.jpg?w=663&amp;ssl=1 663w, https:\/\/i0.wp.com\/miradordeatarfe.es\/wp-content\/uploads\/2019\/03\/22-de-marzo.jpg?resize=207%2C300&amp;ssl=1 207w, https:\/\/i0.wp.com\/miradordeatarfe.es\/wp-content\/uploads\/2019\/03\/22-de-marzo.jpg?resize=600%2C869&amp;ssl=1 600w\" sizes=\"auto, (max-width: 640px) 100vw, 640px\" \/><\/figure>\n","protected":false},"excerpt":{"rendered":"<p>&#8216;Un viaje emocional a trav\u00e9s del piano&#8217; es el t\u00edtulo del espect\u00e1culo del pianista y&#8230;<\/p>\n","protected":false},"author":1,"featured_media":29745,"comment_status":"closed","ping_status":"closed","sticky":false,"template":"","format":"standard","meta":{"_coblocks_attr":"","_coblocks_dimensions":"","_coblocks_responsive_height":"","_coblocks_accordion_ie_support":"","jetpack_post_was_ever_published":false,"_jetpack_newsletter_access":"","_jetpack_dont_email_post_to_subs":false,"_jetpack_newsletter_tier_id":0,"_jetpack_memberships_contains_paywalled_content":false,"_jetpack_memberships_contains_paid_content":false,"footnotes":"","jetpack_publicize_message":"","jetpack_publicize_feature_enabled":true,"jetpack_social_post_already_shared":false,"jetpack_social_options":{"image_generator_settings":{"template":"highway","default_image_id":0,"enabled":false},"version":2}},"categories":[2,12,186,44,15],"tags":[81,4495,4040],"class_list":["post-29743","post","type-post","status-publish","format-standard","has-post-thumbnail","hentry","category-atarfe","category-cultura","category-instituciones","category-noticias-de-hoy","category-ultimas-noticias","tag-atarfe","tag-concieto","tag-piano"],"jetpack_publicize_connections":[],"jetpack_featured_media_url":"https:\/\/i0.wp.com\/miradordeatarfe.es\/wp-content\/uploads\/2019\/03\/22-de-marzo-2.jpg?fit=632%2C384&ssl=1","jetpack_likes_enabled":true,"jetpack_sharing_enabled":true,"_links":{"self":[{"href":"https:\/\/miradordeatarfe.es\/index.php?rest_route=\/wp\/v2\/posts\/29743","targetHints":{"allow":["GET"]}}],"collection":[{"href":"https:\/\/miradordeatarfe.es\/index.php?rest_route=\/wp\/v2\/posts"}],"about":[{"href":"https:\/\/miradordeatarfe.es\/index.php?rest_route=\/wp\/v2\/types\/post"}],"author":[{"embeddable":true,"href":"https:\/\/miradordeatarfe.es\/index.php?rest_route=\/wp\/v2\/users\/1"}],"replies":[{"embeddable":true,"href":"https:\/\/miradordeatarfe.es\/index.php?rest_route=%2Fwp%2Fv2%2Fcomments&post=29743"}],"version-history":[{"count":1,"href":"https:\/\/miradordeatarfe.es\/index.php?rest_route=\/wp\/v2\/posts\/29743\/revisions"}],"predecessor-version":[{"id":29746,"href":"https:\/\/miradordeatarfe.es\/index.php?rest_route=\/wp\/v2\/posts\/29743\/revisions\/29746"}],"wp:featuredmedia":[{"embeddable":true,"href":"https:\/\/miradordeatarfe.es\/index.php?rest_route=\/wp\/v2\/media\/29745"}],"wp:attachment":[{"href":"https:\/\/miradordeatarfe.es\/index.php?rest_route=%2Fwp%2Fv2%2Fmedia&parent=29743"}],"wp:term":[{"taxonomy":"category","embeddable":true,"href":"https:\/\/miradordeatarfe.es\/index.php?rest_route=%2Fwp%2Fv2%2Fcategories&post=29743"},{"taxonomy":"post_tag","embeddable":true,"href":"https:\/\/miradordeatarfe.es\/index.php?rest_route=%2Fwp%2Fv2%2Ftags&post=29743"}],"curies":[{"name":"wp","href":"https:\/\/api.w.org\/{rel}","templated":true}]}}