{"id":29748,"date":"2019-03-19T11:45:28","date_gmt":"2019-03-19T10:45:28","guid":{"rendered":"http:\/\/miradordeatarfe.es\/?p=29748"},"modified":"2019-03-18T17:46:24","modified_gmt":"2019-03-18T16:46:24","slug":"atletismo-atarfe-supera-con-nota-los-idus-de-marzo","status":"publish","type":"post","link":"https:\/\/miradordeatarfe.es\/?p=29748","title":{"rendered":"ATLETISMO ATARFE, SUPERA CON NOTA LOS IDUS DE MARZO."},"content":{"rendered":"\n<p>  <br> Los romanos llamaban los idus a los d\u00edas 15 de marzo, mayo, julio y octubre, y 13 de los otros meses. C\u00e9sar fue asesinado el d\u00eda 15 del mes de marzo del a\u00f1o 44 antes de Cristo, y de ah\u00ed la frase: \u201cgu\u00e1rdate de los idus de marzo\u201d, que ha pasado a significar grandes calamidades pol\u00edticas en ciertos d\u00edas. <br> Seg\u00fan Plutarco, un vidente hab\u00eda advertido a C\u00e9sar con esta frase anunci\u00e1ndole un grave peligro, de modo que ese d\u00eda cuando iba al Senado, Julio C\u00e9sar encontr\u00f3 al vidente y riendo le dijo: \u00abLos idus de marzo ya han llegado\u00bb; a lo que el vidente contest\u00f3 compasivamente: \u00abS\u00ed, pero a\u00fan no han acabado\u00bb. <br> Los IDUS DE MARZO para Atletismo Atarfe no han hecho sino confirmar la buena estrella que nos acompa\u00f1a fruto sin duda del gran trabajo que se realiza d\u00eda a d\u00eda en la pista. Fin de semana que comienza con la entrega de galardones a los mejores crossistas de la provincia y contin\u00faa con dos atletas desplazados hasta Sabadell para disputar el Campeonato de Espa\u00f1a Sub 16 de pista cubierta, cuatro atletas en los campeonatos auton\u00f3micos de Invierno de Triatlon en categor\u00edas Sub 12 y Sub 14, nuestr@s ruter@s en la Media y 10 K de Baza, alg\u00fan fondista que empieza a compatibilizarlo con el duatl\u00f3n en Fonelas y la presentaci\u00f3n de la Escuela de Triatlon como secci\u00f3n independiente dentro del organigrama de ATLETISMO ATARFE.   <br> Este 15 de marzo ha tenido lugar la Gala de clausura del Circuito Provincial de Cross Diputaci\u00f3n de Granada que premia a los mejores y m\u00e1s regulares atletas de la provincia en esta dura modalidad tras la disputa de las pruebas de Cuevas del Campo, Lecr\u00edn, La Zubia y Moraleda de Zafayona. Entre los galardonados (clasificados entre los cinco primeros de sus respectivas categor\u00edas) hemos tenido a 9 corredores de los 28 atletas que completan el circuito, rese\u00f1amos a los premiados:  <br> -Curro Avil\u00e9s Torrecillas, 1\u00ba en Sub 14, \u00fanicamente necesit\u00f3 tres etapas para lograr tan preciada posici\u00f3n, 2,4 y 1 fueron sus resultados, sin duda su triunfo en La Zubia result\u00f3 definitivo.  <br> -Mar\u00eda P\u00e9rez G\u00f3mez, 2\u00aa en Sub 14, merced a haber sido segunda en las tres primeras etapas del Circuito. Completa temporada de cross con presencias en el p\u00f3dium tambi\u00e9n en el Circuito de Ja\u00e9n. <br> -Samuel Garc\u00eda Rodr\u00edguez, 2\u00ba en Sub 10, comenz\u00f3 dubitativo el circuito con un 4\u00ba puesto para acumular posteriormente tres segundos puestos y consolidar esta gran clasificaci\u00f3n. <br> -Marcos Fern\u00e1ndez Requena, 2\u00ba en Sub 20. Explosivo retorno de Marcos a la actividad atl\u00e9tica y con absoluta regularidad: 2, 2, 2, 2 dan fe de ello.    <br> -David Hern\u00e1ndez S\u00e1nchez, 3\u00ba en Sub 16, un mediofondista que se defiende en cross, sus 3, 2, 3, 3 dan fe de su regularidad.  <br> -\u00c1lvaro Hern\u00e1ndez S\u00e1nchez, 3\u00ba en Sub 12, sus prestaciones 2, 3, 9 y 6, sin duda comenz\u00f3 fuerte y m\u00e1s tarde se dedic\u00f3 a preparar la pista.   <br> -Alejandro L\u00f3pez Garc\u00eda, 5\u00ba en Sub 10, sus actuaciones han sido 5, 6, 9 y 3 con lo que termin\u00f3 con mucha fuerza y afianzando su Top 5. <br> -Manuel Cort\u00e9s Garrido, 5\u00ba en Sub 14, fenomenal debut del \u201cbeato\u201d (gentilicio de Beas de Granada) que con 3, 3 y 5 se vio lastrado al no asistir a la \u00faltima prueba con otros compromisos atl\u00e9ticos. <br> -Jos\u00e9 Antonio Justicia Ruiz, 5\u00ba en Senior, gracias a dos cuartos puestos y otros dos quintos, meritorio su logro pues los atletas que le han precedido son de contrastada calidad y quienes dominan las pruebas de ruta en Granada.     <br> <strong>XXXII CAMPEONATO DE ESPA\u00d1A SUB 16 PISTA CUBIERTA. SABADELL<\/strong>. El Medio Fondo en Atletismo Atarfe est\u00e1 de enhorabuena al haber clasificado a dos atletas para correr el 600 en esta edici\u00f3n del Campeonato de Espa\u00f1a lo que exige acreditar marcas inferiores a 1.30 y estar entre los 25 mejores de todo el territorio nacional. Alejandro Vico Guzm\u00e1n que hab\u00eda orientado su temporada invernal al Cross habiendo disputado el Nacional de Clubs en Linares decidi\u00f3 a ultim\u00edsima hora probar con el 600 y con apenas dos semanas de entrenamiento espec\u00edfico sorprendi\u00f3 en el auton\u00f3mico venciendo su serie y siendo plata en el global gan\u00e1ndose el pasaje para Sabadell. Aqu\u00ed consigue mejorar marca siendo 4\u00ba en su serie (14 global) con 1.29.86.  <br> Le acompa\u00f1a en su serie David Hern\u00e1ndez S\u00e1nchez que se clasifica 6\u00ba de su serie con 1.35. lejos de su mejor marca pero obteniendo una gran experiencia que le ser\u00e1 de mucha utilidad para el futuro.  <\/p>\n\n\n\n<figure class=\"wp-block-image\"><img data-recalc-dims=\"1\" loading=\"lazy\" decoding=\"async\" width=\"576\" height=\"1024\" src=\"https:\/\/i0.wp.com\/miradordeatarfe.es\/wp-content\/uploads\/2019\/03\/Jaime-Vico-Duatlon-Fonelas-2019-1.jpeg?resize=576%2C1024&#038;ssl=1\" alt=\"\" class=\"wp-image-29752\" srcset=\"https:\/\/i0.wp.com\/miradordeatarfe.es\/wp-content\/uploads\/2019\/03\/Jaime-Vico-Duatlon-Fonelas-2019-1.jpeg?resize=576%2C1024&amp;ssl=1 576w, https:\/\/i0.wp.com\/miradordeatarfe.es\/wp-content\/uploads\/2019\/03\/Jaime-Vico-Duatlon-Fonelas-2019-1.jpeg?resize=169%2C300&amp;ssl=1 169w, https:\/\/i0.wp.com\/miradordeatarfe.es\/wp-content\/uploads\/2019\/03\/Jaime-Vico-Duatlon-Fonelas-2019-1.jpeg?resize=768%2C1365&amp;ssl=1 768w, https:\/\/i0.wp.com\/miradordeatarfe.es\/wp-content\/uploads\/2019\/03\/Jaime-Vico-Duatlon-Fonelas-2019-1.jpeg?resize=600%2C1067&amp;ssl=1 600w, https:\/\/i0.wp.com\/miradordeatarfe.es\/wp-content\/uploads\/2019\/03\/Jaime-Vico-Duatlon-Fonelas-2019-1.jpeg?w=900&amp;ssl=1 900w\" sizes=\"auto, (max-width: 576px) 100vw, 576px\" \/><\/figure>\n\n\n\n<p> <br> <strong>CAMPEONATO ANDALUC\u00cdA TRIATLON ZONAL ORIENTAL SUB 12<\/strong>. La representaci\u00f3n de ATLETISMO ATARFE ha estado protagonizada por Elena Lucena Ruiz, atleta vers\u00e1til que toca todos los palos y en todos con gran prestancia, en esta ocasi\u00f3n se gana su derecho a participar (acreditar una de las 16 mejores marcas del a\u00f1o) en triatl\u00f3n A en Almer\u00eda, no contenta con participar mejora su clasificaci\u00f3n inicial hasta el 14\u00ba puesto, consiguiendo los siguientes parciales: 60 m.v. (12.11, MMP, 368 ptos), 60 m. l. (10.36, 290 puntos) y Peso (3.43, MMM, 111 ptos), totaliza 769  puntos y se vuelve con dos nuevas marcas personales lo que deja patente la fortaleza de esta atleta.<\/p>\n\n\n\n<figure class=\"wp-block-image\"><img data-recalc-dims=\"1\" loading=\"lazy\" decoding=\"async\" width=\"640\" height=\"853\" src=\"https:\/\/i0.wp.com\/miradordeatarfe.es\/wp-content\/uploads\/2019\/03\/Elena-Lucena-Almer%C3%ADa-Campto-Andalucia-Oriental-Triatlon-Invierno-2019-1.jpeg?resize=640%2C853&#038;ssl=1\" alt=\"\" class=\"wp-image-29753\" srcset=\"https:\/\/i0.wp.com\/miradordeatarfe.es\/wp-content\/uploads\/2019\/03\/Elena-Lucena-Almer%C3%ADa-Campto-Andalucia-Oriental-Triatlon-Invierno-2019-1.jpeg?resize=768%2C1024&amp;ssl=1 768w, https:\/\/i0.wp.com\/miradordeatarfe.es\/wp-content\/uploads\/2019\/03\/Elena-Lucena-Almer%C3%ADa-Campto-Andalucia-Oriental-Triatlon-Invierno-2019-1.jpeg?resize=225%2C300&amp;ssl=1 225w, https:\/\/i0.wp.com\/miradordeatarfe.es\/wp-content\/uploads\/2019\/03\/Elena-Lucena-Almer%C3%ADa-Campto-Andalucia-Oriental-Triatlon-Invierno-2019-1.jpeg?resize=600%2C800&amp;ssl=1 600w, https:\/\/i0.wp.com\/miradordeatarfe.es\/wp-content\/uploads\/2019\/03\/Elena-Lucena-Almer%C3%ADa-Campto-Andalucia-Oriental-Triatlon-Invierno-2019-1.jpeg?w=1200&amp;ssl=1 1200w\" sizes=\"auto, (max-width: 640px) 100vw, 640px\" \/><\/figure>\n\n\n\n<p>    <br> <strong>CAMPEONATO ANDALUC\u00cdA TRIATLON ZONAL ORIENTAL SUB 14<\/strong>.Gran \u00e9xito de Curro Avil\u00e9s Torrecillas que se a\u00fapa con la primera plaza en el Triatlon B que a\u00fana las pruebas de longitud (4.21, 240 puntos, 4\u00ba), jabalina (21.90, 187 puntos, 5\u00ba) y 1000 (3.05.00, 616 puntos, 2\u00ba) totalizando 1.043 puntos y mejorando sus marcas en todas las disciplinas. Le acompa\u00f1an en este campeonato disputado en M\u00e1laga, Marta Salas Molina que acaba 8\u00aa en Triatlon A con 12.23 en 60 vallas, 9.02 en 60 y 5.24 en peso,  mejorando en todas las pruebas y Diego Fuentes 16\u00ba en Triatlon B con 3.47 en longitud, 17.80 en jabalina y 3.34 en mil.     <br> <strong>XLIII MEDIA MARATON \u201cCIUDAD DE BAZA\u201d Y CARRERA 10 K<\/strong>&#8211; <\/p>\n\n\n\n\n\n\n\n<p>Nueva entrega del Circuito provincial de Fondo que nos ha llevado a la localidad bastetana ofreciendo dos alternativas competitivas, Carlos Lucena Mart\u00edn opta por la m\u00e1s exigente (media marat\u00f3n) y consigue un fenomenal puesto 39\u00ba (4\u00ba categor\u00eda) con un crono de 1h.25.04 mientras en la prueba corta que a la postre result\u00f3 tambi\u00e9n bastante exigente debido al calor reinante y la orograf\u00eda,Teresa Rica se sube al p\u00f3dium con un meritorio tercer <br> puesto en la categor\u00eda absoluta. Le acompa\u00f1an en la aventura Gustavo Herrera 13\u00ba, Antonio Carrillo 59\u00ba, Elisabeth Lafuente 70\u00ba y Rafael Maroto 152.   <br> Para finalizar la cr\u00f3nica hemos de cambiar de deporte si bien del que os vamos a hablar tiene muchas similitudes con el nuestro y de ah\u00ed que exista entre ambos numerosas pasarelas que permiten no solo compatibilizarlos sino complementarlos, sobre todo en edades tempranas lo cual es desde siempre una apuesta firme de ATLETISMO ATARFE, nos referimos al TRIATLON y por ende el DUATLON, habi\u00e9ndose presentado este s\u00e1bado en el Centro Cultural Medina Elvira la primera Escuela de Triatlon de la provincia dirigida a ni\u00f1@s de 10 a 15 a\u00f1os exigi\u00e9ndose \u00fanicamente saber nadar a estilo libre m\u00e1s de 50 m., disponer de cualquier tipo de bicicleta (monta\u00f1a o carretera) y saber montar en ella. El atletismo se desarrollar\u00e1 en la pista municipal, la nataci\u00f3n en la piscina municipal y el ciclismo en el aparcamiento cerrado del Centro de Padel. <br> Fruto de esta apuesta decidida por compatibilizar ambos deportes lo encontramos en el \u00e9xito de nuestro fondista Jaime Vico Guzm\u00e1n que en su segunda experiencia en la modalidad de Duatlon se ha alzado con el triunfo en categor\u00eda junior en el disputado en Fonelas apuntando muy alto en esta modalidad que seguro le hace crecer adem\u00e1s como atleta.<\/p>\n","protected":false},"excerpt":{"rendered":"<p>Los romanos llamaban los idus a los d\u00edas 15 de marzo, mayo, julio y octubre,&#8230;<\/p>\n","protected":false},"author":1,"featured_media":29749,"comment_status":"closed","ping_status":"closed","sticky":false,"template":"","format":"standard","meta":{"_coblocks_attr":"","_coblocks_dimensions":"","_coblocks_responsive_height":"","_coblocks_accordion_ie_support":"","jetpack_post_was_ever_published":false,"_jetpack_newsletter_access":"","_jetpack_dont_email_post_to_subs":false,"_jetpack_newsletter_tier_id":0,"_jetpack_memberships_contains_paywalled_content":false,"_jetpack_memberships_contains_paid_content":false,"footnotes":"","jetpack_publicize_message":"","jetpack_publicize_feature_enabled":true,"jetpack_social_post_already_shared":false,"jetpack_social_options":{"image_generator_settings":{"template":"highway","default_image_id":0,"enabled":false},"version":2}},"categories":[1],"tags":[81,5514,322],"class_list":["post-29748","post","type-post","status-publish","format-standard","has-post-thumbnail","hentry","category-uncategorized","tag-atarfe","tag-atletismo-atarfe","tag-deporte"],"jetpack_publicize_connections":[],"jetpack_featured_media_url":"https:\/\/i0.wp.com\/miradordeatarfe.es\/wp-content\/uploads\/2019\/03\/Teresa-Rica-10-K-Baza-2019.jpeg?fit=1599%2C1200&ssl=1","jetpack_likes_enabled":true,"jetpack_sharing_enabled":true,"_links":{"self":[{"href":"https:\/\/miradordeatarfe.es\/index.php?rest_route=\/wp\/v2\/posts\/29748","targetHints":{"allow":["GET"]}}],"collection":[{"href":"https:\/\/miradordeatarfe.es\/index.php?rest_route=\/wp\/v2\/posts"}],"about":[{"href":"https:\/\/miradordeatarfe.es\/index.php?rest_route=\/wp\/v2\/types\/post"}],"author":[{"embeddable":true,"href":"https:\/\/miradordeatarfe.es\/index.php?rest_route=\/wp\/v2\/users\/1"}],"replies":[{"embeddable":true,"href":"https:\/\/miradordeatarfe.es\/index.php?rest_route=%2Fwp%2Fv2%2Fcomments&post=29748"}],"version-history":[{"count":1,"href":"https:\/\/miradordeatarfe.es\/index.php?rest_route=\/wp\/v2\/posts\/29748\/revisions"}],"predecessor-version":[{"id":29754,"href":"https:\/\/miradordeatarfe.es\/index.php?rest_route=\/wp\/v2\/posts\/29748\/revisions\/29754"}],"wp:featuredmedia":[{"embeddable":true,"href":"https:\/\/miradordeatarfe.es\/index.php?rest_route=\/wp\/v2\/media\/29749"}],"wp:attachment":[{"href":"https:\/\/miradordeatarfe.es\/index.php?rest_route=%2Fwp%2Fv2%2Fmedia&parent=29748"}],"wp:term":[{"taxonomy":"category","embeddable":true,"href":"https:\/\/miradordeatarfe.es\/index.php?rest_route=%2Fwp%2Fv2%2Fcategories&post=29748"},{"taxonomy":"post_tag","embeddable":true,"href":"https:\/\/miradordeatarfe.es\/index.php?rest_route=%2Fwp%2Fv2%2Ftags&post=29748"}],"curies":[{"name":"wp","href":"https:\/\/api.w.org\/{rel}","templated":true}]}}