{"id":2977,"date":"2015-07-15T08:00:03","date_gmt":"2015-07-15T08:00:03","guid":{"rendered":"http:\/\/miradordeatarfe.es\/?p=2977"},"modified":"2015-07-16T08:04:09","modified_gmt":"2015-07-16T08:04:09","slug":"a-las-nuevas-corporaciones-municipales-por-jesus-lens","status":"publish","type":"post","link":"https:\/\/miradordeatarfe.es\/?p=2977","title":{"rendered":"\u00abA las nuevas corporaciones municipales\u00bb por Jes\u00fas Lens"},"content":{"rendered":"<p><em><strong>Mi art\u00edculo de hoy, en IDEAL, pidiendo a los reci\u00e9n llegados que no hagan pol\u00edtica de tierra quemada\u2026 reflexi\u00f3n sobre el festival de jazz de Atarfe<br \/>\n<\/strong><\/em><\/p>\n<p><!--more--><\/p>\n<p>En primer lugar, mi m\u00e1s sincera enhorabuena. Que est\u00e9n ustedes ah\u00ed es fruto de la voluntad democr\u00e1tica de sus vecinos as\u00ed que, \u00a1felicidades! Dicho lo cu\u00e1l, \u00bfme permiten la osad\u00eda de hacerles una recomendaci\u00f3n? Ojito a la tentaci\u00f3n de, nada m\u00e1s llegar, querer cambiar las cosas\u2026 poni\u00e9ndolo todo patas arriba.<\/p>\n<p>Cuando un nuevo equipo accede al gobierno de una ciudad, pueblo o instituci\u00f3n; lo hace con la l\u00f3gica y encomiable voluntad de conseguir logros hist\u00f3ricos. De hacer cambios. De transformar las cosas. De dejar huella. Las dificultades comienzan a la hora de decidir por d\u00f3nde empezar ese cambio. Sobre todo, porque lo m\u00e1s f\u00e1cil es arrancar cerrando, destruyendo, clausurando y dando carpetazo a la labor realizada por los antecesores en el cargo.<\/p>\n<p>Hace unos d\u00edas, en el<strong> Festival de Jazz en el Lago de Atarfe,<\/strong> el rur\u00fan m\u00e1s extendido era que la nueva corporaci\u00f3n municipal de Podemos se lo quiere cargar. Que, de hecho, ya le habr\u00eda gustado echarle el candado a la edici\u00f3n de este a\u00f1o, pero que no le ha dado tiempo.<\/p>\n<p><a href=\"https:\/\/i0.wp.com\/www.granadablogs.com\/pateandoelmundo\/wp-content\/uploads\/2015\/07\/Atarfe-Jazz.jpg\"><img data-recalc-dims=\"1\" loading=\"lazy\" decoding=\"async\" class=\"aligncenter size-medium wp-image-18130\" src=\"https:\/\/i0.wp.com\/www.granadablogs.com\/pateandoelmundo\/wp-content\/uploads\/2015\/07\/Atarfe-Jazz-300x197.jpg?resize=300%2C197\" alt=\"Atarfe Jazz\" width=\"300\" height=\"197\" \/><\/a><\/p>\n<p>Hablamos de un festival con catorce a\u00f1os de historia a sus espaldas y por el que han pasado algunos de los mejores m\u00fasicos de jazz del mundo. Un festival al que acuden cientos de personas cada a\u00f1o, de todo origen, procedencia y condici\u00f3n. Un festival que adem\u00e1s de contar con primeras figuras, proyecta y da visibilidad a decenas de m\u00fasicos de la tierra.<\/p>\n<p>Pensar en acabar con un festival as\u00ed es de un talibanismo aterrador: nada de lo anterior a nosotros tiene cabida en estos nuevos tiempos. \u00bfRazones para justificar este tipo de desprop\u00f3sitos? Una, a buen seguro, ser\u00e1 la del presupuesto, el coste y las prioridades en estos tiempos de crisis. Solo que eso no es una raz\u00f3n. <em>Es una justificaci\u00f3n. Porque la cultura, por desgracia, nunca es una prioridad y, por tanto, siempre ser\u00e1 susceptible de ser recortada<\/em>. Hasta su asfixia total y absoluta. \u00bfY despu\u00e9s? \u00bfDe qu\u00e9 se puede seguir prescindiendo? \u00bfDel deporte? \u00bfDe las fiestas populares?<\/p>\n<p><a href=\"https:\/\/i0.wp.com\/www.granadablogs.com\/pateandoelmundo\/wp-content\/uploads\/2015\/07\/Atarfe-Big-Band.jpg\"><img data-recalc-dims=\"1\" loading=\"lazy\" decoding=\"async\" class=\"aligncenter size-medium wp-image-18131\" src=\"https:\/\/i0.wp.com\/www.granadablogs.com\/pateandoelmundo\/wp-content\/uploads\/2015\/07\/Atarfe-Big-Band-300x203.jpg?resize=300%2C203\" alt=\"Atarfe Big Band\" width=\"300\" height=\"203\" \/><\/a><\/p>\n<p>\u00a1Ay, las prioridades! Parece mentira que, en pleno siglo XXI y en una sociedad desarrollada, sigamos debatiendo estas cuestiones. Como cuando, en otros tiempos, se quitaba a los hijos de estudiar porque lo prioritario era que encontraran un trabajo para llevar un sueldo m\u00e1s a casa.<\/p>\n<p>Y luego est\u00e1 la cuesti\u00f3n del gusto, argumento que no deber\u00eda tener el m\u00e1s m\u00ednimo peso entre gente civilizada. Por desgracia, en Granada dejamos escapar el a\u00f1orado y pionero Esp\u00e1rrago Rock porque no era del gusto de la nueva corporaci\u00f3n municipal que lleg\u00f3 a la Plaza del Carmen. Y f\u00edjense lo que mueven y generan ese tipo de eventos ahora. \u00bfSe imaginan a un alcalde que osara tocar el Festival de M\u00fasica y Danza de Granada porque no le gusta la m\u00fasica cl\u00e1sica?<\/p>\n<p><a href=\"https:\/\/i0.wp.com\/www.granadablogs.com\/pateandoelmundo\/wp-content\/uploads\/2015\/07\/Esp%C3%A1rrago-Rock.jpg\"><img data-recalc-dims=\"1\" loading=\"lazy\" decoding=\"async\" class=\"aligncenter size-medium wp-image-18132\" src=\"https:\/\/i0.wp.com\/www.granadablogs.com\/pateandoelmundo\/wp-content\/uploads\/2015\/07\/Esp%C3%A1rrago-Rock-218x300.jpg?resize=218%2C300\" alt=\"Esp\u00e1rrago Rock\" width=\"218\" height=\"300\" \/><\/a><\/p>\n<p>Se\u00f1ores mun\u00edcipes, sean ustedes bienvenidos, <em>pero no comiencen su gobierno por la v\u00eda f\u00e1cil de la pol\u00edtica de tierra quemada<\/em>. Favor que nos hacen a todos. Incluidos ustedes mismos.<\/p>\n<p>Jes\u00fas Lens<\/p>\n","protected":false},"excerpt":{"rendered":"<p>Mi art\u00edculo de hoy, en IDEAL, pidiendo a los reci\u00e9n llegados que no hagan pol\u00edtica&#8230;<\/p>\n","protected":false},"author":1,"featured_media":2978,"comment_status":"closed","ping_status":"closed","sticky":false,"template":"","format":"standard","meta":{"_coblocks_attr":"","_coblocks_dimensions":"","_coblocks_responsive_height":"","_coblocks_accordion_ie_support":"","jetpack_post_was_ever_published":false,"_jetpack_newsletter_access":"","_jetpack_dont_email_post_to_subs":false,"_jetpack_newsletter_tier_id":0,"_jetpack_memberships_contains_paywalled_content":false,"_jetpack_memberships_contains_paid_content":false,"footnotes":"","jetpack_publicize_message":"","jetpack_publicize_feature_enabled":true,"jetpack_social_post_already_shared":false,"jetpack_social_options":{"image_generator_settings":{"template":"highway","default_image_id":0,"enabled":false},"version":2}},"categories":[2,12,15],"tags":[81,1074],"class_list":["post-2977","post","type-post","status-publish","format-standard","has-post-thumbnail","hentry","category-atarfe","category-cultura","category-ultimas-noticias","tag-atarfe","tag-festival-de-jazz"],"jetpack_publicize_connections":[],"jetpack_featured_media_url":"https:\/\/i0.wp.com\/miradordeatarfe.es\/wp-content\/uploads\/2015\/07\/Atarfe-Jazz-en-el-Lago.jpg?fit=1632%2C1224&ssl=1","jetpack_likes_enabled":true,"jetpack_sharing_enabled":true,"_links":{"self":[{"href":"https:\/\/miradordeatarfe.es\/index.php?rest_route=\/wp\/v2\/posts\/2977","targetHints":{"allow":["GET"]}}],"collection":[{"href":"https:\/\/miradordeatarfe.es\/index.php?rest_route=\/wp\/v2\/posts"}],"about":[{"href":"https:\/\/miradordeatarfe.es\/index.php?rest_route=\/wp\/v2\/types\/post"}],"author":[{"embeddable":true,"href":"https:\/\/miradordeatarfe.es\/index.php?rest_route=\/wp\/v2\/users\/1"}],"replies":[{"embeddable":true,"href":"https:\/\/miradordeatarfe.es\/index.php?rest_route=%2Fwp%2Fv2%2Fcomments&post=2977"}],"version-history":[{"count":4,"href":"https:\/\/miradordeatarfe.es\/index.php?rest_route=\/wp\/v2\/posts\/2977\/revisions"}],"predecessor-version":[{"id":2982,"href":"https:\/\/miradordeatarfe.es\/index.php?rest_route=\/wp\/v2\/posts\/2977\/revisions\/2982"}],"wp:featuredmedia":[{"embeddable":true,"href":"https:\/\/miradordeatarfe.es\/index.php?rest_route=\/wp\/v2\/media\/2978"}],"wp:attachment":[{"href":"https:\/\/miradordeatarfe.es\/index.php?rest_route=%2Fwp%2Fv2%2Fmedia&parent=2977"}],"wp:term":[{"taxonomy":"category","embeddable":true,"href":"https:\/\/miradordeatarfe.es\/index.php?rest_route=%2Fwp%2Fv2%2Fcategories&post=2977"},{"taxonomy":"post_tag","embeddable":true,"href":"https:\/\/miradordeatarfe.es\/index.php?rest_route=%2Fwp%2Fv2%2Ftags&post=2977"}],"curies":[{"name":"wp","href":"https:\/\/api.w.org\/{rel}","templated":true}]}}