{"id":29786,"date":"2019-03-20T10:26:37","date_gmt":"2019-03-20T09:26:37","guid":{"rendered":"http:\/\/miradordeatarfe.es\/?p=29786"},"modified":"2019-03-19T19:39:06","modified_gmt":"2019-03-19T18:39:06","slug":"felicitamos-a-los-miembros-del-club-cerro-jonete-organizadores-de-la-carrera-de-cadeba-tajo-negro","status":"publish","type":"post","link":"https:\/\/miradordeatarfe.es\/?p=29786","title":{"rendered":"ATARFE: Felicitamos a los miembros del club Cerro Jonete, organizadores de la carrera de CADEBA Tajo Negro"},"content":{"rendered":"\n<p> Sabemos lo  dif\u00edcil que es organizar una carrera para ni\u00f1os, con las limitaciones econ\u00f3micas que eso conlleva y por eso lo valoramos a\u00fan m\u00e1s. <\/p>\n\n\n\n<p>\n El d\u00eda comenz\u00f3 pronto, a las 6.45 nos recog\u00eda un autob\u00fas, donde ya \nestaban nuestros amigos del club de Montejicar. A las 7.15, recog\u00edamos a\n los integrantes del Club Cerro del Caballo de D\u00farcal. S\u00ed, est\u00e1is \nleyendo bien, tres clubes diferentes compartiendo el mismo autob\u00fas, con \nlos ni\u00f1os al fondo dando guerra todos perfectamente integrados. \u00bfOs \nimagin\u00e1is eso en otros deportes?.<br> La carrera en Oj\u00e9n como \napreciareis en las fotos fue en un entorno bell\u00edsimo. Posteriormente \ntocaba la comida de hermandad. No contentos con eso, los voluntarios del\n club organizador nos acompa\u00f1aron a una visita a la ecoreserva de Oj\u00e9n, \nd\u00f3nde adem\u00e1s de apreciar lo bonito del paisaje, pudimos ver conejos, \ncamaleones, un jabato, un macho mont\u00e9s, muflones&#8230;<br> Los voluntarios nos acompa\u00f1aron hasta dejarnos en el autob\u00fas, no se han podido portar mejor con nosotros.<br> A la vuelta m\u00e1s ruido y canciones en el autob\u00fas.<br>\n Por cierto Carmen fue primera alev\u00edn y Franchu segundo benjam\u00edn, pero \neso hoy quiz\u00e1s no ha sido lo m\u00e1s importante. Tambi\u00e9n defendieron \nnuestros colores Mario, Carlos Cantero, Francisco y Carlos L\u00f3pez y Dani.<\/p>\n\n\n\n<p> A partir de ahora aqu\u00ed encontrar\u00e9is exclusivamente la informaci\u00f3n de la III Cxm Infantil Sierra Elvira.<\/p>\n\n\n\n<figure class=\"wp-block-image\"><img data-recalc-dims=\"1\" loading=\"lazy\" decoding=\"async\" width=\"640\" height=\"480\" src=\"https:\/\/i0.wp.com\/miradordeatarfe.es\/wp-content\/uploads\/2019\/03\/54268033_416847282214466_8062147973917704192_n.jpg?resize=640%2C480&#038;ssl=1\" alt=\"\" class=\"wp-image-29788\" srcset=\"https:\/\/i0.wp.com\/miradordeatarfe.es\/wp-content\/uploads\/2019\/03\/54268033_416847282214466_8062147973917704192_n.jpg?w=960&amp;ssl=1 960w, https:\/\/i0.wp.com\/miradordeatarfe.es\/wp-content\/uploads\/2019\/03\/54268033_416847282214466_8062147973917704192_n.jpg?resize=300%2C225&amp;ssl=1 300w, https:\/\/i0.wp.com\/miradordeatarfe.es\/wp-content\/uploads\/2019\/03\/54268033_416847282214466_8062147973917704192_n.jpg?resize=768%2C576&amp;ssl=1 768w, https:\/\/i0.wp.com\/miradordeatarfe.es\/wp-content\/uploads\/2019\/03\/54268033_416847282214466_8062147973917704192_n.jpg?resize=600%2C450&amp;ssl=1 600w\" sizes=\"auto, (max-width: 640px) 100vw, 640px\" \/><\/figure>\n","protected":false},"excerpt":{"rendered":"<p>Sabemos lo dif\u00edcil que es organizar una carrera para ni\u00f1os, con las limitaciones econ\u00f3micas que&#8230;<\/p>\n","protected":false},"author":1,"featured_media":29787,"comment_status":"closed","ping_status":"closed","sticky":false,"template":"","format":"standard","meta":{"_coblocks_attr":"","_coblocks_dimensions":"","_coblocks_responsive_height":"","_coblocks_accordion_ie_support":"","jetpack_post_was_ever_published":false,"_jetpack_newsletter_access":"","_jetpack_dont_email_post_to_subs":false,"_jetpack_newsletter_tier_id":0,"_jetpack_memberships_contains_paywalled_content":false,"_jetpack_memberships_contains_paid_content":false,"footnotes":"","jetpack_publicize_message":"","jetpack_publicize_feature_enabled":true,"jetpack_social_post_already_shared":false,"jetpack_social_options":{"image_generator_settings":{"template":"highway","default_image_id":0,"enabled":false},"version":2}},"categories":[2,182,44,15],"tags":[81,85,322],"class_list":["post-29786","post","type-post","status-publish","format-standard","has-post-thumbnail","hentry","category-atarfe","category-deportes","category-noticias-de-hoy","category-ultimas-noticias","tag-atarfe","tag-atletismo","tag-deporte"],"jetpack_publicize_connections":[],"jetpack_featured_media_url":"https:\/\/i0.wp.com\/miradordeatarfe.es\/wp-content\/uploads\/2019\/03\/54413292_416847072214487_3837037423338979328_n.jpg?fit=960%2C720&ssl=1","jetpack_likes_enabled":true,"jetpack_sharing_enabled":true,"_links":{"self":[{"href":"https:\/\/miradordeatarfe.es\/index.php?rest_route=\/wp\/v2\/posts\/29786","targetHints":{"allow":["GET"]}}],"collection":[{"href":"https:\/\/miradordeatarfe.es\/index.php?rest_route=\/wp\/v2\/posts"}],"about":[{"href":"https:\/\/miradordeatarfe.es\/index.php?rest_route=\/wp\/v2\/types\/post"}],"author":[{"embeddable":true,"href":"https:\/\/miradordeatarfe.es\/index.php?rest_route=\/wp\/v2\/users\/1"}],"replies":[{"embeddable":true,"href":"https:\/\/miradordeatarfe.es\/index.php?rest_route=%2Fwp%2Fv2%2Fcomments&post=29786"}],"version-history":[{"count":2,"href":"https:\/\/miradordeatarfe.es\/index.php?rest_route=\/wp\/v2\/posts\/29786\/revisions"}],"predecessor-version":[{"id":29807,"href":"https:\/\/miradordeatarfe.es\/index.php?rest_route=\/wp\/v2\/posts\/29786\/revisions\/29807"}],"wp:featuredmedia":[{"embeddable":true,"href":"https:\/\/miradordeatarfe.es\/index.php?rest_route=\/wp\/v2\/media\/29787"}],"wp:attachment":[{"href":"https:\/\/miradordeatarfe.es\/index.php?rest_route=%2Fwp%2Fv2%2Fmedia&parent=29786"}],"wp:term":[{"taxonomy":"category","embeddable":true,"href":"https:\/\/miradordeatarfe.es\/index.php?rest_route=%2Fwp%2Fv2%2Fcategories&post=29786"},{"taxonomy":"post_tag","embeddable":true,"href":"https:\/\/miradordeatarfe.es\/index.php?rest_route=%2Fwp%2Fv2%2Ftags&post=29786"}],"curies":[{"name":"wp","href":"https:\/\/api.w.org\/{rel}","templated":true}]}}