{"id":29790,"date":"2019-03-22T08:34:32","date_gmt":"2019-03-22T07:34:32","guid":{"rendered":"http:\/\/miradordeatarfe.es\/?p=29790"},"modified":"2019-03-20T12:46:17","modified_gmt":"2019-03-20T11:46:17","slug":"karen-uhlenbeck-se-convierte-en-la-primera-mujer-en-recibir-el-nobel-de-matematicas","status":"publish","type":"post","link":"https:\/\/miradordeatarfe.es\/?p=29790","title":{"rendered":"Karen Uhlenbeck se convierte en la primera mujer en recibir el &#8216;Nobel&#8217; de Matem\u00e1ticas"},"content":{"rendered":"\n<p> La Academia Noruega de Ciencias y Letras reconoce a Karen Uhlenbeck por  \u00absus logros pioneros y por el impacto fundamental de su trabajo en el  an\u00e1lisis, la geometr\u00eda y la f\u00edsica matem\u00e1tica\u00bb. <\/p>\n\n\n\n<p>Karen Uhlenbeck, profesora em\u00e9rita en la Universidad de Texas en \nAustin (Estados Unidos), se ha convertido en la primera mujer en recibir\n el Premio Abel, creado en 2002 y <strong>considerado el Nobel de las Matem\u00e1ticas<\/strong>.<\/p>\n\n\n\n<p>En su fallo, la Academia Noruega de Ciencias y Letras reconoce \u00ab<strong>sus logros pioneros en ecuaciones diferenciales parciales geom\u00e9tricas, teor\u00eda de los indicadores y sistemas integrables<\/strong>, y por el impacto fundamental de su trabajo en el an\u00e1lisis, la geometr\u00eda y la f\u00edsica matem\u00e1tica\u00bb.   <\/p>\n\n\n\n<p>Su\n trabajo ha sido descrito como uno de los m\u00e1s importantes en matem\u00e1ticas\n del siglo XX, constituyendo avances revolucionarios en geometr\u00eda. \n\u00abDurante m\u00e1s de tres d\u00e9cadas en la Universidad de Texas, Karen Uhlenbeck\n realiz\u00f3 una investigaci\u00f3n que revolucion\u00f3 el an\u00e1lisis geom\u00e9trico y las \nmatem\u00e1ticas en general\u00bb, ha afirmado el presidente de esta instituci\u00f3n, \nGregory L. Fenves. \u00abElla <strong>fue una maestra inspiradora y una mentora dedicada a miles de estudiantes<\/strong>\n de UT, motiv\u00e1ndolos a alcanzar grandes alturas en sus vidas acad\u00e9micas y\n profesionales. El Premio Abel es el honor m\u00e1s alto en matem\u00e1ticas, y es\n uno de los que la profesora Uhlenbeck se merece\u00bb, a\u00f1ade.   <\/p>\n\n\n\n<p>El \nrey de Noruega, Harald V, entregar\u00e1 el Premio Abel a Uhlenbeck -dotado \ncon 700.000 d\u00f3lares- en una ceremonia de entrega de premios en Oslo el \n21 de mayo de 2019.   <\/p>\n\n\n\n<p>Algunos de sus trabajos m\u00e1s destacados se \ncentraron en teor\u00edas de gauge, proporcionando una base anal\u00edtica para \nuna serie de conceptos explorados en la f\u00edsica moderna. \u00abLa \ninvestigaci\u00f3n de Uhlenbeck ha llevado a avances revolucionarios en la \nintersecci\u00f3n de las matem\u00e1ticas y la f\u00edsica\u00bb, se\u00f1ala por su parte Paul \nGoldbart, decano de la Facultad de Ciencias Naturales y profesor de \nf\u00edsica en la Universidad de Texas en Austin. \u00ab<strong>Sus ideas pioneras tienen aplicaciones en una variedad de temas fascinantes<\/strong>,\n desde la teor\u00eda de cuerdas, que pueden ayudar a explicar la naturaleza \nde la realidad, a la geometr\u00eda del espacio-tiempo\u00bb, agrega.   <\/p>\n\n\n\n<p>Una\n de las principales matem\u00e1ticas de su generaci\u00f3n, Uhlenbeck recibi\u00f3 en \n1983 una beca MacArthur. En 1986 fue elegida para la Academia Nacional \nde Ciencias de Estados Unidos, y en 2000 fue galardonada con la Medalla \nNacional de la Ciencia. En 2007 recibi\u00f3 el Premio Steele por una \ncontribuci\u00f3n seminal a la investigaci\u00f3n de la American Mathematical \nSociety.<\/p>\n\n\n\n<p>\u00abElla transform\u00f3 el tejido del departamento con su amplia\n visi\u00f3n de las matem\u00e1ticas y m\u00e1s all\u00e1\u00bb, comenta Thomas Chen, presidente \ndel Departamento de Matem\u00e1ticas de la Universidad de Texas en Austin. \n\u00abSu insaciable curiosidad alimenta tanto su profunda visi\u00f3n matem\u00e1tica \ncomo su sabidur\u00eda en la esfera humana, lo cual es evidente en su \nlegendaria generosidad y atenci\u00f3n a la mentor\u00eda de j\u00f3venes matem\u00e1ticos\u00bb,\n apunta.   <\/p>\n\n\n\n<p>Fue cofundadora de los programas de Princeton \nUniversity y UT Austin, incluidos el Saturday Morning Math Group, el \nDistinguished Women in Mathematics Lecture Series, el Park City \nMathematics Institute y el programa Women and Mathematics en el \nInstitute for Advanced Study, dise\u00f1ado para inspirar y apoyar a los \nj\u00f3venes en Matem\u00e1ticas.<\/p>\n\n\n\n<p>\nEl Premio Abel reconoce los logros en  matem\u00e1ticas en cualquier etapa de\n la carrera de un matem\u00e1tico. Difiere  de la Medalla Fields, otro premio\n internacional en matem\u00e1ticas, que se  otorga solo a matem\u00e1ticos menores\n de 40 a\u00f1os. Los dos premios son  considerados los m\u00e1s altos premios \ninternacionales en Matem\u00e1ticas.\n\n<\/p>\n\n\n\n<p>ANTENA 3  FOTO:  Karen Uhlenbeck | Abel Prize <\/p>\n\n\n\n<p><a href=\"https:\/\/www.antena3.com\/noticias\/ciencia\/karen-uhlenbeck-mujer-nobel-matematicas-video_201903195c90ec020cf2268ba2a7c72a.html\">https:\/\/www.antena3.com\/noticias\/ciencia\/karen-uhlenbeck-mujer-nobel-matematicas-video_201903195c90ec020cf2268ba2a7c72a.html<\/a><\/p>\n","protected":false},"excerpt":{"rendered":"<p>La Academia Noruega de Ciencias y Letras reconoce a Karen Uhlenbeck por \u00absus logros pioneros&#8230;<\/p>\n","protected":false},"author":1,"featured_media":29791,"comment_status":"closed","ping_status":"closed","sticky":false,"template":"","format":"standard","meta":{"_coblocks_attr":"","_coblocks_dimensions":"","_coblocks_responsive_height":"","_coblocks_accordion_ie_support":"","jetpack_post_was_ever_published":false,"_jetpack_newsletter_access":"","_jetpack_dont_email_post_to_subs":false,"_jetpack_newsletter_tier_id":0,"_jetpack_memberships_contains_paywalled_content":false,"_jetpack_memberships_contains_paid_content":false,"footnotes":"","jetpack_publicize_message":"","jetpack_publicize_feature_enabled":true,"jetpack_social_post_already_shared":false,"jetpack_social_options":{"image_generator_settings":{"template":"highway","default_image_id":0,"enabled":false},"version":2}},"categories":[1],"tags":[241,3051],"class_list":["post-29790","post","type-post","status-publish","format-standard","has-post-thumbnail","hentry","category-uncategorized","tag-matematicas","tag-premio-nobel"],"jetpack_publicize_connections":[],"jetpack_featured_media_url":"https:\/\/i0.wp.com\/miradordeatarfe.es\/wp-content\/uploads\/2019\/03\/58.jpg?fit=998%2C567&ssl=1","jetpack_likes_enabled":true,"jetpack_sharing_enabled":true,"_links":{"self":[{"href":"https:\/\/miradordeatarfe.es\/index.php?rest_route=\/wp\/v2\/posts\/29790","targetHints":{"allow":["GET"]}}],"collection":[{"href":"https:\/\/miradordeatarfe.es\/index.php?rest_route=\/wp\/v2\/posts"}],"about":[{"href":"https:\/\/miradordeatarfe.es\/index.php?rest_route=\/wp\/v2\/types\/post"}],"author":[{"embeddable":true,"href":"https:\/\/miradordeatarfe.es\/index.php?rest_route=\/wp\/v2\/users\/1"}],"replies":[{"embeddable":true,"href":"https:\/\/miradordeatarfe.es\/index.php?rest_route=%2Fwp%2Fv2%2Fcomments&post=29790"}],"version-history":[{"count":1,"href":"https:\/\/miradordeatarfe.es\/index.php?rest_route=\/wp\/v2\/posts\/29790\/revisions"}],"predecessor-version":[{"id":29792,"href":"https:\/\/miradordeatarfe.es\/index.php?rest_route=\/wp\/v2\/posts\/29790\/revisions\/29792"}],"wp:featuredmedia":[{"embeddable":true,"href":"https:\/\/miradordeatarfe.es\/index.php?rest_route=\/wp\/v2\/media\/29791"}],"wp:attachment":[{"href":"https:\/\/miradordeatarfe.es\/index.php?rest_route=%2Fwp%2Fv2%2Fmedia&parent=29790"}],"wp:term":[{"taxonomy":"category","embeddable":true,"href":"https:\/\/miradordeatarfe.es\/index.php?rest_route=%2Fwp%2Fv2%2Fcategories&post=29790"},{"taxonomy":"post_tag","embeddable":true,"href":"https:\/\/miradordeatarfe.es\/index.php?rest_route=%2Fwp%2Fv2%2Ftags&post=29790"}],"curies":[{"name":"wp","href":"https:\/\/api.w.org\/{rel}","templated":true}]}}