{"id":29796,"date":"2019-03-23T10:57:25","date_gmt":"2019-03-23T09:57:25","guid":{"rendered":"http:\/\/miradordeatarfe.es\/?p=29796"},"modified":"2019-03-19T17:03:32","modified_gmt":"2019-03-19T16:03:32","slug":"que-era-un-carmen-en-la-epoca-nazari","status":"publish","type":"post","link":"https:\/\/miradordeatarfe.es\/?p=29796","title":{"rendered":"Qu\u00e9 era un Carmen en la \u00e9poca Nazar\u00ed"},"content":{"rendered":"\n<h2 class=\"wp-block-heading\">Las viviendas t\u00edpicas del Albaic\u00edn<\/h2>\n\n\n\n<p>Pero lo normal era que fuera de recreo (veladas poeticas, encuentros \nfamiliares, celebraci\u00f3n de fiestas musulmanas, bodas, etc.), teni\u00e9ndose \ncomo segunda residencia fuera de la ciudad.<\/p>\n\n\n\n<p>Tambi\u00e9n conocemos casos de quienes lo ten\u00edan como hogar permanente.<\/p>\n\n\n\n<div class=\"wp-block-image\"><figure class=\"aligncenter\"><img data-recalc-dims=\"1\" decoding=\"async\" src=\"https:\/\/i0.wp.com\/www.granadaporelmundo.com\/wp-content\/uploads\/2018\/11\/Que-era-un-Carmen-en-la-Epoca-Nazari.-Granada-5.jpg?w=640&#038;ssl=1\" alt=\"Que era un Carmen en la Epoca Nazari. Granada\" class=\"wp-image-5513\"\/><\/figure><\/div>\n\n\n\n<p><strong>Fueron propiedad de clases altas<\/strong>\n (nobles, funcionarios reales, familiares de la realeza nazar\u00ed, \nmilitares), aunque tambi\u00e9n, en una versi\u00f3n m\u00e1s modesta, pod\u00edan tener una\n de estas propiedades miembros de clases medias (mercaderes ricos, \nmenestrales, etc\u2026).<\/p>\n\n\n\n<p><strong>Sol\u00edan estar situadas a las afueras de\n Granada, en la Vega, por la zona del Realejo, Albaic\u00edn y Fajalauza y en\n los primeros arrabales<\/strong>.<\/p>\n\n\n\n<p>Son fincas muy t\u00edpicas de \nGranada que a\u00fan perduran. Hoy, muchas de ellas est\u00e1n englobadas en \nbarrios, pero hasta por lo menos el siglo XVII conservaron su car\u00e1cter \nrural para despu\u00e9s evolucionar y urbanizarse.<\/p>\n\n\n\n<div class=\"wp-block-image\"><figure class=\"aligncenter\"><img data-recalc-dims=\"1\" decoding=\"async\" src=\"https:\/\/i0.wp.com\/www.granadaporelmundo.com\/wp-content\/uploads\/2018\/11\/Que-era-un-Carmen-en-la-Epoca-Nazari.-Granada-6.jpg?w=640&#038;ssl=1\" alt=\"Que era un Carmen en la Epoca Nazari. Granada\" class=\"wp-image-5514\"\/><\/figure><\/div>\n\n\n\n<div class=\"wp-block-image\"><figure class=\"aligncenter\"><img data-recalc-dims=\"1\" decoding=\"async\" src=\"https:\/\/i0.wp.com\/www.granadaporelmundo.com\/wp-content\/uploads\/2018\/11\/Que-era-un-Carmen-en-la-Epoca-Nazari.-Granada-7.jpg?w=640&#038;ssl=1\" alt=\"Que era un Carmen en la Epoca Nazari. Granada\" class=\"wp-image-5515\"\/><\/figure><\/div>\n\n\n\n<p>En\n el siglo XIV, el m\u00e9dico, visir y literato Ibn al-Jat\u00eeb, en otra obra \nllamada Lamhat al-Badriyya, hizo una descripci\u00f3n de los alrededores de \nGranada y dec\u00eda como, a extramuros, no se ve\u00eda un lugar libre dado que \ntodo estaba ocupado por \u201c\u2026 huertos (al-yin\u00e2n), c\u00e1rmenes (wal-kur\u00fbm), y \njardines (wal-basatin).\u201d<\/p>\n\n\n\n<p>Posteriormente, en \u00e9poca de los <strong>Reyes Cat\u00f3licos<\/strong>, el m\u00e9dico y viajero <strong>Jer\u00f3nimo M\u00fcnzer<\/strong>,\n habla de los c\u00e1rmenes que exist\u00edan solo dos a\u00f1os despu\u00e9s de la Ca\u00edda de\n Granada (1494) en su libro \u201cViaje por Espa\u00f1a y Portugal\u201d:<\/p>\n\n\n\n<p><em>\u201cTerminada\n la comida, subimos a la Alhambra. Vimos all\u00ed palacios incontables, \nenlosados con blanqu\u00edsimo m\u00e1rmol; bell\u00edsimos jardines, adornados con \nlimoneros y arrayanes\u2026 Todo est\u00e1 tan soberbia, magn\u00edfica y \nexquisitamente construido, de tan diversas materias, que se creer\u00eda un \npara\u00edso. No me es posible dar cuenta de todo\u201d.<\/em><\/p>\n\n\n\n<h3 class=\"wp-block-heading\">V\u00edsperas de la expulsi\u00f3n<\/h3>\n\n\n\n<p>Por \u00faltimo, <strong>en v\u00edsperas de la expulsi\u00f3n de los Moriscos<\/strong>,\n Luis de M\u00e1rmol y Carvajal escribe las salidas de la ciudad hacia la \nvega \u201c(\u2026) entre c\u00e1rmenes y huertas de mucha frescura, especialmente por \nla puerta del Albayzin que llaman Fex el Leuz (Fajalauza).\u201d<\/p>\n\n\n\n<p><strong>La expulsi\u00f3n de 1609 cambi\u00f3 el paisaje<\/strong>\n y las condiciones de habitabilidad de la zona, despobl\u00e1ndola, pero \nsobre todo haciendo que se urbanizara y perdiera su car\u00e1cter rural.<\/p>\n\n\n\n<p>Entr\u00f3\n ah\u00ed un nuevo modelo de jard\u00edn frente al nazar\u00ed, el barroco y neocl\u00e1sico\n y en el siglo XIX, el rom\u00e1ntico, configurando lo que es el carmen \ngranadino en la actualidad.<\/p>\n\n\n\n<figure class=\"wp-block-image\"><img data-recalc-dims=\"1\" decoding=\"async\" src=\"https:\/\/i0.wp.com\/www.granadaporelmundo.com\/wp-content\/uploads\/2018\/11\/Que-era-un-Carmen-en-la-Epoca-Nazari.-Granada-8.jpg?w=640&#038;ssl=1\" alt=\"Que era un Carmen en la Epoca Nazari. Granada\" class=\"wp-image-5516\"\/><figcaption>C\u00e1rmenes del Albaic\u00edn. Granada.<\/figcaption><\/figure>\n\n\n\n<p><em><strong>Por \u201cMabel Villagra\u201d <\/strong><\/em><\/p>\n\n\n\n<p><em><strong> <\/strong><\/em>https:\/\/www.granadaporelmundo.com\/que-era-un-carmen-en-la-epoca-nazari\/<\/p>\n\n\n\n\n","protected":false},"excerpt":{"rendered":"<p>Las viviendas t\u00edpicas del Albaic\u00edn Pero lo normal era que fuera de recreo (veladas poeticas,&#8230;<\/p>\n","protected":false},"author":1,"featured_media":29797,"comment_status":"closed","ping_status":"closed","sticky":false,"template":"","format":"standard","meta":{"_coblocks_attr":"","_coblocks_dimensions":"","_coblocks_responsive_height":"","_coblocks_accordion_ie_support":"","jetpack_post_was_ever_published":false,"_jetpack_newsletter_access":"","_jetpack_dont_email_post_to_subs":false,"_jetpack_newsletter_tier_id":0,"_jetpack_memberships_contains_paywalled_content":false,"_jetpack_memberships_contains_paid_content":false,"footnotes":"","jetpack_publicize_message":"","jetpack_publicize_feature_enabled":true,"jetpack_social_post_already_shared":false,"jetpack_social_options":{"image_generator_settings":{"template":"highway","default_image_id":0,"enabled":false},"version":2}},"categories":[12,1161,44,15],"tags":[5821,5822],"class_list":["post-29796","post","type-post","status-publish","format-standard","has-post-thumbnail","hentry","category-cultura","category-ciudadania","category-noticias-de-hoy","category-ultimas-noticias","tag-carmenes","tag-jardines-y-casas"],"jetpack_publicize_connections":[],"jetpack_featured_media_url":"https:\/\/i0.wp.com\/miradordeatarfe.es\/wp-content\/uploads\/2019\/03\/68t.jpg?fit=240%2C240&ssl=1","jetpack_likes_enabled":true,"jetpack_sharing_enabled":true,"_links":{"self":[{"href":"https:\/\/miradordeatarfe.es\/index.php?rest_route=\/wp\/v2\/posts\/29796","targetHints":{"allow":["GET"]}}],"collection":[{"href":"https:\/\/miradordeatarfe.es\/index.php?rest_route=\/wp\/v2\/posts"}],"about":[{"href":"https:\/\/miradordeatarfe.es\/index.php?rest_route=\/wp\/v2\/types\/post"}],"author":[{"embeddable":true,"href":"https:\/\/miradordeatarfe.es\/index.php?rest_route=\/wp\/v2\/users\/1"}],"replies":[{"embeddable":true,"href":"https:\/\/miradordeatarfe.es\/index.php?rest_route=%2Fwp%2Fv2%2Fcomments&post=29796"}],"version-history":[{"count":1,"href":"https:\/\/miradordeatarfe.es\/index.php?rest_route=\/wp\/v2\/posts\/29796\/revisions"}],"predecessor-version":[{"id":29798,"href":"https:\/\/miradordeatarfe.es\/index.php?rest_route=\/wp\/v2\/posts\/29796\/revisions\/29798"}],"wp:featuredmedia":[{"embeddable":true,"href":"https:\/\/miradordeatarfe.es\/index.php?rest_route=\/wp\/v2\/media\/29797"}],"wp:attachment":[{"href":"https:\/\/miradordeatarfe.es\/index.php?rest_route=%2Fwp%2Fv2%2Fmedia&parent=29796"}],"wp:term":[{"taxonomy":"category","embeddable":true,"href":"https:\/\/miradordeatarfe.es\/index.php?rest_route=%2Fwp%2Fv2%2Fcategories&post=29796"},{"taxonomy":"post_tag","embeddable":true,"href":"https:\/\/miradordeatarfe.es\/index.php?rest_route=%2Fwp%2Fv2%2Ftags&post=29796"}],"curies":[{"name":"wp","href":"https:\/\/api.w.org\/{rel}","templated":true}]}}