{"id":29824,"date":"2019-03-23T11:44:54","date_gmt":"2019-03-23T10:44:54","guid":{"rendered":"http:\/\/miradordeatarfe.es\/?p=29824"},"modified":"2019-03-20T11:53:52","modified_gmt":"2019-03-20T10:53:52","slug":"relatos-recuperados-la-agonia-del-ho-mbre-bueno","status":"publish","type":"post","link":"https:\/\/miradordeatarfe.es\/?p=29824","title":{"rendered":"LA AGON\u00cdA DEL HOMBRE BUENO por Alberto Granados"},"content":{"rendered":"\n<h4 class=\"wp-block-heading\">&nbsp;&nbsp; Hoy hace\n diez a\u00f1os que puse este relato en mi antiguo y desaparecido blog. Lo \nrecupero en el octog\u00e9simo aniversario de la muerte de Antonio Machado<\/h4>\n\n\n\n<h4 class=\"wp-block-heading\">Soy Juan de\n Mairena, el ap\u00f3crifo fil\u00f3sofo creado por la mente de don Antonio, ese \nhombre bueno en el buen sentido de la palabra. Soy s\u00f3lo una criatura \nficticia, el trasunto de este moribundo, el <em>alter ego<\/em> del \nfil\u00f3sofo que yace en su cama de la pensi\u00f3n Quintana, esperando la muerte\n en este fr\u00edo mes de Febrero de 1939. Por un extra\u00f1o milagro, fuera de \ntoda l\u00f3gica, ahora que se muere mi poeta, afloro yo, invisible, casi \ninexistente, casi sue\u00f1o entre nieblas, para estar con \u00e9l en la hora del <em>\u00faltimo viaje. <\/em>Puedo\n verlo en su cama, casi una estatua yacente. El sudor empapa todo su \ncuerpo, aunque el fr\u00edo lo est\u00e1 matando. La fiebre lo hace arder. \u00a1C\u00f3mo \nle gustar\u00eda un poco de sol!\u2026 ese sol radiante de su Sevilla natal, o el \nfr\u00edo sol de Soria, o el sol mezclado con un paisaje de ocres y verdes de\n olivo de ese campo, campo, campo, campo de Baeza\u2026<\/h4>\n\n\n\n<h4 class=\"wp-block-heading\"><em>&nbsp;&nbsp;&nbsp;&nbsp;&nbsp;&nbsp;&nbsp; He andado tantos caminos\u2026 <\/em>S\u00ed,\n ha andado muchos caminos, pero \u00e9ste es el \u00faltimo y m\u00e1s amargo, el de la\n derrota y la p\u00e9rdida. Y del sufrimiento. Los veo a todos sufrir. Su \nmadre, su hermano Jos\u00e9 con su mujer, el propio poeta\u2026 \u00a1Cu\u00e1ntas cosas ha \nperdido! Leonor, Guiomar, Espa\u00f1a, la Rep\u00fablica\u2026 y a su hermano Manuel. \nEso s\u00ed que le ha dolido. Su hermano del alma, convertido en un fantoche \ndel r\u00e9gimen\u2026 Nunca pudo esperar que la vida le arrebatara tantas cosas, \ntantas personas queridas\u2026<\/h4>\n\n\n\n<h4 class=\"wp-block-heading\">&nbsp;&nbsp;&nbsp;&nbsp;&nbsp;&nbsp;&nbsp; \nAqu\u00ed est\u00e1, al arbitrio de lo que haga el gobierno franc\u00e9s, que casi \nseguro, va a infligirle una nueva traici\u00f3n a la Rep\u00fablica. Est\u00e1 aqu\u00ed \nmuri\u00e9ndose, en esta l\u00fagubre <em>chez Quintana<\/em>, pero los que est\u00e1n \nfuera\u2026., pobres exiliados, que de repente son prisioneros, tirados en la\n playa, con estos fr\u00edos\u2026 Los tratan como a perros, seg\u00fan cuentan. Vaya \ncon el gobierno franc\u00e9s, c\u00f3mo nos ha dejado a nuestro aire. \u00a1Pobres \nrepublicanos espa\u00f1oles!<\/h4>\n\n\n\n<h4 class=\"wp-block-heading\">&nbsp;&nbsp;&nbsp;&nbsp;&nbsp;&nbsp;&nbsp; Don\n Antonio sabe que se est\u00e1 muriendo, aqu\u00ed, tan lejos de su mundo. Piensa \nen lo que la vida le ha dado y le ha quitado. Ha tenido una fama que \nnunca necesit\u00f3, algo de dinero que nunca ambicion\u00f3 y dos amores fuertes,\n m\u00e1gicos, intensos como la vida, sin los que no hubiera podido seguir. \nAl menos eso le regal\u00f3 la vida, en esto bien generosa. Pero siempre la \nmuerte se lo ha ido arrebatando todo. La muerte y tambi\u00e9n la guerra, \neste fascismo que ha segado de ra\u00edz a lo mejor de Espa\u00f1a\u2026 Oye a la madre\n llorar en la habitaci\u00f3n de al lado. Siente una profunda angustia, pues \nquisiera morir despu\u00e9s que ella, ahorrarle un \u00faltimo sufrimiento, pero \ncasi es mejor que no formule siquiera este deseo. Un perdedor como \u00e9l \ns\u00f3lo obtendr\u00eda en esto otra nueva derrota. Si ella muriera antes, ser\u00eda \nmuy doloroso, lo sabe\u2026 <em>(\u00a1Se\u00f1or, ya estamos solos mi coraz\u00f3n y el mar!<\/em>), pero es preferible a que la pobre anciana vea como muere su hijo\u2026<\/h4>\n\n\n\n<figure class=\"wp-block-image\"><img data-recalc-dims=\"1\" decoding=\"async\" src=\"https:\/\/albertogranados.files.wordpress.com\/2019\/02\/machado-muerto-envuelto-en-la-bandera-republicana-imagen-de-la-vanguardia.jpg?w=640\" alt=\"Machado muerto, envuelto en la bandera republicana (Imagen de la Vanguardia)\" class=\"wp-image-8189\"\/><\/figure>\n\n\n\n<h4 class=\"wp-block-heading\">&nbsp;&nbsp;&nbsp;&nbsp;&nbsp;&nbsp;&nbsp; Se \nahoga. La tos persistente y met\u00f3dica lo ahoga. \u00a1Ha fumado tanto toda su \nvida! Ahora ya no tiene tabaco. Ni tabaco, ni mujer, ni Rep\u00fablica. Ni \nexiste el frente. Cu\u00e1ntos j\u00f3venes han muerto en defensa de la Espa\u00f1a de \ntodos\u2026 y ha sido para nada. A mediados de enero los fascistas han podido\n decir que ya no existe frente. Primero fue el heroico Madrid. Hace poco\n m\u00e1s de un mes ha sido Barcelona. Despu\u00e9s\u2026 la triste nada, el \u00e9xodo, las\n familias separadas, los ancianos abandonados, las maletas perdidas\u2026 \n\u00a1Cu\u00e1nta amargura! \u00a1Cu\u00e1nto sufrimiento para morir! \u00a1Qu\u00e9 tiempo m\u00e1s \ningrato le ha tocado!<\/h4>\n\n\n\n<h4 class=\"wp-block-heading\">&nbsp;&nbsp;&nbsp;&nbsp;&nbsp;&nbsp;&nbsp; El \ntiempo\u2026 Ha escrito tanto sobre el tiempo\u2026 sobre el sentido de su \ninexorable paso, de la medida del ser humano\u2026 \u00a1Y yo, su Mairena, he \ndicho tantas cosas en su nombre! Y, creo, siempre han sido cosas tan \ncerteras\u2026 \u00c9l lo piensa: <em>Hay que ver, Mairena ha salido m\u00e1s sabio, \nm\u00e1s fil\u00f3sofo, m\u00e1s feliz que su creador. Mairena no ha sufrido la \nhumillaci\u00f3n del exilio, este exilio lleno de angustias, de amarguras\u2026 \nSin embargo, yo al menos estoy vivo, muri\u00e9ndome vivo y \u00e9l no, \u00a1cu\u00e1nta \nparadoja!<\/em>. Y me gustar\u00eda tener vida propia para gritarle: \u00abNo, don \nAntonio, no. Sin usted, sin su voz, yo no soy nada. Mi suerte es su \ntriste suerte, al igual que su sufrimiento lo sufro en mi dudoso ser de \nhumo y quimera\u00bb.<\/h4>\n\n\n\n<h4 class=\"wp-block-heading\">&nbsp;&nbsp;&nbsp;&nbsp;&nbsp;&nbsp;&nbsp; \nTiene sed. Debe ser la fiebre. Hoy lo han visitado Corpus Barga y Tom\u00e1s \nNavarro Tom\u00e1s. Tambi\u00e9n han salido exiliados. Le preocupa la categor\u00eda \nhumana y humanista de los que se han exiliado. \u00bfQui\u00e9n se va a quedar \nall\u00ed? \u00bfQui\u00e9n va a ocupar las c\u00e1tedras de las universidades? \u00bfA qui\u00e9n se \nle va a encomendar crear el pa\u00eds del futuro? Esta podr\u00eda ser una \nreflexi\u00f3n del maestro, que \u00e9l pondr\u00eda en mis ap\u00f3crifos labios, como \ntantas y tantas sentencias:<\/h4>\n\n\n\n<h4 class=\"wp-block-heading\"><em>&nbsp;&nbsp;&nbsp;&nbsp;&nbsp;&nbsp;&nbsp;\n \u00bfQui\u00e9n tirar\u00e1 de la patria? Todos estamos fuera. Fuera o muertos, como \nlo voy a estar yo en pocos d\u00edas\u2026 \u00bfQu\u00e9 futuro le queda a mi triste \npatria, la tierra de mis padres, la mancillada tierra de todos mis \nancestros, ahora en poder de estos cafres? Me siento como el rey don \nRodrigo del romance: <\/em><\/h4>\n\n\n\n<h4 class=\"wp-block-heading\"><em>\u00a0\u00a0\u00a0\u00a0\u00a0\u00a0\u00a0 \u201cHoy no me queda una almena<\/em> <em>que pueda decir que es m\u00eda\u2026<\/em><\/h4>\n\n\n\n<h4 class=\"wp-block-heading\"><em>&nbsp;&nbsp;&nbsp;&nbsp;&nbsp;&nbsp;&nbsp;\n Ya est\u00e1 Espa\u00f1a liquidada, entregada al pillaje moral de la barbarie. A \nUnamuno le dol\u00eda Espa\u00f1a. A m\u00ed me duele su falta de futuro. De nuevo, mi \npatria entregada a caciques, se\u00f1oritos holgazanes y militares sin \nescr\u00fapulos. \u00bfQu\u00e9 futuro es \u00e9se? Yo, que estoy a las puertas de la \nmuerte, tengo m\u00e1s porvenir que mi pobre Espa\u00f1a. Y eso que s\u00f3lo cuento \ncon un ma\u00f1ana ef\u00edmero\u2026. <\/em>Ser\u00eda un buen aforismo, una sentencia tan sabia como las que siempre ha creado para m\u00ed.<\/h4>\n\n\n\n<figure class=\"wp-block-image\"><img data-recalc-dims=\"1\" decoding=\"async\" src=\"https:\/\/albertogranados.files.wordpress.com\/2019\/02\/tumba-de-machado-en-colliure-imagen-de-correo-del-libro.jpg?w=640\" alt=\"Tumba de Machado en Colliure (Imagen de Correo del libro)\" class=\"wp-image-8190\"\/><\/figure>\n\n\n\n<h4 class=\"wp-block-heading\">&nbsp;&nbsp;&nbsp;&nbsp;&nbsp;&nbsp;&nbsp; \u00c9l \nse nos va y yo con \u00e9l. Siento que sin cumplir con la enorme deuda que he\n contra\u00eddo. Ha dejado en mis fantasmales labios los m\u00e1s inteligentes \npensamientos, los aforismos y sentencias m\u00e1s contundentes, las ideas m\u00e1s\n sabias acerca de la vida, del amor, de la verdad y la falsedad\u2026 Me \ngustar\u00eda rendirle el homenaje que le debo, el que se merece. Ser\u00eda mi \n\u00faltima reflexi\u00f3n, posiblemente, pues la neumon\u00eda y la fiebre est\u00e1n \nmatando al poeta que me cre\u00f3, al hombre bueno, al republicano, al \nprofesor, al socialista, al hombre preclaro y ejemplar que otro pa\u00eds \nhabr\u00eda mimado, pero que esta Espa\u00f1a cainita sacrifica y exilia en la \nmuerte. Delira:<\/h4>\n\n\n\n<h4 class=\"wp-block-heading\"><em>&nbsp;&nbsp;&nbsp;&nbsp;&nbsp;&nbsp;&nbsp; Me gustar\u00eda terminar el poema que empec\u00e9 cuando esta neumon\u00eda me atac\u00f3:<\/em><\/h4>\n\n\n\n<h4 class=\"wp-block-heading\"><em>&nbsp;&nbsp;&nbsp;&nbsp;&nbsp;&nbsp;&nbsp; \u00abEstos d\u00edas azules y este sol de la infancia\u2026\u00bb<\/em><\/h4>\n\n\n\n<h4 class=\"wp-block-heading\"><em>&nbsp;&nbsp;&nbsp;&nbsp;&nbsp;&nbsp;&nbsp;\n Me gustar\u00eda terminarlo y regal\u00e1rselo a Madame Quintana, ya que no voy a\n poder pagarle los gastos de la pensi\u00f3n. \u00a1Me cuida tan delicadamente\u2026! \n\u00a1Es tan gentil!\u201d<\/em><\/h4>\n\n\n\n<h4 class=\"wp-block-heading\">&nbsp;&nbsp;&nbsp;&nbsp;&nbsp;&nbsp;&nbsp; Su \nhermano ha escrito a la Uni\u00f3n de Escritores y tal vez les echen una \nmano, ya no se sabe si para manutenci\u00f3n o para entierro\u2026<\/h4>\n\n\n\n<h4 class=\"wp-block-heading\">&nbsp;&nbsp;&nbsp;&nbsp;&nbsp;&nbsp;&nbsp; El \ncalendario deja ver su triste hoja: es 22 de Febrero de 1939. Le queda \n\u2013me queda a m\u00ed tambi\u00e9n\u2013 un \u00faltimo estertor, un momento de vida. \u00bfQu\u00e9 \npodr\u00eda yo decir de \u00e9l? \u00bfQu\u00e9 glosa de su talento, de su bonhom\u00eda, de su \ngrandeza, de su decencia, de su enorme val\u00eda humana? Pero no soy nadie \nsi \u00e9l no me hace hablar. S\u00f3lo hay en m\u00ed un silencio inabarcable, un \nvac\u00edo lleno de fatalismo, la nada. Va a morir como \u00e9l dec\u00eda en su \n\u201cRetrato\u201d hace ya tantos a\u00f1os:<\/h4>\n\n\n\n<h4 class=\"wp-block-heading\"><em>&nbsp;&nbsp;&nbsp;&nbsp;&nbsp;&nbsp;&nbsp; \u201c\u2026me encontrar\u00e9is a bordo ligero de equipaje, <\/em><\/h4>\n\n\n\n<h4 class=\"wp-block-heading\"><em>casi desnudo, como los hijos de la mar..\u201d<\/em><\/h4>\n\n\n\n<h4 class=\"wp-block-heading\">&nbsp;&nbsp;&nbsp;&nbsp;&nbsp;&nbsp;&nbsp; As\u00ed\n se nos va, se nos muere. A este hombre est\u00e1 a punto de arrastrarlo el \ntorrente de la Historia y a m\u00ed con \u00e9l. Que sea la Historia la que ocupe \nmi lugar y le haga esa glosa que se merece, \u00e9sa que yo nunca podr\u00e9 \nhacerle. Y que sea tambi\u00e9n la Historia quien ponga a sus verdugos en el \nsitio que les corresponde, no en el falso altar en que los aires de la \nhueca victoria los va a intentar colocar.<\/h4>\n","protected":false},"excerpt":{"rendered":"<p>&nbsp;&nbsp; Hoy hace diez a\u00f1os que puse este relato en mi antiguo y desaparecido blog&#8230;.<\/p>\n","protected":false},"author":1,"featured_media":29825,"comment_status":"closed","ping_status":"closed","sticky":false,"template":"","format":"standard","meta":{"_coblocks_attr":"","_coblocks_dimensions":"","_coblocks_responsive_height":"","_coblocks_accordion_ie_support":"","jetpack_post_was_ever_published":false,"_jetpack_newsletter_access":"","_jetpack_dont_email_post_to_subs":false,"_jetpack_newsletter_tier_id":0,"_jetpack_memberships_contains_paywalled_content":false,"_jetpack_memberships_contains_paid_content":false,"footnotes":"","jetpack_publicize_message":"","jetpack_publicize_feature_enabled":true,"jetpack_social_post_already_shared":false,"jetpack_social_options":{"image_generator_settings":{"template":"highway","default_image_id":0,"enabled":false},"version":2}},"categories":[39,12,9,44,15],"tags":[5823,1586],"class_list":["post-29824","post","type-post","status-publish","format-standard","has-post-thumbnail","hentry","category-opinion-de-alberto-granados","category-cultura","category-medio-ambiente","category-noticias-de-hoy","category-ultimas-noticias","tag-antonio-machado","tag-poeta"],"jetpack_publicize_connections":[],"jetpack_featured_media_url":"https:\/\/i0.wp.com\/miradordeatarfe.es\/wp-content\/uploads\/2019\/03\/2395130.jpeg?fit=1600%2C901&ssl=1","jetpack_likes_enabled":true,"jetpack_sharing_enabled":true,"_links":{"self":[{"href":"https:\/\/miradordeatarfe.es\/index.php?rest_route=\/wp\/v2\/posts\/29824","targetHints":{"allow":["GET"]}}],"collection":[{"href":"https:\/\/miradordeatarfe.es\/index.php?rest_route=\/wp\/v2\/posts"}],"about":[{"href":"https:\/\/miradordeatarfe.es\/index.php?rest_route=\/wp\/v2\/types\/post"}],"author":[{"embeddable":true,"href":"https:\/\/miradordeatarfe.es\/index.php?rest_route=\/wp\/v2\/users\/1"}],"replies":[{"embeddable":true,"href":"https:\/\/miradordeatarfe.es\/index.php?rest_route=%2Fwp%2Fv2%2Fcomments&post=29824"}],"version-history":[{"count":2,"href":"https:\/\/miradordeatarfe.es\/index.php?rest_route=\/wp\/v2\/posts\/29824\/revisions"}],"predecessor-version":[{"id":29832,"href":"https:\/\/miradordeatarfe.es\/index.php?rest_route=\/wp\/v2\/posts\/29824\/revisions\/29832"}],"wp:featuredmedia":[{"embeddable":true,"href":"https:\/\/miradordeatarfe.es\/index.php?rest_route=\/wp\/v2\/media\/29825"}],"wp:attachment":[{"href":"https:\/\/miradordeatarfe.es\/index.php?rest_route=%2Fwp%2Fv2%2Fmedia&parent=29824"}],"wp:term":[{"taxonomy":"category","embeddable":true,"href":"https:\/\/miradordeatarfe.es\/index.php?rest_route=%2Fwp%2Fv2%2Fcategories&post=29824"},{"taxonomy":"post_tag","embeddable":true,"href":"https:\/\/miradordeatarfe.es\/index.php?rest_route=%2Fwp%2Fv2%2Ftags&post=29824"}],"curies":[{"name":"wp","href":"https:\/\/api.w.org\/{rel}","templated":true}]}}