{"id":29842,"date":"2019-03-24T11:22:33","date_gmt":"2019-03-24T10:22:33","guid":{"rendered":"http:\/\/miradordeatarfe.es\/?p=29842"},"modified":"2019-03-20T13:15:31","modified_gmt":"2019-03-20T12:15:31","slug":"atarfe-anecdotario-1910-clases-nocturnas-para-adultos-en-atarfe","status":"publish","type":"post","link":"https:\/\/miradordeatarfe.es\/?p=29842","title":{"rendered":"Atarfe anecdotario: 1910 CLASES NOCTURNAS PARA ADULTOS EN ATARFE."},"content":{"rendered":"\n<p>\n El peri\u00f3dico de Granada \u201cLa Gaceta del Sur\u201d, en su n\u00famero 846, de fecha\n 12\/11\/1910, anunci\u00f3 que la instrucci\u00f3n p\u00fablica para mayores mediante \nclases nocturnas qued\u00f3 abierta, entre otros pueblos, en Atarfe.<\/p>\n\n\n\n<p> \nNos gratifica saber que nuestros antepasados atarfe\u00f1os, se esforzaron en\n dejar atr\u00e1s el analfabetismo, que lamentablemente era muy elevado entre\n un amplio sector de la poblaci\u00f3n espa\u00f1ola en general.<\/p>\n\n\n\n<p>\n Reconocemos el esfuerzo y sacrificio que supon\u00eda para las personas \nmayores, que despu\u00e9s de realizar sus trabajos y obligaciones, dedicaran \nparte de su escaso tiempo libre para aprender y aumentar conocimientos.<\/p>\n\n\n\n<figure class=\"wp-block-image\"><img data-recalc-dims=\"1\" loading=\"lazy\" decoding=\"async\" width=\"614\" height=\"170\" src=\"https:\/\/i0.wp.com\/miradordeatarfe.es\/wp-content\/uploads\/2019\/03\/13332873_1757702774445643_1643597398034012487_n.jpg?resize=614%2C170&#038;ssl=1\" alt=\"\" class=\"wp-image-29843\" srcset=\"https:\/\/i0.wp.com\/miradordeatarfe.es\/wp-content\/uploads\/2019\/03\/13332873_1757702774445643_1643597398034012487_n.jpg?w=614&amp;ssl=1 614w, https:\/\/i0.wp.com\/miradordeatarfe.es\/wp-content\/uploads\/2019\/03\/13332873_1757702774445643_1643597398034012487_n.jpg?resize=300%2C83&amp;ssl=1 300w, https:\/\/i0.wp.com\/miradordeatarfe.es\/wp-content\/uploads\/2019\/03\/13332873_1757702774445643_1643597398034012487_n.jpg?resize=600%2C166&amp;ssl=1 600w\" sizes=\"auto, (max-width: 614px) 100vw, 614px\" \/><\/figure>\n\n\n\n<p> \u00a1Noticias como estas distinguen a los vecinos de nuestro pueblo!<\/p>\n\n\n\n<p> Para saber m\u00e1s:<br> Gaceta del Sur 12\/11\/1910<\/p>\n\n\n\n<p> Atarfe anecdotario: <a href=\"https:\/\/www.facebook.com\/atarfeanecdotario\/?__tn__=K-R&amp;eid=ARAjHZDmqBn1EAn5mJ_y4Fnr4i6TBBJK6NZDeQATKGrW-C_5JGcasf8wpEkWbNxLkaTVpk2NT8LnDzw5&amp;fref=mentions&amp;__xts__%5B0%5D=68.ARAGZBLAWHyP1szZBkItwuW3Eu9p88TPMVIx4nh4xsLgKu5VgTPhMU1-fdj0zMgYLZn8FmK1rU_0TIpfUeAOFgs_tSwJHibLBKrttWQ0c9ieefcmq0nm7V6BJJ3i5atyDxNcsM-1l4RdRrOgDAd4LaUfOwZwZ3Y5-q3U_2SpBMr9rsjqHW5YhLGY1HWa4Kofwu7XGylZqj0_FM33oR1YVkM9BpDM6eKp5tP2ewwUYBKQuQ637lS0my2edrgojhTBCqujkSn4I7W-wl5FPDDmjIDLuBbD8-RqbqFt78_uaLgaIeSTpB2TRv66jmnstA0exrD4CY6UQHhJvBFBaGzWVjB7pXtr\">https:\/\/www.facebook.com\/atarfeanecdotario<\/a><\/p>\n\n\n\n<p> Foto: Escuela de Hombres N\u00ba 33 de Santiago, sin fecha registrada. <em>Gentileza Archivo Fotogr\u00e1fico Museo de la Educaci\u00f3n Gabriela Mistral.<\/em><\/p>\n","protected":false},"excerpt":{"rendered":"<p>El peri\u00f3dico de Granada \u201cLa Gaceta del Sur\u201d, en su n\u00famero 846, de fecha 12\/11\/1910,&#8230;<\/p>\n","protected":false},"author":1,"featured_media":29845,"comment_status":"closed","ping_status":"closed","sticky":false,"template":"","format":"standard","meta":{"_coblocks_attr":"","_coblocks_dimensions":"","_coblocks_responsive_height":"","_coblocks_accordion_ie_support":"","jetpack_post_was_ever_published":false,"_jetpack_newsletter_access":"","_jetpack_dont_email_post_to_subs":false,"_jetpack_newsletter_tier_id":0,"_jetpack_memberships_contains_paywalled_content":false,"_jetpack_memberships_contains_paid_content":false,"footnotes":"","jetpack_publicize_message":"","jetpack_publicize_feature_enabled":true,"jetpack_social_post_already_shared":false,"jetpack_social_options":{"image_generator_settings":{"template":"highway","default_image_id":0,"enabled":false},"version":2}},"categories":[2,186,44,15],"tags":[4449,81,5826,27],"class_list":["post-29842","post","type-post","status-publish","format-standard","has-post-thumbnail","hentry","category-atarfe","category-instituciones","category-noticias-de-hoy","category-ultimas-noticias","tag-adultos","tag-atarfe","tag-centro-de-adultos","tag-educacion"],"jetpack_publicize_connections":[],"jetpack_featured_media_url":"https:\/\/i0.wp.com\/miradordeatarfe.es\/wp-content\/uploads\/2019\/03\/Foto-1_FD-03123_web2.jpg?fit=984%2C581&ssl=1","jetpack_likes_enabled":true,"jetpack_sharing_enabled":true,"_links":{"self":[{"href":"https:\/\/miradordeatarfe.es\/index.php?rest_route=\/wp\/v2\/posts\/29842","targetHints":{"allow":["GET"]}}],"collection":[{"href":"https:\/\/miradordeatarfe.es\/index.php?rest_route=\/wp\/v2\/posts"}],"about":[{"href":"https:\/\/miradordeatarfe.es\/index.php?rest_route=\/wp\/v2\/types\/post"}],"author":[{"embeddable":true,"href":"https:\/\/miradordeatarfe.es\/index.php?rest_route=\/wp\/v2\/users\/1"}],"replies":[{"embeddable":true,"href":"https:\/\/miradordeatarfe.es\/index.php?rest_route=%2Fwp%2Fv2%2Fcomments&post=29842"}],"version-history":[{"count":1,"href":"https:\/\/miradordeatarfe.es\/index.php?rest_route=\/wp\/v2\/posts\/29842\/revisions"}],"predecessor-version":[{"id":29846,"href":"https:\/\/miradordeatarfe.es\/index.php?rest_route=\/wp\/v2\/posts\/29842\/revisions\/29846"}],"wp:featuredmedia":[{"embeddable":true,"href":"https:\/\/miradordeatarfe.es\/index.php?rest_route=\/wp\/v2\/media\/29845"}],"wp:attachment":[{"href":"https:\/\/miradordeatarfe.es\/index.php?rest_route=%2Fwp%2Fv2%2Fmedia&parent=29842"}],"wp:term":[{"taxonomy":"category","embeddable":true,"href":"https:\/\/miradordeatarfe.es\/index.php?rest_route=%2Fwp%2Fv2%2Fcategories&post=29842"},{"taxonomy":"post_tag","embeddable":true,"href":"https:\/\/miradordeatarfe.es\/index.php?rest_route=%2Fwp%2Fv2%2Ftags&post=29842"}],"curies":[{"name":"wp","href":"https:\/\/api.w.org\/{rel}","templated":true}]}}