{"id":29847,"date":"2019-03-21T09:31:22","date_gmt":"2019-03-21T08:31:22","guid":{"rendered":"http:\/\/miradordeatarfe.es\/?p=29847"},"modified":"2019-03-20T12:45:25","modified_gmt":"2019-03-20T11:45:25","slug":"las-futbolistas-se-rebelan-en-estados-unidos","status":"publish","type":"post","link":"https:\/\/miradordeatarfe.es\/?p=29847","title":{"rendered":"Las futbolistas se rebelan en Estados Unidos"},"content":{"rendered":"\n<h3 class=\"wp-block-heading\">La selecci\u00f3n en bloque ha demanado a su federaci\u00f3n por discriminaci\u00f3n<\/h3>\n\n\n\n<p>Apenas tres meses antes del arranque del \nMundial, las actuales campeonas, las &nbsp;jugadoras de la Selecci\u00f3n de \nEstados Unidos, han presentado una demanda por discriminaci\u00f3n de g\u00e9nero \ncontra la U. S. Soccer, la federaci\u00f3n de f\u00fatbol de ese pa\u00eds.<\/p>\n\n\n\n<p>En la\n demanda, presentada en Los \u00c1ngeles, las veintiocho jugadoras acusan a \nla U. S. Soccer de llevar a\u00f1os cometiendo lo que denominan \n\u201cdiscriminaci\u00f3n institucionalizada de g\u00e9nero\u201d. Esa discriminaci\u00f3n, \naseguran, no se refiere solo a sus salarios, sino tambi\u00e9n a los lugares y\n la frecuencia de entrenamiento, sus condiciones de viaje y el trato \nrecibido.<\/p>\n\n\n\n<p>Algunas de esas cuestiones ya fueron planteadas en la \nprotesta que presentaron algunas jugadoras hace tres a\u00f1os ante la \nComisi\u00f3n de Igualdad de Oportunidades en el Empleo, la agencia federal \nque gestiona las quejas por discriminaci\u00f3n laboral. Dado que esa \nquerella no se ha resuelto las jugadoras han decidido ampliar su caso y \nllevarlo a la corte federal.<\/p>\n\n\n\n<p>Las futbolistas han solicitado que su\n demanda sea considerada como colectiva. De este modo, si les dieran la \nraz\u00f3n, cualquier jugadora &nbsp;que haya pasado por el equipo nacional desde \n2015 podr\u00eda solicitar da\u00f1os y compensaciones retroactivas.<\/p>\n\n\n\n<p>El \nf\u00fatbol no es uno de los deportes mayoritarios en Estados Unidos, pero \ncasi toda la atenci\u00f3n y el desarrollo que ha logrado all\u00ed se debe en \ngran medida a los \u00e9xitos de la selecci\u00f3n femenina. Mientras los \nresultados del equipo masculino no han pasado de mediocres, ellas han \nsido campeonas ol\u00edmpicas y del mundo. De hecho, en menos de noventa d\u00edas\n el equipo tendr\u00e1 que defender su t\u00edtulo en la <a href=\"https:\/\/es.fifa.com\/womensworldcup\/\" target=\"_blank\" rel=\"noreferrer noopener\">Copa Mundial Femenina<\/a>, que se celebrar\u00e1 en julio en Francia.<\/p>\n\n\n\n<p>No obstante, disparidad salarial y de condiciones no es nada exclusivo de Estados Unidos. Un <a rel=\"noreferrer noopener\" href=\"https:\/\/www.fifpro.org\/attachments\/article\/6986\/2017%20FIFPro%20Women%20Football%20Global%20Employment%20Report-Final.pdf\" target=\"_blank\">informe<\/a> publicado el a\u00f1o pasado por el sindicato internacional de futbolistas FIFPro y la Universidad de Manchester, <a rel=\"noreferrer noopener\" href=\"http:\/\/www.mujeresaseguir.com\/empresas\/noticia\/1116239048515\/brecha-salarial-y-luego-del-futbol.1.html\" target=\"_blank\">casi la mitad de las jugadoras no cobra por jugar y la media que cobran las que s\u00ed lo hacen es 500 euros al mes<\/a>.  \u00a0En el caso concreto de las selecciones, \u00a0y a diferencia de los  hombres, el 35% de las jugadoras no reciben ning\u00fan tipo de  compensaci\u00f3n\u00a0por defender a su equipo nacional y un 38,5% no cobra ni en  plazo ni la totalidad de la suma acordada. En vista de los datos, no es  de extra\u00f1ar que el 66% de las jugadoras dijera estar insatisfecha y el  42% afirmara que lo que reciben no les llega para cubrir siquiera  gastos.<\/p>\n\n\n\n<p> Marina Dorado <\/p>\n\n\n\n<p> FOTO: Algunas de las jugadoras, presentando la equipaci\u00f3n que utilizar\u00e1n en la  Copa Mundial de este verano. Foto: United State Soccer Federation <\/p>\n\n\n\n<p><a href=\"http:\/\/www.mujeresaseguir.com\/empresas\/noticia\/1121086048515\/futbolistas-se-rebelan-estados-unidos.1.html\">http:\/\/www.mujeresaseguir.com\/empresas\/noticia\/1121086048515\/futbolistas-se-rebelan-estados-unidos.1.html<\/a><\/p>\n","protected":false},"excerpt":{"rendered":"<p>La selecci\u00f3n en bloque ha demanado a su federaci\u00f3n por discriminaci\u00f3n Apenas tres meses antes&#8230;<\/p>\n","protected":false},"author":1,"featured_media":29848,"comment_status":"closed","ping_status":"closed","sticky":false,"template":"","format":"standard","meta":{"_coblocks_attr":"","_coblocks_dimensions":"","_coblocks_responsive_height":"","_coblocks_accordion_ie_support":"","jetpack_post_was_ever_published":false,"_jetpack_newsletter_access":"","_jetpack_dont_email_post_to_subs":false,"_jetpack_newsletter_tier_id":0,"_jetpack_memberships_contains_paywalled_content":false,"_jetpack_memberships_contains_paid_content":false,"footnotes":"","jetpack_publicize_message":"","jetpack_publicize_feature_enabled":true,"jetpack_social_post_already_shared":false,"jetpack_social_options":{"image_generator_settings":{"template":"highway","default_image_id":0,"enabled":false},"version":2}},"categories":[1161,182,14,44,15],"tags":[123,2101,5483,666],"class_list":["post-29847","post","type-post","status-publish","format-standard","has-post-thumbnail","hentry","category-ciudadania","category-deportes","category-feminismo","category-noticias-de-hoy","category-ultimas-noticias","tag-deportes","tag-discriminacion","tag-federaciones","tag-futbol"],"jetpack_publicize_connections":[],"jetpack_featured_media_url":"https:\/\/i0.wp.com\/miradordeatarfe.es\/wp-content\/uploads\/2019\/03\/40.jpg?fit=1371%2C510&ssl=1","jetpack_likes_enabled":true,"jetpack_sharing_enabled":true,"_links":{"self":[{"href":"https:\/\/miradordeatarfe.es\/index.php?rest_route=\/wp\/v2\/posts\/29847","targetHints":{"allow":["GET"]}}],"collection":[{"href":"https:\/\/miradordeatarfe.es\/index.php?rest_route=\/wp\/v2\/posts"}],"about":[{"href":"https:\/\/miradordeatarfe.es\/index.php?rest_route=\/wp\/v2\/types\/post"}],"author":[{"embeddable":true,"href":"https:\/\/miradordeatarfe.es\/index.php?rest_route=\/wp\/v2\/users\/1"}],"replies":[{"embeddable":true,"href":"https:\/\/miradordeatarfe.es\/index.php?rest_route=%2Fwp%2Fv2%2Fcomments&post=29847"}],"version-history":[{"count":1,"href":"https:\/\/miradordeatarfe.es\/index.php?rest_route=\/wp\/v2\/posts\/29847\/revisions"}],"predecessor-version":[{"id":29849,"href":"https:\/\/miradordeatarfe.es\/index.php?rest_route=\/wp\/v2\/posts\/29847\/revisions\/29849"}],"wp:featuredmedia":[{"embeddable":true,"href":"https:\/\/miradordeatarfe.es\/index.php?rest_route=\/wp\/v2\/media\/29848"}],"wp:attachment":[{"href":"https:\/\/miradordeatarfe.es\/index.php?rest_route=%2Fwp%2Fv2%2Fmedia&parent=29847"}],"wp:term":[{"taxonomy":"category","embeddable":true,"href":"https:\/\/miradordeatarfe.es\/index.php?rest_route=%2Fwp%2Fv2%2Fcategories&post=29847"},{"taxonomy":"post_tag","embeddable":true,"href":"https:\/\/miradordeatarfe.es\/index.php?rest_route=%2Fwp%2Fv2%2Ftags&post=29847"}],"curies":[{"name":"wp","href":"https:\/\/api.w.org\/{rel}","templated":true}]}}