{"id":29853,"date":"2019-03-22T09:39:10","date_gmt":"2019-03-22T08:39:10","guid":{"rendered":"http:\/\/miradordeatarfe.es\/?p=29853"},"modified":"2019-03-20T12:44:45","modified_gmt":"2019-03-20T11:44:45","slug":"espana-es-el-segundo-pais-europeo-que-mas-plasticos-vierte-al-mediterraneo","status":"publish","type":"post","link":"https:\/\/miradordeatarfe.es\/?p=29853","title":{"rendered":"Espa\u00f1a es el segundo pa\u00eds europeo que m\u00e1s pl\u00e1sticos vierte al Mediterr\u00e1neo"},"content":{"rendered":"\n<h4 class=\"wp-block-heading\">Seg\u00fan un estudio, arrojamos 126 toneladas y se prev\u00e9 que la cifra aumente en la pr\u00f3xima d\u00e9cada                 <\/h4>\n\n\n\n<p>El estudio de la organizaci\u00f3n de periodismo <em>Orb Media<\/em> sobre \nel agua embotellada y&nbsp;del grifo, revela que Espa\u00f1a es el segundo pa\u00eds \neuropeo que m\u00e1s pl\u00e1sticos vierte al mar Mediterr\u00e1neo, con un total de <strong>126 toneladas diarias<\/strong>, seg\u00fan ha informado <strong><a href=\"https:\/\/tappwater.co\/es\/como-eliminar-microplasticos-del-agua-2\/\" rel=\"noreferrer noopener\" target=\"_blank\">Tapp Water<\/a><\/strong>.<\/p>\n\n\n\n<p>Esta cifra&nbsp;podr\u00eda aumentar, ya que se prev\u00e9 un <strong>incremento del 40% en la producci\u00f3n de pl\u00e1sticos<\/strong> durante la pr\u00f3xima d\u00e9cada.<\/p>\n\n\n\n<p>El estudio de <em>Orb Media<\/em> asegura que el 92% del agua embotellada mundial y el 83%&nbsp;del agua del grifo est\u00e1n <strong>contaminadas con micropl\u00e1sticos<\/strong>.<\/p>\n\n\n\n<p>Las part\u00edculas de micropl\u00e1sticos m\u00e1s peque\u00f1as encontradas en el agua eran de 2,5 micr\u00f3metros, aunque la mayor\u00eda eran<strong> \u00abconsiderablemente mayores\u00bb<\/strong>. En el agua embotellada, se analizaron 250 botellas de agua de nueve pa\u00edses diferentes y se detectaron un promedio de <strong>40 part\u00edculas de pl\u00e1stico por gal\u00f3n<\/strong> (3,78 litros), cada una, m\u00e1s grande que el ancho de un cabello humano.<\/p>\n\n\n\n<p>Un <a href=\"https:\/\/orbmedia.org\/stories\/con-pl%C3%A1stico\/\" rel=\"noreferrer noopener\" target=\"_blank\">estudio previo<\/a>, realizado tambi\u00e9n por <em>Orb Media<\/em>, puso de manifiesto que el 94%&nbsp;del agua del grifo en Estados Unidos y el 72%&nbsp;en Europa <strong>conten\u00edan micropl\u00e1sticos<\/strong>.\n Tapp Water alerta de que, aunque todav\u00eda \u00abno hay evidencia cient\u00edfica\u00bb \nde que estas part\u00edculas sean peligrosas para la salud humana, <strong>son \u00abf\u00e1ciles de tragar\u00bb<\/strong> <strong>dado su peque\u00f1o tama\u00f1o<\/strong>.\n Debido a su peque\u00f1o tama\u00f1o, los micropl\u00e1sticos son \u00abdif\u00edcilmente \ntratables\u00bb en la filtraci\u00f3n de las depuradoras, por lo que acaban siendo\n desechados a r\u00edos y mares.<\/p>\n\n\n\n<p>La compa\u00f1\u00eda recuerda que <strong>Europa<\/strong> ha votado recientemente <a href=\"https:\/\/www.europapress.es\/sociedad\/medio-ambiente-00647\/noticia-bruselas-quiere-todos-envases-plastico-ue-sean-reutilzables-reciclables-2030-20180116183631.html\" rel=\"noreferrer noopener\" target=\"_blank\">una medida<\/a> que tiene como objetivo hacer que <strong>desaparezcan del mercado<\/strong> todos aquellos productos que ya tienen una <strong>versi\u00f3n biodegradable<\/strong> para antes de 2021.<\/p>\n\n\n\n<p>En el caso de determinados pl\u00e1sticos contaminantes para los que <strong>no existe una alternativa<\/strong>, su consumo tendr\u00e1 que <strong>reducirse al menos un 25%<\/strong> hasta el a\u00f1o 2025. Otros pl\u00e1sticos, como las botellas de bebidas, deber\u00e1n recogerse separadamente y <strong>su porcentaje de reciclaje deber\u00e1 alcanzar el 90%<\/strong> en 2025.<\/p>\n\n\n\n<figure><iframe loading=\"lazy\" allowfullscreen=\"\" src=\"https:\/\/www.youtube.com\/embed\/4d7G-OvVfAs\" width=\"560\" height=\"315\"><\/iframe><\/figure>\n\n\n\n<p><a href=\"https:\/\/www.elplural.com\/sociedad\/espana-es-el-segundo-pais-europeo-que-mas-plasticos-vierte-al-mediterraneo_211952102\">https:\/\/www.elplural.com\/sociedad\/espana-es-el-segundo-pais-europeo-que-mas-plasticos-vierte-al-mediterraneo_211952102<\/a><\/p>\n","protected":false},"excerpt":{"rendered":"<p>Seg\u00fan un estudio, arrojamos 126 toneladas y se prev\u00e9 que la cifra aumente en la&#8230;<\/p>\n","protected":false},"author":1,"featured_media":29854,"comment_status":"closed","ping_status":"closed","sticky":false,"template":"","format":"standard","meta":{"_coblocks_attr":"","_coblocks_dimensions":"","_coblocks_responsive_height":"","_coblocks_accordion_ie_support":"","jetpack_post_was_ever_published":false,"_jetpack_newsletter_access":"","_jetpack_dont_email_post_to_subs":false,"_jetpack_newsletter_tier_id":0,"_jetpack_memberships_contains_paywalled_content":false,"_jetpack_memberships_contains_paid_content":false,"footnotes":"","jetpack_publicize_message":"","jetpack_publicize_feature_enabled":true,"jetpack_social_post_already_shared":false,"jetpack_social_options":{"image_generator_settings":{"template":"highway","default_image_id":0,"enabled":false},"version":2}},"categories":[186,44,15],"tags":[4092,4617,1027],"class_list":["post-29853","post","type-post","status-publish","format-standard","has-post-thumbnail","hentry","category-instituciones","category-noticias-de-hoy","category-ultimas-noticias","tag-mar-mediterraneo","tag-medio-ambiente-multa","tag-plasticos"],"jetpack_publicize_connections":[],"jetpack_featured_media_url":"https:\/\/i0.wp.com\/miradordeatarfe.es\/wp-content\/uploads\/2019\/03\/sea-1017596-1920_4_800x450.jpeg?fit=800%2C450&ssl=1","jetpack_likes_enabled":true,"jetpack_sharing_enabled":true,"_links":{"self":[{"href":"https:\/\/miradordeatarfe.es\/index.php?rest_route=\/wp\/v2\/posts\/29853","targetHints":{"allow":["GET"]}}],"collection":[{"href":"https:\/\/miradordeatarfe.es\/index.php?rest_route=\/wp\/v2\/posts"}],"about":[{"href":"https:\/\/miradordeatarfe.es\/index.php?rest_route=\/wp\/v2\/types\/post"}],"author":[{"embeddable":true,"href":"https:\/\/miradordeatarfe.es\/index.php?rest_route=\/wp\/v2\/users\/1"}],"replies":[{"embeddable":true,"href":"https:\/\/miradordeatarfe.es\/index.php?rest_route=%2Fwp%2Fv2%2Fcomments&post=29853"}],"version-history":[{"count":1,"href":"https:\/\/miradordeatarfe.es\/index.php?rest_route=\/wp\/v2\/posts\/29853\/revisions"}],"predecessor-version":[{"id":29855,"href":"https:\/\/miradordeatarfe.es\/index.php?rest_route=\/wp\/v2\/posts\/29853\/revisions\/29855"}],"wp:featuredmedia":[{"embeddable":true,"href":"https:\/\/miradordeatarfe.es\/index.php?rest_route=\/wp\/v2\/media\/29854"}],"wp:attachment":[{"href":"https:\/\/miradordeatarfe.es\/index.php?rest_route=%2Fwp%2Fv2%2Fmedia&parent=29853"}],"wp:term":[{"taxonomy":"category","embeddable":true,"href":"https:\/\/miradordeatarfe.es\/index.php?rest_route=%2Fwp%2Fv2%2Fcategories&post=29853"},{"taxonomy":"post_tag","embeddable":true,"href":"https:\/\/miradordeatarfe.es\/index.php?rest_route=%2Fwp%2Fv2%2Ftags&post=29853"}],"curies":[{"name":"wp","href":"https:\/\/api.w.org\/{rel}","templated":true}]}}