{"id":29859,"date":"2019-03-23T08:16:15","date_gmt":"2019-03-23T07:16:15","guid":{"rendered":"http:\/\/miradordeatarfe.es\/?p=29859"},"modified":"2019-03-20T13:39:55","modified_gmt":"2019-03-20T12:39:55","slug":"el-defensor-del-ciudadano-de-granada-pide-mas-control-ante-el-consumo-de-cachimbas-en-ninos","status":"publish","type":"post","link":"https:\/\/miradordeatarfe.es\/?p=29859","title":{"rendered":"El defensor del Ciudadano de Granada pide m\u00e1s control ante el consumo de cachimbas en ni\u00f1os"},"content":{"rendered":"\n<p>   El Defensor de la Ciudadan\u00eda de Granada ha \nreclamado un mayor control ante el consumo de cachimbas con mezcla de \ntabaco con sabores por parte de ni\u00f1os a edades tempranas, un \u00abh\u00e1bito \nt\u00f3xico\u00bb sobre el que esta oficina ha recibido ya varias quejas.<\/p>\n\n\n\n<p>   El uso de estas pipas de agua se ha ido extendiendo \u00abhasta el  punto de que fumar en cachimba est\u00e1 en pleno auge, especialmente en la  poblaci\u00f3n joven, debido sobre todo a su car\u00e1cter social, su imagen de  aparente inocuidad, el empleo de sabores que suelen ser suaves y dulces y  sobre todo a que existe la creencia de que fumar cachimba es m\u00e1s sano  que los cigarrillos tradicionales\u00bb, ha alertado este viernes el  defensor.<\/p>\n\n\n\n<p>   Sin embargo, las investigaciones indican que su uso puede ser \nincluso m\u00e1s da\u00f1ino para los pulmones que los cigarrillos tradicionales, \npues las cachimbas \u00abproducen cuatro veces m\u00e1s alquitr\u00e1n que hacerlo con \nun cigarrillo tradicional, ya que contiene m\u00e1s nicotina y metales \npesados\u00bb.<\/p>\n\n\n\n<p>   La Organizaci\u00f3n Mundial de la Salud ya alert\u00f3 en 2205 de que el \nconsumo de pipas de agua se estaba convirtiendo en un \u00abproblema de salud\n p\u00fablico\u00bb y en este contexto el Defensor recuerda que este producto no \npuede ser consumido por menores de 18 a\u00f1os.<\/p>\n\n\n\n<p>   Entre otras medidas, ve necesario alertar a los padres de sus  efectos nocivos para la salud para que no sea consumido por sus hijos.  Tambi\u00e9n reclama a las autoridades un mayor control sanitario y de venta  ilegal a menores, reforzando las inspecciones en locales de hosteler\u00eda y  que se impongan sanciones si se incumple la ley.<\/p>\n\n\n\n<p> FOTO: GETTY IMAGES\/ISTOCKPHOTO \/ GIRISH CHOUHAN  <\/p>\n\n\n\n<p><a href=\"https:\/\/m.europapress.es\/andalucia\/noticia-defensor-ciudadano-granada-pide-mas-control-consumo-cachimbas-ninos-20190315121110.html\">https:\/\/m.europapress.es\/andalucia\/noticia-defensor-ciudadano-granada-pide-mas-control-consumo-cachimbas-ninos-20190315121110.html<\/a><\/p>\n","protected":false},"excerpt":{"rendered":"<p>El Defensor de la Ciudadan\u00eda de Granada ha reclamado un mayor control ante el consumo&#8230;<\/p>\n","protected":false},"author":1,"featured_media":29860,"comment_status":"closed","ping_status":"closed","sticky":false,"template":"","format":"standard","meta":{"_coblocks_attr":"","_coblocks_dimensions":"","_coblocks_responsive_height":"","_coblocks_accordion_ie_support":"","jetpack_post_was_ever_published":false,"_jetpack_newsletter_access":"","_jetpack_dont_email_post_to_subs":false,"_jetpack_newsletter_tier_id":0,"_jetpack_memberships_contains_paywalled_content":false,"_jetpack_memberships_contains_paid_content":false,"footnotes":"","jetpack_publicize_message":"","jetpack_publicize_feature_enabled":true,"jetpack_social_post_already_shared":false,"jetpack_social_options":{"image_generator_settings":{"template":"highway","default_image_id":0,"enabled":false},"version":2}},"categories":[1161,186,44,15],"tags":[5828,129,849],"class_list":["post-29859","post","type-post","status-publish","format-standard","has-post-thumbnail","hentry","category-ciudadania","category-instituciones","category-noticias-de-hoy","category-ultimas-noticias","tag-cachimbas","tag-granada","tag-ninos-desobedientes"],"jetpack_publicize_connections":[],"jetpack_featured_media_url":"https:\/\/i0.wp.com\/miradordeatarfe.es\/wp-content\/uploads\/2019\/03\/fotonoticia_20190315121110_420.jpg?fit=420%2C280&ssl=1","jetpack_likes_enabled":true,"jetpack_sharing_enabled":true,"_links":{"self":[{"href":"https:\/\/miradordeatarfe.es\/index.php?rest_route=\/wp\/v2\/posts\/29859","targetHints":{"allow":["GET"]}}],"collection":[{"href":"https:\/\/miradordeatarfe.es\/index.php?rest_route=\/wp\/v2\/posts"}],"about":[{"href":"https:\/\/miradordeatarfe.es\/index.php?rest_route=\/wp\/v2\/types\/post"}],"author":[{"embeddable":true,"href":"https:\/\/miradordeatarfe.es\/index.php?rest_route=\/wp\/v2\/users\/1"}],"replies":[{"embeddable":true,"href":"https:\/\/miradordeatarfe.es\/index.php?rest_route=%2Fwp%2Fv2%2Fcomments&post=29859"}],"version-history":[{"count":1,"href":"https:\/\/miradordeatarfe.es\/index.php?rest_route=\/wp\/v2\/posts\/29859\/revisions"}],"predecessor-version":[{"id":29861,"href":"https:\/\/miradordeatarfe.es\/index.php?rest_route=\/wp\/v2\/posts\/29859\/revisions\/29861"}],"wp:featuredmedia":[{"embeddable":true,"href":"https:\/\/miradordeatarfe.es\/index.php?rest_route=\/wp\/v2\/media\/29860"}],"wp:attachment":[{"href":"https:\/\/miradordeatarfe.es\/index.php?rest_route=%2Fwp%2Fv2%2Fmedia&parent=29859"}],"wp:term":[{"taxonomy":"category","embeddable":true,"href":"https:\/\/miradordeatarfe.es\/index.php?rest_route=%2Fwp%2Fv2%2Fcategories&post=29859"},{"taxonomy":"post_tag","embeddable":true,"href":"https:\/\/miradordeatarfe.es\/index.php?rest_route=%2Fwp%2Fv2%2Ftags&post=29859"}],"curies":[{"name":"wp","href":"https:\/\/api.w.org\/{rel}","templated":true}]}}