{"id":29863,"date":"2019-03-24T10:41:58","date_gmt":"2019-03-24T09:41:58","guid":{"rendered":"http:\/\/miradordeatarfe.es\/?p=29863"},"modified":"2019-03-20T13:47:59","modified_gmt":"2019-03-20T12:47:59","slug":"asi-es-greta-thunberg-la-adolescente-sueca-que-lidera-la-lucha-contra-el-cambio-climatico","status":"publish","type":"post","link":"https:\/\/miradordeatarfe.es\/?p=29863","title":{"rendered":"As\u00ed es Greta Thunberg, la adolescente sueca que lidera la lucha contra el cambio clim\u00e1tico"},"content":{"rendered":"\n<p> La joven activista se ha convertido, a sus 16 a\u00f1os, en todo un s\u00edmbolo de la <strong><a rel=\"noreferrer noopener\" href=\"https:\/\/www.lasexta.com\/programas\/el-intermedio\/gonzo\/la-leccion-de-los-jovenes-movilizados-contra-el-cambio-climatico-no-es-la-tierra-de-nuestros-hijos-sino-nuestro-propio-futuro-lo-que-esta-en-juego-video_201903145c8ad0bc0cf2bc2cfecc59c8.html\" target=\"_blank\">lucha contra el calentamiento global<\/a>,<\/strong> inspirando a miles de j\u00f3venes que hacen huelga para exigir medidas urgentes contra la destrucci\u00f3n del planeta. <\/p>\n\n\n\n<p>Apenas tiene 16 a\u00f1os, pero <strong>Greta Thunberg<\/strong> ha conseguido inspirar todo un movimiento internacional contra el cambio clim\u00e1tico que <strong>ya ha llegado a Espa\u00f1a.<\/strong>  Miles de j\u00f3venes como ella de m\u00e1s cien pa\u00edses se han sumado ya a su  causa, con una protesta conocida como &#8216;Fridays For Future&#8217; (\u00abviernes por  el futuro\u00bb) por la que exigen medidas que frenen el <strong>calentamiento global<\/strong>.  Aunque ella asegura que no pretende convertirse en icono, la activista  sueca es ya uno de los rostros m\u00e1s visibles del movimiento ecologista.<\/p>\n\n\n\n<p>Desde\n agosto del a\u00f1o pasado, cada viernes Thunberg se planta frente al \nParlamento sueco con una pancarta con el lema: \u00abHuelga estudiantil por \nel clima\u00bb. Desde entonces se han sumado a las protestas para pedir \nacci\u00f3n contra el cambio clim\u00e1tico <strong>m\u00e1s de 1.600 ciudades alrededor del mundo<\/strong>.   <\/p>\n\n\n\n<p>\u00ab<strong>Cre\u00eda que esto iba a durar tres semanas, nadie confiaba en que pudiese hacerlo<\/strong>.\n Pero lo hice. Y despu\u00e9s de eso no qued\u00e9 satisfecha, as\u00ed que empec\u00e9 \n#FridaysForFuture, un movimiento que he visto crecer lentamente d\u00eda a \nd\u00eda\u00bb, afirma Thunberg a la agencia de noticias alemana DPA.   <\/p>\n\n\n\n<p>Su  iniciativa la ha catapultado a la fama y ha inspirado muchos j\u00f3venes,  que se han unido para presionar a los pol\u00edticos para que tomen medidas  destinadas a limitar el aumento de la temperatura global a 1,5 grados  (con los niveles preindustriales como referencia), el reto marcado en el  <strong>acuerdo clim\u00e1tico de Par\u00eds<\/strong>. Un grupo de diputados socialistas noruegos incluso ha apostado por ella para nominarla al <strong>premio Nobel de la Paz<\/strong>.<\/p>\n\n\n\n<p>Pese a su corta edad, Thunberg ha dado discursos ante los l\u00edderes mundiales en el foro econ\u00f3mico de Davos y <strong>en la conferencia clim\u00e1tica de la ONU en Katowice<\/strong>,  donde no tuvo reparo en dedicarles frases tan duras e implacables como  \u00abustedes no son lo suficientemente maduros como para contar las cosas  como son. Incluso esa carga la dejan para sus hijos\u00bb. <strong>\u00abDicen que aman a sus hijos por encima de todo, pero les est\u00e1n robando su futuro ante sus propios ojos\u00bb<\/strong>, espet\u00f3 la activista a los pol\u00edticos all\u00ed presentes durante su intervenci\u00f3n en la cumbre de Polonia. <\/p>\n\n\n\n<figure><iframe loading=\"lazy\" src=\"https:\/\/www.youtube.com\/embed\/wYr3DNWcFO0\" allowfullscreen=\"\" width=\"560\" height=\"315\"><\/iframe><\/figure>\n\n\n\n<h2 class=\"wp-block-heading\">Rosa Parks, su inspiraci\u00f3n<\/h2>\n\n\n\n<p>\u00abHe  recibido un apoyo enorme de todo el movimiento ecologista y de todo el  mundo que defiende el clima. No habr\u00eda sido posible sin ellos\u00bb,  reconoce.   Thunberg explica que la idea de la huelga estudiantil estuvo  inspirada por los <strong>alumnos del instituto de Parkland<\/strong>, en Florida, donde <strong>murieron 17 personas en febrero de 2018 en un tiroteo<\/strong>.  Los j\u00f3venes de este instituto iniciaron un movimiento a favor del  control de armas que r\u00e1pidamente se extendi\u00f3 por todo EEUU y llegaron a  ocupar la portada de la revista &#8216;Time&#8217;.<\/p>\n\n\n\n<p>\u00abCreo que <strong>Rosa Parks tambi\u00e9n ha sido un gran ejemplo<\/strong>,\n una mujer t\u00edmida e introvertida sobre la que he le\u00eddo mucho. Ahora todo\n el mundo tiende a ser social y extrovertido, pero yo no soy as\u00ed y \nespero que esto inspire y demuestre a todos aquellos que son como yo que\n tambi\u00e9n podemos ser escuchados y hacer grandes cosas\u00bb, relata.   <\/p>\n\n\n\n<p>\u00abEs\n muy inspirador ver lo que una persona puede lograr simplemente \nsent\u00e1ndose en un autob\u00fas\u00bb, afirma sobre Rosa Parks, la mujer negra que \nen 1955 rechaz\u00f3 ceder su asiento a un hombre blanco en Montgomery, \nAlabama, una acci\u00f3n que supuso un punto de inflexi\u00f3n en el movimiento de\n los derechos civiles en Estados Unidos.<\/p>\n\n\n\n<p>Aunque\n rechaza considerarse un icono, Greta Thunberg es aclamada all\u00ed donde \nva. En las \u00faltimas semanas ha sido vitoreada en las protestas celebradas\n en Alemania, Suiza, B\u00e9lgica y Francia, donde se ha sumado a las marchas\n contra el cambio clim\u00e1tico. <\/p>\n\n\n\n<p>\u00ab<strong>Si ayuda al clima el hecho de que se escriba tanto sobre m\u00ed, entonces adelante<\/strong>.\n Sin embargo, significa que tengo que andar con cuidado con todo lo que \nhago. Si como pan en una bolsa de pl\u00e1stico, algunas personas me \ninsultar\u00e1n. Creo de todas maneras que esto es positivo, ya que la gente \npuede ver la irracionalidad de este tipo de campa\u00f1as negativas\u00bb, \nexplica.   <\/p>\n\n\n\n<figure class=\"wp-block-image\"><img data-recalc-dims=\"1\" decoding=\"async\" src=\"https:\/\/i0.wp.com\/fotografias.lasexta.com\/clipping\/cmsimages01\/2019\/03\/15\/94D695E2-75C0-4245-B2DB-445E1D3B31A0\/\/64.jpg?w=640&#038;ssl=1\" alt=\"\"\/><figcaption>Participantes de una manifestaci\u00f3n contra el cambio clim\u00e1tico en Bruselas portan pancartas de apoyo a Greta Thunberg  | GETTY<\/figcaption><\/figure>\n\n\n\n<p>Cuando ten\u00eda once a\u00f1os, Thunberg sufri\u00f3 una depresi\u00f3n, informa\n DPA. Uno de los factores que le ayud\u00f3 a superarla fue leer y aprender \nsobre el cambio clim\u00e1tico y la percepci\u00f3n de que no se estaba haciendo \nlo necesario para combatirlo. Lleg\u00f3 incluso a dejar de comer antes de \nrecibir el apoyo de sus padres, que dejaron de consumir carne y de volar\n en avi\u00f3n, lo que supuso un desaf\u00edo may\u00fasculo para su madre, la cantante\n de \u00f3pera Malena Ernman.<\/p>\n\n\n\n<p>Thunberg <strong>padece el s\u00edndrome de Asperger<\/strong>,\n un trastorno del desarrollo que se incluye dentro del espectro autista.\n \u00bfC\u00f3mo afecta eso a su lucha por el clima? \u00abDe una manera muy positiva. \nHe empezado a darme cuenta de que <strong>tengo m\u00e1s capacidad de concentraci\u00f3n que otras personas<\/strong>, aunque tambi\u00e9n me cansa mucho cuando me quedo sin energ\u00eda\u00bb, afirma.   <\/p>\n\n\n\n<p>\u00abSi\n no hubiese tenido Asperger habr\u00eda explorado otras v\u00edas. No interact\u00fao \nbien en grupos y trabajo m\u00e1s cuando lo hago sola que otros activistas \nque quieren fundar organizaciones y escribir normas y tratados. Por eso \n&#8216;Fridays For Future&#8217; no es una organizaci\u00f3n a nivel internacional, es un\n hashtag y un movimiento que pone el foco en la investigaci\u00f3n. Hablamos \nde los mismos objetivos pero desde diferentes organizaciones en \ndiferentes pa\u00edses\u00bb, asegura.   <\/p>\n\n\n\n<p>\u00abHay innumerables organizaciones y  partidos pol\u00edticos, pero tienen que cambiar su mentalidad. No tenemos  mucho tiempo para andar fundando nuevos partidos\u00bb, afirma. <strong>\u00abEl cambio tiene que comenzar hoy\u00bb<\/strong>, concluye.                <\/p>\n\n\n\n<p><strong>laSexta.com<\/strong>   FOTO:  Greta Thunberg durante una manifestaci\u00f3n en Hamburgo. | GETTY <\/p>\n\n\n\n<p>           l<a href=\"https:\/\/www.lasexta.com\/noticias\/sociedad\/asi-greta-thunberg-adolescente-sueca-que-lidera-lucha-cambio-climatico_201903155c8b67e60cf2bb98bdd07ad3.html\">https:\/\/www.lasexta.com\/noticias\/sociedad\/asi-greta-thunberg-adolescente-sueca-que-lidera-lucha-cambio-climatico_201903155c8b67e60cf2bb98bdd07ad3.html<\/a>     <\/p>\n\n\n\n<p>                  <\/p>\n","protected":false},"excerpt":{"rendered":"<p>La joven activista se ha convertido, a sus 16 a\u00f1os, en todo un s\u00edmbolo de&#8230;<\/p>\n","protected":false},"author":1,"featured_media":29864,"comment_status":"closed","ping_status":"closed","sticky":false,"template":"","format":"standard","meta":{"_coblocks_attr":"","_coblocks_dimensions":"","_coblocks_responsive_height":"","_coblocks_accordion_ie_support":"","jetpack_post_was_ever_published":false,"_jetpack_newsletter_access":"","_jetpack_dont_email_post_to_subs":false,"_jetpack_newsletter_tier_id":0,"_jetpack_memberships_contains_paywalled_content":false,"_jetpack_memberships_contains_paid_content":false,"footnotes":"","jetpack_publicize_message":"","jetpack_publicize_feature_enabled":true,"jetpack_social_post_already_shared":false,"jetpack_social_options":{"image_generator_settings":{"template":"highway","default_image_id":0,"enabled":false},"version":2}},"categories":[1161,186,44,15],"tags":[271,5829],"class_list":["post-29863","post","type-post","status-publish","format-standard","has-post-thumbnail","hentry","category-ciudadania","category-instituciones","category-noticias-de-hoy","category-ultimas-noticias","tag-cambio-climatico","tag-greta-thunberg"],"jetpack_publicize_connections":[],"jetpack_featured_media_url":"https:\/\/i0.wp.com\/miradordeatarfe.es\/wp-content\/uploads\/2019\/03\/58B.jpg?fit=1000%2C567&ssl=1","jetpack_likes_enabled":true,"jetpack_sharing_enabled":true,"_links":{"self":[{"href":"https:\/\/miradordeatarfe.es\/index.php?rest_route=\/wp\/v2\/posts\/29863","targetHints":{"allow":["GET"]}}],"collection":[{"href":"https:\/\/miradordeatarfe.es\/index.php?rest_route=\/wp\/v2\/posts"}],"about":[{"href":"https:\/\/miradordeatarfe.es\/index.php?rest_route=\/wp\/v2\/types\/post"}],"author":[{"embeddable":true,"href":"https:\/\/miradordeatarfe.es\/index.php?rest_route=\/wp\/v2\/users\/1"}],"replies":[{"embeddable":true,"href":"https:\/\/miradordeatarfe.es\/index.php?rest_route=%2Fwp%2Fv2%2Fcomments&post=29863"}],"version-history":[{"count":1,"href":"https:\/\/miradordeatarfe.es\/index.php?rest_route=\/wp\/v2\/posts\/29863\/revisions"}],"predecessor-version":[{"id":29865,"href":"https:\/\/miradordeatarfe.es\/index.php?rest_route=\/wp\/v2\/posts\/29863\/revisions\/29865"}],"wp:featuredmedia":[{"embeddable":true,"href":"https:\/\/miradordeatarfe.es\/index.php?rest_route=\/wp\/v2\/media\/29864"}],"wp:attachment":[{"href":"https:\/\/miradordeatarfe.es\/index.php?rest_route=%2Fwp%2Fv2%2Fmedia&parent=29863"}],"wp:term":[{"taxonomy":"category","embeddable":true,"href":"https:\/\/miradordeatarfe.es\/index.php?rest_route=%2Fwp%2Fv2%2Fcategories&post=29863"},{"taxonomy":"post_tag","embeddable":true,"href":"https:\/\/miradordeatarfe.es\/index.php?rest_route=%2Fwp%2Fv2%2Ftags&post=29863"}],"curies":[{"name":"wp","href":"https:\/\/api.w.org\/{rel}","templated":true}]}}