{"id":2988,"date":"2015-07-19T10:00:07","date_gmt":"2015-07-19T10:00:07","guid":{"rendered":"http:\/\/miradordeatarfe.es\/?p=2988"},"modified":"2015-09-01T08:19:28","modified_gmt":"2015-09-01T08:19:28","slug":"homenaje-a-las-victimas-del-franquismo-nos-vemos-el-20-a-las-20-en-la-tapia-del-cementerio-de-granada","status":"publish","type":"post","link":"https:\/\/miradordeatarfe.es\/?p=2988","title":{"rendered":"HOMENAJE A LAS VICTIMAS DEL FRANQUISMO   NOS VEMOS EL 20 A LAS 20 EN LA TAPIA DEL CEMENTERIO DE GRANADA"},"content":{"rendered":"<p>Homenaje a las v\u00edctimas del franquismo en la tapia del cementerio de Granada, el lunes \u00a020 de julio, a\u00a0 las 20:00 horas \u00a0conmemoramos un a\u00f1o mas el comienzo de un exterminio sistem\u00e1tico que se inici\u00f3 en las tapias de nuestro cementerio.<!--more--><\/p>\n<p>Recordaremos a los all\u00ed fusilados, a los que siguen en las cunetas, a los que yacen en las trincheras y a todos aquellos que murieron defendiendo la legalidad republicana, pero tambi\u00e9n a aquellos, sobre todo a \u201cAQUELLAS\u201d que sobrevivieron.\u00a0 Como siempre, abierto a todos los colectivos y personas que quieran acompa\u00f1ar, sobre todo, a los familiares de las victimas que son los aut\u00e9nticos protagonistas del acto.<\/p>\n<p>Os adjuntamos \u00a0cartel invitaci\u00f3n al homenaje.<\/p>\n<p>&nbsp;<\/p>\n<div>\n<div>\n<div>\n<p>\u00a0<img loading=\"lazy\" decoding=\"async\" src=\"https:\/\/serviciodecorreo.es\/?_task=mail&amp;_action=get&amp;_uid=6428&amp;_mbox=INBOX&amp;_part=2&amp;_embed=1\" alt=\"\" width=\"264\" height=\"374\" \/><\/p>\n<\/div>\n<\/div>\n<\/div>\n","protected":false},"excerpt":{"rendered":"<p>Homenaje a las v\u00edctimas del franquismo en la tapia del cementerio de Granada, el lunes&#8230;<\/p>\n","protected":false},"author":1,"featured_media":2989,"comment_status":"closed","ping_status":"closed","sticky":false,"template":"","format":"standard","meta":{"_coblocks_attr":"","_coblocks_dimensions":"","_coblocks_responsive_height":"","_coblocks_accordion_ie_support":"","jetpack_post_was_ever_published":false,"_jetpack_newsletter_access":"","_jetpack_dont_email_post_to_subs":false,"_jetpack_newsletter_tier_id":0,"_jetpack_memberships_contains_paywalled_content":false,"_jetpack_memberships_contains_paid_content":false,"footnotes":"","jetpack_publicize_message":"","jetpack_publicize_feature_enabled":true,"jetpack_social_post_already_shared":false,"jetpack_social_options":{"image_generator_settings":{"template":"highway","default_image_id":0,"enabled":false},"version":2}},"categories":[12,186,15],"tags":[480,129,110],"class_list":["post-2988","post","type-post","status-publish","format-standard","has-post-thumbnail","hentry","category-cultura","category-instituciones","category-ultimas-noticias","tag-asesinatos","tag-granada","tag-represion"],"jetpack_publicize_connections":[],"jetpack_featured_media_url":"https:\/\/i0.wp.com\/miradordeatarfe.es\/wp-content\/uploads\/2015\/07\/tapiagranada-nggid045395-ngg0dyn-600x463x100-00f0w010c010r110f110r010t010.jpg?fit=600%2C463&ssl=1","jetpack_likes_enabled":true,"jetpack_sharing_enabled":true,"_links":{"self":[{"href":"https:\/\/miradordeatarfe.es\/index.php?rest_route=\/wp\/v2\/posts\/2988","targetHints":{"allow":["GET"]}}],"collection":[{"href":"https:\/\/miradordeatarfe.es\/index.php?rest_route=\/wp\/v2\/posts"}],"about":[{"href":"https:\/\/miradordeatarfe.es\/index.php?rest_route=\/wp\/v2\/types\/post"}],"author":[{"embeddable":true,"href":"https:\/\/miradordeatarfe.es\/index.php?rest_route=\/wp\/v2\/users\/1"}],"replies":[{"embeddable":true,"href":"https:\/\/miradordeatarfe.es\/index.php?rest_route=%2Fwp%2Fv2%2Fcomments&post=2988"}],"version-history":[{"count":1,"href":"https:\/\/miradordeatarfe.es\/index.php?rest_route=\/wp\/v2\/posts\/2988\/revisions"}],"predecessor-version":[{"id":2990,"href":"https:\/\/miradordeatarfe.es\/index.php?rest_route=\/wp\/v2\/posts\/2988\/revisions\/2990"}],"wp:featuredmedia":[{"embeddable":true,"href":"https:\/\/miradordeatarfe.es\/index.php?rest_route=\/wp\/v2\/media\/2989"}],"wp:attachment":[{"href":"https:\/\/miradordeatarfe.es\/index.php?rest_route=%2Fwp%2Fv2%2Fmedia&parent=2988"}],"wp:term":[{"taxonomy":"category","embeddable":true,"href":"https:\/\/miradordeatarfe.es\/index.php?rest_route=%2Fwp%2Fv2%2Fcategories&post=2988"},{"taxonomy":"post_tag","embeddable":true,"href":"https:\/\/miradordeatarfe.es\/index.php?rest_route=%2Fwp%2Fv2%2Ftags&post=2988"}],"curies":[{"name":"wp","href":"https:\/\/api.w.org\/{rel}","templated":true}]}}