{"id":29885,"date":"2019-03-25T11:20:52","date_gmt":"2019-03-25T10:20:52","guid":{"rendered":"http:\/\/miradordeatarfe.es\/?p=29885"},"modified":"2019-03-25T10:48:15","modified_gmt":"2019-03-25T09:48:15","slug":"triunfo-vital-del-atarfe-1-2","status":"publish","type":"post","link":"https:\/\/miradordeatarfe.es\/?p=29885","title":{"rendered":"Triunfo vital del Atarfe, 1-2"},"content":{"rendered":"\n<p><strong> Los atarfe\u00f1os derrotan al V\u00e9lez y se acercan a la zona de permanencia <\/strong><\/p>\n\n\n\n<p>No se pod\u00eda pinchar ante un rival en descenso y se pinch\u00f3.&nbsp;<\/p>\n\n\n\n<p>El \nV\u00e9lez CF volvi\u00f3 a dar un nuevo disgusto a su afici\u00f3n que en menor medida\n acudi\u00f3 al Vivar T\u00e9llez con la esperanza de que el equipo volviese a la \nsenda de las victorias y que ofreciera un mejor juego. Nada de nada.<\/p>\n\n\n\n<p>Y\n lo peor para los locales, es que el Atarfe Industrial pareci\u00f3 en fases \ndel partido mejor equipo que los vele\u00f1os que no les sal\u00eda una a \nderechas&nbsp; y si somos sinceros, triste en la elaboraci\u00f3n de juego. Si \neste Atarfe hubiese jugado as\u00ed en gran parte de esta liga, igual no \nestar\u00eda peleando por la meta de la salvaci\u00f3n y quiz\u00e1s por otro mejor \npremio.<\/p>\n\n\n\n<p>Pese a que quiso tener la pelota el V\u00e9lez, y fue el due\u00f1o \nde ella en la primera mitad, este se marchar\u00eda al descanso con 1-2 en el\n marcador. Y es que en una acci\u00f3n en la que en centro del campo pierde \nel bal\u00f3n Eloy, esto servir\u00eda para que Dani Salvatierra se fuera en \nvelocidad por la banda derecha y metiese un pase raso que Alfonso no \nperdonar\u00eda con remate en el segundo palo. Primera llegada visitante: \ngol.<\/p>\n\n\n\n<p>El V\u00e9lez CF con el tanto tempranero en contra se volc\u00f3 de \nmanera m\u00e1s directa a por el empate y tras dos avisos, uno en cabezazo de\n Nacho que sac\u00f3 muy bien Fidel y en otra de Goffin ajustado que se fue a\n c\u00f3rner, el tanto llegar\u00eda en la siguiente acci\u00f3n cuando tras un par de \nrechaces dentro del \u00e1rea, Emilio Guerra de remate cruzado entre varios \ndefensores y tras dar el bal\u00f3n en el poste har\u00eda el 1-1 . Al empatar \nantes del cuarto de hora se pens\u00f3 que el Atarfe podr\u00eda desesperarse y \nperder la buena disposici\u00f3n y situaci\u00f3n en el campo. No lo fue as\u00ed. Es \nm\u00e1s, como viendo pasando en otros partidos, dio la opci\u00f3n a que su rival\n se volviera a meter de mejor manera en el partido.<\/p>\n\n\n\n<p>Fue en una \nfalta en la frontal del \u00e1rea, con una barrera ciertamente mal colocada \ny&nbsp; con Moi G\u00f3mez que de disparo raso de rosca sorprend\u00eda al meta Javi \nCuenca muy cerca del palo derecho. Segundo gol del Atarfe Industrial en \nel partido y el resultado se pon\u00eda otra vez cuesta arriba. Se volvi\u00f3 a \npensar que se pod\u00eda remontar por lo que hab\u00eda a\u00fan de tiempo, pero esa \nmedicina de llevar dos tantos a su favor sirvi\u00f3 para que el cuadro \natarfe\u00f1o se curara en desparpajo y fuera creciendo a mediada que el \npartido fue entrando en la recta final del primer tiempo. Adem\u00e1s con un \nV\u00e9lez CF que tuvo que sacar del campo a Joselinho que comenz\u00f3 el partido\n tocado y que dej\u00f3 su sitio al joven Ignacio Anaya, que pese a fajarse \ncon los centrales, no tuvo acierto en un par de ocasiones que tendr\u00eda a \nlo largo del partido.<\/p>\n\n\n\n<p>La puesta revolucionaria del t\u00e9cnico \ngranadino le estaba dando buen resultado, esto es, de inicio el meta \nFidel en vez de Dar\u00edo, Juanfran en el lugar del tocado Marcos Toro y \nAnas de titular en este partido. Adem\u00e1s de que tanto Dani Salvatierra, \nAlfonso y Paco Ariza realizaron un partido muy completo creando muchos \nproblemas a los vele\u00f1os que deslavazados no daban una a derechas y lo \npeor, las que tuvo no las supieron materializar o se encontraron con el \nbuen balance defensivo visitantes y las acciones puntuales bajo palos de\n Fidel.<\/p>\n\n\n\n<p>La segunda parte si el V\u00e9lez bien es cierto que quiso \ntener la pelota y m\u00e1s que entrar por bandas, lo intent\u00f3 colgando una y \nmil veces balones al \u00e1rea, su rival tambi\u00e9n goz\u00f3 de ocasiones para \nampliar el marcador, una de Alfonso que escorado se topo con el meta \nJavi Cuenca que le adivin\u00f3 el remate, un zapatazo de de Paco Ariza en un\n error en su salida del mata vele\u00f1o que salvar\u00eda Goffin bajo palos y en \nuna falta nuevamente de Alfonso que puso en complicaciones la estirada \nde Javi Cuenca. El V\u00e9lez fue gastando sus cartuchos con un juego a la \nher\u00f3ica, arriesgando a defensas por m\u00e1s gente arriba, pero no fue el d\u00eda\n para meter en la loter\u00eda y el Atarfe siendo correcto y estando sus \nl\u00edneas bien dispuestas al trabajo en equipo celebr\u00f3 al final del partido\n una victoria que le acerca al objetivo de mantener la categor\u00eda, \nsiempre y claro consiga un nuevo triunfo ante el Martos.<\/p>\n\n\n\n<p>Por otro lado lo del V\u00e9lez CF es digno de analizarlo.<br>redaccion@granadaenjuego.com\u00a0 <\/p>\n\n\n\n<h6 class=\"wp-block-heading\">JES\u00daS HURTADO \/ V\u00c9LEZ M\u00c1LAGA<\/h6>\n","protected":false},"excerpt":{"rendered":"<p>Los atarfe\u00f1os derrotan al V\u00e9lez y se acercan a la zona de permanencia No se&#8230;<\/p>\n","protected":false},"author":1,"featured_media":29886,"comment_status":"closed","ping_status":"closed","sticky":false,"template":"","format":"standard","meta":{"_coblocks_attr":"","_coblocks_dimensions":"","_coblocks_responsive_height":"","_coblocks_accordion_ie_support":"","jetpack_post_was_ever_published":false,"_jetpack_newsletter_access":"","_jetpack_dont_email_post_to_subs":false,"_jetpack_newsletter_tier_id":0,"_jetpack_memberships_contains_paywalled_content":false,"_jetpack_memberships_contains_paid_content":false,"footnotes":"","jetpack_publicize_message":"","jetpack_publicize_feature_enabled":true,"jetpack_social_post_already_shared":false,"jetpack_social_options":{"image_generator_settings":{"template":"highway","default_image_id":0,"enabled":false},"version":2}},"categories":[2,182,186,44,15],"tags":[81,322,666],"class_list":["post-29885","post","type-post","status-publish","format-standard","has-post-thumbnail","hentry","category-atarfe","category-deportes","category-instituciones","category-noticias-de-hoy","category-ultimas-noticias","tag-atarfe","tag-deporte","tag-futbol"],"jetpack_publicize_connections":[],"jetpack_featured_media_url":"https:\/\/i0.wp.com\/miradordeatarfe.es\/wp-content\/uploads\/2019\/03\/B.jpg?fit=450%2C267&ssl=1","jetpack_likes_enabled":true,"jetpack_sharing_enabled":true,"_links":{"self":[{"href":"https:\/\/miradordeatarfe.es\/index.php?rest_route=\/wp\/v2\/posts\/29885","targetHints":{"allow":["GET"]}}],"collection":[{"href":"https:\/\/miradordeatarfe.es\/index.php?rest_route=\/wp\/v2\/posts"}],"about":[{"href":"https:\/\/miradordeatarfe.es\/index.php?rest_route=\/wp\/v2\/types\/post"}],"author":[{"embeddable":true,"href":"https:\/\/miradordeatarfe.es\/index.php?rest_route=\/wp\/v2\/users\/1"}],"replies":[{"embeddable":true,"href":"https:\/\/miradordeatarfe.es\/index.php?rest_route=%2Fwp%2Fv2%2Fcomments&post=29885"}],"version-history":[{"count":1,"href":"https:\/\/miradordeatarfe.es\/index.php?rest_route=\/wp\/v2\/posts\/29885\/revisions"}],"predecessor-version":[{"id":29887,"href":"https:\/\/miradordeatarfe.es\/index.php?rest_route=\/wp\/v2\/posts\/29885\/revisions\/29887"}],"wp:featuredmedia":[{"embeddable":true,"href":"https:\/\/miradordeatarfe.es\/index.php?rest_route=\/wp\/v2\/media\/29886"}],"wp:attachment":[{"href":"https:\/\/miradordeatarfe.es\/index.php?rest_route=%2Fwp%2Fv2%2Fmedia&parent=29885"}],"wp:term":[{"taxonomy":"category","embeddable":true,"href":"https:\/\/miradordeatarfe.es\/index.php?rest_route=%2Fwp%2Fv2%2Fcategories&post=29885"},{"taxonomy":"post_tag","embeddable":true,"href":"https:\/\/miradordeatarfe.es\/index.php?rest_route=%2Fwp%2Fv2%2Ftags&post=29885"}],"curies":[{"name":"wp","href":"https:\/\/api.w.org\/{rel}","templated":true}]}}