{"id":29893,"date":"2019-03-26T08:50:06","date_gmt":"2019-03-26T07:50:06","guid":{"rendered":"http:\/\/miradordeatarfe.es\/?p=29893"},"modified":"2019-03-25T13:55:58","modified_gmt":"2019-03-25T12:55:58","slug":"el-teatro-y-la-danza-llega-a-18-municipios-de-la-provincia-de-granada","status":"publish","type":"post","link":"https:\/\/miradordeatarfe.es\/?p=29893","title":{"rendered":"El teatro y la danza llega a 18 municipios de la provincia de Granada"},"content":{"rendered":"\n<h3 class=\"wp-block-heading\"> El &#8216;Circuito Permanente de Teatro&#8217; de la Diputaci\u00f3n ofrecer\u00e1 las \u00faltimas producciones de 43 compa\u00f1\u00edas de artes esc\u00e9nicas <\/h3>\n\n\n\n<p>El <strong>programa \u2018Circuito Permanente de Teatro\u2019<\/strong>&nbsp;de la <strong>Diputaci\u00f3n de Granada<\/strong>\n ofrecer\u00e1 a lo largo de este a\u00f1o un total de 83 representaciones \nteatrales en 18 municipios de la provincia, a trav\u00e9s de 48 espect\u00e1culos y\n de 43 compa\u00f1\u00edas de \u00e1mbito nacional.<\/p>\n\n\n\n<figure class=\"wp-block-image\"><img decoding=\"async\" src=\"https:\/\/granadadigitaladserver.granadadigital.es\/www\/delivery\/lg.php?bannerid=54&amp;campaignid=53&amp;zoneid=57&amp;loc=https%3A%2F%2Fwww.granadadigital.es%2Fel-teatro-y-la-danza-llega-a-18-municipios-de-la-provincia-de-granada%2F&amp;cb=a6737dc33c\" alt=\"\"\/><\/figure>\n\n\n\n<p>Seg\u00fan ha informado la Diputaci\u00f3n en una nota de prensa, se trata de \nuna veterana iniciativa de la delegaci\u00f3n de Cultura y Memoria Hist\u00f3rica \nde la Diputaci\u00f3n de Granada, en colaboraci\u00f3n con los municipios \nparticipantes. En 2019 el teatro, <strong>la danza y las artes esc\u00e9nicas,<\/strong> en sus distintas modalidades y estilos, llegar\u00e1n a 18 localidades granadinas.<\/p>\n\n\n\n<figure class=\"wp-block-image\"><img decoding=\"async\" src=\"https:\/\/granadadigitaladserver.granadadigital.es\/www\/delivery\/lg.php?bannerid=0&amp;campaignid=0&amp;zoneid=81&amp;loc=https%3A%2F%2Fwww.granadadigital.es%2Fel-teatro-y-la-danza-llega-a-18-municipios-de-la-provincia-de-granada%2F&amp;cb=aa889acb49\" alt=\"\"\/><\/figure>\n\n\n\n<p>Tanto la diputada provincial de Cultura y Memoria Hist\u00f3rica y \nDemocr\u00e1tica, F\u00e1tima G\u00f3mez, como los representantes de los municipios y \nlas compa\u00f1\u00edas participantes han mostrado este viernes su satisfacci\u00f3n \npor la celebraci\u00f3n un a\u00f1o m\u00e1s de esta iniciativa, que extiende un \nprograma cultural consolidado a buena parte de la provincia.<\/p>\n\n\n\n<figure class=\"wp-block-image\"><img decoding=\"async\" src=\"https:\/\/granadadigitaladserver.granadadigital.es\/www\/delivery\/lg.php?bannerid=0&amp;campaignid=0&amp;zoneid=19&amp;loc=https%3A%2F%2Fwww.granadadigital.es%2Fel-teatro-y-la-danza-llega-a-18-municipios-de-la-provincia-de-granada%2F&amp;cb=29f9554356\" alt=\"\"\/><\/figure>\n\n\n\n<p>F\u00e1tima G\u00f3mez ha se\u00f1alado que \u201cel circuito permanente est\u00e1 pensado \npara construir espacios de encuentro que permitan el di\u00e1logo com\u00fan y la \ngeneraci\u00f3n conjunta de actuaciones, as\u00ed como otros espec\u00edficos y propios\n para la programaci\u00f3n y para la creaci\u00f3n, y en esta l\u00ednea, est\u00e1 previsto\n plantear intercambios y experiencias de trabajo, tanto en el \u00e1mbito de \nla programaci\u00f3n como en el de la creaci\u00f3n\u201d.<\/p>\n\n\n\n<figure class=\"wp-block-image\"><img decoding=\"async\" src=\"https:\/\/granadadigitaladserver.granadadigital.es\/www\/delivery\/lg.php?bannerid=0&amp;campaignid=0&amp;zoneid=60&amp;loc=https%3A%2F%2Fwww.granadadigital.es%2Fel-teatro-y-la-danza-llega-a-18-municipios-de-la-provincia-de-granada%2F&amp;cb=afc30530ba\" alt=\"\"\/><\/figure>\n\n\n\n<p>En representaci\u00f3n de las compa\u00f1\u00edas, Rosa D\u00edaz, directora de la <strong>compa\u00f1\u00eda La Rous<\/strong>,\n ha agradecido \u201ca todas las instituciones el esfuerzo que realizan para \nque las artes esc\u00e9nicas lleguen a todos los rincones de la provincia, \nsobre todo, a los municipios m\u00e1s peque\u00f1os, que es donde m\u00e1s falta hace y\n adem\u00e1s, para la creaci\u00f3n de nuevos p\u00fablicos, desde la escuela y la \nfamilia\u201d.<\/p>\n\n\n\n<p>El circuito se desarrolla entre los meses de marzo y diciembre y \nofrece un cat\u00e1logo de 48 espect\u00e1culos de 43 compa\u00f1\u00edas nacionales de \nteatro profesional, 16 granadinas. Entre ellas se encuentran <strong>Date Danza, Histri\u00f3n, Vagalume, Vaiven, o La Rous.<\/strong><\/p>\n\n\n\n<p>El programa cuenta esta edici\u00f3n con un presupuesto de 180.000 euros, \nde los cuales la Diputaci\u00f3n de Granada aporta 104.000 euros y el resto, \nen el porcentaje correspondiente, los municipios participantes, que son <strong>Albu\u00f1ol,\n Alfacar, Alhend\u00edn, Benal\u00faa, Churriana de la Vega, Guadix, Hu\u00e9neja, \nHu\u00e9scar, Hu\u00e9tor Tajar, Maracena, \u00d3rgiva, Peligros, Pinos Puente, \nPulianas, Salobre\u00f1a, Santa Fe, Valderrubio y La Zubia.<\/strong><\/p>\n","protected":false},"excerpt":{"rendered":"<p>El &#8216;Circuito Permanente de Teatro&#8217; de la Diputaci\u00f3n ofrecer\u00e1 las \u00faltimas producciones de 43 compa\u00f1\u00edas&#8230;<\/p>\n","protected":false},"author":1,"featured_media":29894,"comment_status":"closed","ping_status":"closed","sticky":false,"template":"","format":"standard","meta":{"_coblocks_attr":"","_coblocks_dimensions":"","_coblocks_responsive_height":"","_coblocks_accordion_ie_support":"","jetpack_post_was_ever_published":false,"_jetpack_newsletter_access":"","_jetpack_dont_email_post_to_subs":false,"_jetpack_newsletter_tier_id":0,"_jetpack_memberships_contains_paywalled_content":false,"_jetpack_memberships_contains_paid_content":false,"footnotes":"","jetpack_publicize_message":"","jetpack_publicize_feature_enabled":true,"jetpack_social_post_already_shared":false,"jetpack_social_options":{"image_generator_settings":{"template":"highway","default_image_id":0,"enabled":false},"version":2}},"categories":[12,1161,186,44,15],"tags":[90,498],"class_list":["post-29893","post","type-post","status-publish","format-standard","has-post-thumbnail","hentry","category-cultura","category-ciudadania","category-instituciones","category-noticias-de-hoy","category-ultimas-noticias","tag-cultura","tag-teatro"],"jetpack_publicize_connections":[],"jetpack_featured_media_url":"https:\/\/i0.wp.com\/miradordeatarfe.es\/wp-content\/uploads\/2019\/03\/CircuitoPermanenteTeatro_2.jpg?fit=1000%2C618&ssl=1","jetpack_likes_enabled":true,"jetpack_sharing_enabled":true,"_links":{"self":[{"href":"https:\/\/miradordeatarfe.es\/index.php?rest_route=\/wp\/v2\/posts\/29893","targetHints":{"allow":["GET"]}}],"collection":[{"href":"https:\/\/miradordeatarfe.es\/index.php?rest_route=\/wp\/v2\/posts"}],"about":[{"href":"https:\/\/miradordeatarfe.es\/index.php?rest_route=\/wp\/v2\/types\/post"}],"author":[{"embeddable":true,"href":"https:\/\/miradordeatarfe.es\/index.php?rest_route=\/wp\/v2\/users\/1"}],"replies":[{"embeddable":true,"href":"https:\/\/miradordeatarfe.es\/index.php?rest_route=%2Fwp%2Fv2%2Fcomments&post=29893"}],"version-history":[{"count":1,"href":"https:\/\/miradordeatarfe.es\/index.php?rest_route=\/wp\/v2\/posts\/29893\/revisions"}],"predecessor-version":[{"id":29895,"href":"https:\/\/miradordeatarfe.es\/index.php?rest_route=\/wp\/v2\/posts\/29893\/revisions\/29895"}],"wp:featuredmedia":[{"embeddable":true,"href":"https:\/\/miradordeatarfe.es\/index.php?rest_route=\/wp\/v2\/media\/29894"}],"wp:attachment":[{"href":"https:\/\/miradordeatarfe.es\/index.php?rest_route=%2Fwp%2Fv2%2Fmedia&parent=29893"}],"wp:term":[{"taxonomy":"category","embeddable":true,"href":"https:\/\/miradordeatarfe.es\/index.php?rest_route=%2Fwp%2Fv2%2Fcategories&post=29893"},{"taxonomy":"post_tag","embeddable":true,"href":"https:\/\/miradordeatarfe.es\/index.php?rest_route=%2Fwp%2Fv2%2Ftags&post=29893"}],"curies":[{"name":"wp","href":"https:\/\/api.w.org\/{rel}","templated":true}]}}