{"id":29907,"date":"2019-03-25T16:04:47","date_gmt":"2019-03-25T15:04:47","guid":{"rendered":"http:\/\/miradordeatarfe.es\/?p=29907"},"modified":"2019-03-25T16:13:52","modified_gmt":"2019-03-25T15:13:52","slug":"%ef%bb%bfesquizofrenias-primaverales","status":"publish","type":"post","link":"https:\/\/miradordeatarfe.es\/?p=29907","title":{"rendered":"\ufeffESQUIZOFRENIAS PRIMAVERALES por Juan Alfredo Bell\u00f3n"},"content":{"rendered":"\n\n\n\n\n<p><em><strong>por JUAN ALFREDO BELL\u00d3N <\/strong><\/em><em><strong>para EL MIRADOR DE ATARFE<\/strong><\/em><em><strong>del\ndomingo 24-03-2019<\/strong><\/em><\/p>\n\n\n\n<p>Digan lo que digan<em> (&#8230;los dem\u00e1s)<\/em> y lo cuenten como lo cuenten (con permiso de Raphael) Granada es un ciudad <em>esquizoide<\/em> porque pone el nombre a sus calles, iglesias y dem\u00e1s eventos urbanos, por parejas, cuando no por tr\u00edos o cuartetos (Iglesias de san Miguel Alto y Bajo; calles de la C\u00e1rcel Baja y Alta, san Juan Alta y Baja, Calderer\u00eda Nueva y Vieja, plaza del Correo Viejo, etc.) Total, que en el \u00e1nimo de ahorrar memoria hist\u00f3rica urbana, tinta y pintura, parece como si aqu\u00ed hubiera varias ciudades y\/o barrios federadas y confederados pero no totalmente integrados y que no es posible decir \u201cGranada no hay m\u00e1s que una\u201d porque los albaycineros dicen frecuentemente que \u201c<em>bajan a Gran\u00e1\u201d y los del Zaid\u00edn, la Chana, san L\u00e1zaro y los Pajaritos,                                                                                                                                                                                                                                                                                                                                                                                                                                                                                                                                                                                                                                                                                                                                                                                                                                                                 que van y entran o salen a ella o <\/em>de ella. Y coincidimos en multiplicar o dividir esta   tierra de nuestros amores y pecados seg\u00fan<em>  <\/em>la sepamos o la queramos una o<em> dupla, trina o cu\u00e1druple, quini o quineta,\/estaba la Reina\/sent\u00e1 en su silleta,\/vino Gil,\/ apag\u00f3 el candil\/ candil candil\u00f3n\/ cu\u00e9ntalas bien\/ que las veinte son.<\/em><\/p>\n\n\n\n<p>\nClaro que hay otros\nfen\u00f3menos duales o plurales de distinta \u00edndole, como el  Palacio de\nCarlos Quinto, el Generalife y la Alhambra (ahora, por cierto, ya\ncasi con nueva <em>se\u00f1orita)<\/em>\n de la que dijo un visitante pueblerino aut\u00f3ctono, respondiendo a un\npaisano m\u00e1s le\u00eddo que le pregunt\u00f3 si le hab\u00eda gustado la\nAlhambra, cuando le aconsej\u00f3 visitarla mientras \u00e9l se encargaba de\nir a una notar\u00eda para hacerse arreglar unos papeles:<em> -Que\ns\u00ed, que le hab\u00eda parecido mu rebonica;  como toas las Alhambras\u201d.<\/em><\/p>\n\n\n\n<p>\nY ahora que se acercan las \nElecciones Generales del 28 de abril y acaba de entrar oficialmente\nla primavera (la otra ya la tenemos desde antes del oto\u00f1o)\nalbergamos la sensaci\u00f3n de que son las segundas y, del tir\u00f3n,\nvendr\u00e1n las Europeas y, si los resultados no hacen posible la\ngobernanza,  vendr\u00e1n las cuartas o las Generales bis o qui\u00e9n sabe\nqu\u00e9 y as\u00ed terminaremos multiplicando la toma de decisiones hasta\nque nos pasemos la vida con la documentaci\u00f3n en la boca y la\npapeleta en la rendija&#8230;de votar.  Porque lo cierto es que\nacabaremos cans\u00e1ndonos de tanto ejercitar la fiesta de la democracia\ny hartos de celebrarla de tanto votar sin frutos.<\/p>\n\n\n\n<p>  Y adem\u00e1s tenemos que alegrarnos opinando sobre c\u00f3mo creemos que deben ser los partidos pol\u00edticos y su financiaci\u00f3n ahora que Vox ha aprendido c\u00f3mo burlarla; c\u00f3mo deben confeccionarse las candidaturas y los programas, ahora que las c\u00fapulas saben c\u00f3mo enmendarlos y c\u00f3mo deben hacerse tambi\u00e9n los actos previos a las votaciones confrontando ideas y soluciones, dando cumplidas cuentas de las finanzas de cada partido y de la orientaci\u00f3n de sus previsiones de gobierno y de su pol\u00edtica de alianzas. En verdad, se constata cada vez m\u00e1s la inmadurez democr\u00e1tica que padecemos y la falta de experiencia del cuerpo electoral, tanto en el hecho de ejercitar el escrutinio como en el posterior y necesario control de los representantes electos que deben rendir cuentas de sus actos de gobierno. Y el jueves 21, D\u00eda Internacional de  la Poes\u00eda y que se note \u00bfno? Total que hasta hace poco, supl\u00edamos con entusiasmo democr\u00e1tico la inexperiencia pol\u00edtica pero, en tanto esta aumenta, decrece nuestra madurez en el desempe\u00f1o pol\u00edtico cotidiano, y esto vale para Granada (esquizoide o no) resto de Andaluc\u00eda, Espa\u00f1a y resto de la Humanidad y se intensificar\u00e1 tras l<em>a<\/em> Pri<em>mav<\/em>era, y n<em>o<\/em> acabar\u00e1 hasta que resolvamos el <em>efecto invernadero<\/em>, pues <em>calientes<\/em>, seguimos est\u00e1ndolo con estos sofocos tan constantes de los que no se libra ni la Iglesia Cat\u00f3lica<em>, <\/em>ni el Papa, ni nosotros<em>, <\/em>crey\u00e9ndonos con derecho a la felicidad cuyo D\u00eda Internacional se celebr\u00f3 el d\u00eda 20,<em> seg\u00fan <\/em>Trump y USA, cuya Carta Magna la nombra como aspiraci\u00f3n leg\u00edtima del pueblo a l<em>a<\/em> que me sumo dese\u00e1ndosela a los lectores y p\u00fablico e<em>n<\/em> <em>general&#8230; de brigada, divisi\u00f3n, teniente y capit\u00e1n general y hasta general\u00edsimo de los ej\u00e9rcitos, por la gracia de Dios, tan poco deseado como probable. Y de Vox, nada, ni de su propuesta  militarista y armament\u00edstica: nada nuevo bajo el sol, afortunada y desgraciadamente.<\/em><\/p>\n","protected":false},"excerpt":{"rendered":"<p>por JUAN ALFREDO BELL\u00d3N para EL MIRADOR DE ATARFEdel domingo 24-03-2019 Digan lo que digan&#8230;<\/p>\n","protected":false},"author":1,"featured_media":29908,"comment_status":"closed","ping_status":"closed","sticky":false,"template":"","format":"standard","meta":{"_coblocks_attr":"","_coblocks_dimensions":"","_coblocks_responsive_height":"","_coblocks_accordion_ie_support":"","jetpack_post_was_ever_published":false,"_jetpack_newsletter_access":"","_jetpack_dont_email_post_to_subs":false,"_jetpack_newsletter_tier_id":0,"_jetpack_memberships_contains_paywalled_content":false,"_jetpack_memberships_contains_paid_content":false,"footnotes":"","jetpack_publicize_message":"","jetpack_publicize_feature_enabled":true,"jetpack_social_post_already_shared":false,"jetpack_social_options":{"image_generator_settings":{"template":"highway","default_image_id":0,"enabled":false},"version":2}},"categories":[12,1161,186,36,44,15],"tags":[129,812],"class_list":["post-29907","post","type-post","status-publish","format-standard","has-post-thumbnail","hentry","category-cultura","category-ciudadania","category-instituciones","category-opinion-de-juan-alfredo-bellon","category-noticias-de-hoy","category-ultimas-noticias","tag-granada","tag-politica-municipal"],"jetpack_publicize_connections":[],"jetpack_featured_media_url":"https:\/\/i0.wp.com\/miradordeatarfe.es\/wp-content\/uploads\/2019\/03\/tour_img-1300097-146.jpg?fit=798%2C532&ssl=1","jetpack_likes_enabled":true,"jetpack_sharing_enabled":true,"_links":{"self":[{"href":"https:\/\/miradordeatarfe.es\/index.php?rest_route=\/wp\/v2\/posts\/29907","targetHints":{"allow":["GET"]}}],"collection":[{"href":"https:\/\/miradordeatarfe.es\/index.php?rest_route=\/wp\/v2\/posts"}],"about":[{"href":"https:\/\/miradordeatarfe.es\/index.php?rest_route=\/wp\/v2\/types\/post"}],"author":[{"embeddable":true,"href":"https:\/\/miradordeatarfe.es\/index.php?rest_route=\/wp\/v2\/users\/1"}],"replies":[{"embeddable":true,"href":"https:\/\/miradordeatarfe.es\/index.php?rest_route=%2Fwp%2Fv2%2Fcomments&post=29907"}],"version-history":[{"count":2,"href":"https:\/\/miradordeatarfe.es\/index.php?rest_route=\/wp\/v2\/posts\/29907\/revisions"}],"predecessor-version":[{"id":29910,"href":"https:\/\/miradordeatarfe.es\/index.php?rest_route=\/wp\/v2\/posts\/29907\/revisions\/29910"}],"wp:featuredmedia":[{"embeddable":true,"href":"https:\/\/miradordeatarfe.es\/index.php?rest_route=\/wp\/v2\/media\/29908"}],"wp:attachment":[{"href":"https:\/\/miradordeatarfe.es\/index.php?rest_route=%2Fwp%2Fv2%2Fmedia&parent=29907"}],"wp:term":[{"taxonomy":"category","embeddable":true,"href":"https:\/\/miradordeatarfe.es\/index.php?rest_route=%2Fwp%2Fv2%2Fcategories&post=29907"},{"taxonomy":"post_tag","embeddable":true,"href":"https:\/\/miradordeatarfe.es\/index.php?rest_route=%2Fwp%2Fv2%2Ftags&post=29907"}],"curies":[{"name":"wp","href":"https:\/\/api.w.org\/{rel}","templated":true}]}}