{"id":2991,"date":"2015-07-17T09:06:05","date_gmt":"2015-07-17T09:06:05","guid":{"rendered":"http:\/\/miradordeatarfe.es\/?p=2991"},"modified":"2015-07-18T09:20:45","modified_gmt":"2015-07-18T09:20:45","slug":"los-veranos-del-corral-flamenco-para-la-noche-granadina","status":"publish","type":"post","link":"https:\/\/miradordeatarfe.es\/?p=2991","title":{"rendered":"Los Veranos del Corral, flamenco para la noche granadina"},"content":{"rendered":"<p>Del 27 de julio al 13 de agosto, El Corral del Carb\u00f3n acoge este ciclo que re\u00fane a artistas consagrados y j\u00f3venes promesas del flamenco. Pedro &#8216;El Grana\u00edno&#8217;, Olga Pericet y Carmen Ledesma, entre otros, integran el cartel. El certamen profundiza en la relaci\u00f3n flamenca de Granada con Jap\u00f3n y Suiza a trav\u00e9s de espect\u00e1culos con guitarristas y bailaores que desarrollan su carrera en esos pa\u00edses. <!--more--><\/p>\n<p>La delegada de de Educaci\u00f3n, Cultura y Deporte en Granada, Ana G\u00e1mez, y el director de la Muestra de Flamenco Los Veranos del Corral, Ra\u00fal Comba, han presentado este martes la programaci\u00f3n de la XVII edici\u00f3n de este evento que comenzar\u00e1 el 27 de julio y finalizar\u00e1 el 13 de agosto, y que cuenta con las actuaciones de Pedro &#8216;El Grana\u00edno&#8217;, Carmen Ledesma y Olga Pericet, entre otros artistas.<\/p>\n<p>El ciclo, que est\u00e1 organizado por el Teatro de la Zambra con la participaci\u00f3n del Instituto Andaluz de Flamenco, tiene como fin mostrar la diversidad del &#8216;arte jondo&#8217; plasmado en las creaciones de los artistas flamencos que forman parte del cartel. Este a\u00f1o estar\u00e1n Carmen Ledesma, Luc\u00eda \u201cLa Pi\u00f1ona\u201d, Amador Rojas, Mercedes de C\u00f3rdoba, Pedro \u201cEl Grana\u00edno\u201d, Jairo Barrull, Eduardo Guerrero, El Choro, Olga Pericet y La Repompa.<\/p>\n<p>Esta XVII edici\u00f3n de Los Veranos del Carb\u00f3n profundiza, adem\u00e1s, en la relaci\u00f3n flamenca, iniciada hace ya algunas ediciones, entre Granada y Jap\u00f3n, con el espect\u00e1culo Sakura Flamenca, producido en Tokio por el guitarrista granadino Emilio Maya, el 31 de julio. Adem\u00e1s, esta edici\u00f3n cuenta, gracias al intercambio de este programa con el Festival Flamenco de Ginebra, con la actuaci\u00f3n del bailaor suizo de origen malague\u00f1o, Antonio Perujo. Para clausurar esta Muestra, el d\u00eda 13 de agosto se celebrar\u00e1 la Gala de Flamencos de Granada con Tom\u00e1s Garc\u00eda, Juan \u00c1ngel y Saray Fern\u00e1ndez \u201cLa Pitita\u201d.<\/p>\n<p class=\"img\"><img data-recalc-dims=\"1\" loading=\"lazy\" decoding=\"async\" class=\"media-image\" src=\"https:\/\/i0.wp.com\/www.elindependientedegranada.es\/sites\/default\/files\/styles\/large\/public\/corral_del_carbo_002_0.jpg?resize=448%2C299\" alt=\"\" width=\"448\" height=\"299\" \/><\/p>\n<p class=\"pie\">Ana G\u00e1mez y Ra\u00fal Comba.\u00a0<span class=\"firma\">prensa junta<\/span><\/p>\n<p>Los Veranos del Corral es una iniciativa veterana y habitual que hace de Granada una ciudad de la cultura tambi\u00e9n en verano. Como record\u00f3 Ana G\u00e1mez, naci\u00f3 con el objetivo de \u00abpaliar el desierto cultural\u00bb que ten\u00eda la ciudad tras concluir un evento \u00abde la magnitud\u00bb del Festival Internacional de M\u00fasica y Danza de Granada. La participaci\u00f3n de la Consejer\u00eda de Cultura a trav\u00e9s del Instituto Andaluz del Flamenco en este Programa, que comienza en 2007, confirma una apuesta firme por promocionar, difundir y promover el disfrute del flamenco.<\/p>\n<p>G\u00e1mez ha manifestado que \u201cse trata de un programa de referencia, con una enorme proyecci\u00f3n entre los artistas, los aficionados, los medios y el p\u00fablico en general. Una programaci\u00f3n equilibrada entre artistas de diferentes tendencias y con diferentes maneras de encarar el trabajo art\u00edstico. Todos flamencos, pero todos diferentes y muy interesantes, todas actuaciones de primer orden que buscan componer un equilibrado mosaico de tendencias y generaciones\u201d.<\/p>\n<p>La Consejer\u00eda, ha agregado la delegada, \u00abdesde siempre apoy\u00f3 Los Veranos del Corral\u00bb, con el convencimiento de que la cultura ha de ser \u00abun derecho de la ciudadan\u00eda\u00bb. La recompensa ha llegado a trav\u00e9s de las distinciones recibidas por esta cita, que fue premiada por la Federaci\u00f3n de Hosteler\u00eda de Granada con el galard\u00f3n Duque de Galatino y que recibi\u00f3 tambi\u00e9n la Bandera de Andaluc\u00eda en 2009.<\/p>\n<p>La delegada ha hecho hincapi\u00e9 en que \u00abla cultura tambi\u00e9n es econom\u00eda\u00bb, destacando que un centenar de personas trabajar\u00e1n durante el festival en su organizaci\u00f3n y en los montajes de los espect\u00e1culos.<\/p>\n<p>Por otra Parte, Comba ha afirmado que \u201ccon esta programaci\u00f3n se acerca el flamenco de calidad a la ciudadan\u00eda de la manera m\u00e1s natural posible, manteniendo lo mejor de la tradici\u00f3n del flamenco en Granada\u201d.Tras repasar el cartel, elogiando a los artistas consagrados y tambi\u00e9n a las j\u00f3venes figuras que pasar\u00e1n por este escenario, ha avanzando que est\u00e1 en negociaciones con el Ayuntamiento de Almu\u00f1\u00e9car para llevar una extensi\u00f3n de Los Veranos del Corral al Parque del Majuelo, donde se programar\u00edan dos noches.<\/p>\n<h4>Programa<\/h4>\n<p><strong>Julio<\/strong><\/p>\n<p>Lunes 27, Carmen Ledesma; Martes 28, Luc\u00eda &#8216;La Pi\u00f1ona&#8217;; Mi\u00e9rcoles 29, Amador Rojas: Jueves 30, Antonio Perujo, intercambio Festival Flamenco de Ginebra; Viernes 31, Sakura Flamenca. Emilio Maya.<\/p>\n<p><strong>Agosto\u00a0<\/strong><\/p>\n<p>Lunes 3, Mercedes de C\u00f3rdoba: Martes 4, Pedro &#8216;El Grana\u00edno&#8217;, presenta\u201dTierra\u201d: Mi\u00e9rcoles 5, Jairo Barrull; Jueves 6, Eduardo Guerrero; Lunes 10, El Choro; Martes 11, Olga Pericet; Mi\u00e9rcoles 12, &#8216;La Repompa&#8217;; Jueves 13, Gala de Flamencos de Granada. Tomas Garc\u00eda, Juan \u00c1ngel y Saray Fern\u00e1ndez &#8216;La Pitita&#8217;.<\/p>\n<p>La organizaci\u00f3n, seg\u00fan ha explicado Comba, tiene descuentos del 20% sobre las entradas, que cuestan 17 euros, para la tercera edad, grupos de m\u00e1s de 10 personas, estudiantes, parados y todos aquellos colectivos que puedan acreditar una dif\u00edcil situaic\u00f3n econ\u00f3mica.<\/p>\n","protected":false},"excerpt":{"rendered":"<p>Del 27 de julio al 13 de agosto, El Corral del Carb\u00f3n acoge este ciclo&#8230;<\/p>\n","protected":false},"author":1,"featured_media":2992,"comment_status":"closed","ping_status":"closed","sticky":false,"template":"","format":"standard","meta":{"_coblocks_attr":"","_coblocks_dimensions":"","_coblocks_responsive_height":"","_coblocks_accordion_ie_support":"","jetpack_post_was_ever_published":false,"_jetpack_newsletter_access":"","_jetpack_dont_email_post_to_subs":false,"_jetpack_newsletter_tier_id":0,"_jetpack_memberships_contains_paywalled_content":false,"_jetpack_memberships_contains_paid_content":false,"footnotes":"","jetpack_publicize_message":"","jetpack_publicize_feature_enabled":true,"jetpack_social_post_already_shared":false,"jetpack_social_options":{"image_generator_settings":{"template":"highway","default_image_id":0,"enabled":false},"version":2}},"categories":[12,15],"tags":[90,1078,129],"class_list":["post-2991","post","type-post","status-publish","format-standard","has-post-thumbnail","hentry","category-cultura","category-ultimas-noticias","tag-cultura","tag-flamenco","tag-granada"],"jetpack_publicize_connections":[],"jetpack_featured_media_url":"https:\/\/i0.wp.com\/miradordeatarfe.es\/wp-content\/uploads\/2015\/07\/corral_del_carbo_004.jpg?fit=2048%2C1366&ssl=1","jetpack_likes_enabled":true,"jetpack_sharing_enabled":true,"_links":{"self":[{"href":"https:\/\/miradordeatarfe.es\/index.php?rest_route=\/wp\/v2\/posts\/2991","targetHints":{"allow":["GET"]}}],"collection":[{"href":"https:\/\/miradordeatarfe.es\/index.php?rest_route=\/wp\/v2\/posts"}],"about":[{"href":"https:\/\/miradordeatarfe.es\/index.php?rest_route=\/wp\/v2\/types\/post"}],"author":[{"embeddable":true,"href":"https:\/\/miradordeatarfe.es\/index.php?rest_route=\/wp\/v2\/users\/1"}],"replies":[{"embeddable":true,"href":"https:\/\/miradordeatarfe.es\/index.php?rest_route=%2Fwp%2Fv2%2Fcomments&post=2991"}],"version-history":[{"count":1,"href":"https:\/\/miradordeatarfe.es\/index.php?rest_route=\/wp\/v2\/posts\/2991\/revisions"}],"predecessor-version":[{"id":2993,"href":"https:\/\/miradordeatarfe.es\/index.php?rest_route=\/wp\/v2\/posts\/2991\/revisions\/2993"}],"wp:featuredmedia":[{"embeddable":true,"href":"https:\/\/miradordeatarfe.es\/index.php?rest_route=\/wp\/v2\/media\/2992"}],"wp:attachment":[{"href":"https:\/\/miradordeatarfe.es\/index.php?rest_route=%2Fwp%2Fv2%2Fmedia&parent=2991"}],"wp:term":[{"taxonomy":"category","embeddable":true,"href":"https:\/\/miradordeatarfe.es\/index.php?rest_route=%2Fwp%2Fv2%2Fcategories&post=2991"},{"taxonomy":"post_tag","embeddable":true,"href":"https:\/\/miradordeatarfe.es\/index.php?rest_route=%2Fwp%2Fv2%2Ftags&post=2991"}],"curies":[{"name":"wp","href":"https:\/\/api.w.org\/{rel}","templated":true}]}}