{"id":29926,"date":"2019-03-28T10:55:23","date_gmt":"2019-03-28T09:55:23","guid":{"rendered":"http:\/\/miradordeatarfe.es\/?p=29926"},"modified":"2019-03-25T23:00:02","modified_gmt":"2019-03-25T22:00:02","slug":"espana-mantendra-su-huso-horario-actual-y-el-cambio-de-hora-estacional","status":"publish","type":"post","link":"https:\/\/miradordeatarfe.es\/?p=29926","title":{"rendered":"Espa\u00f1a mantendr\u00e1 su huso horario actual y el cambio de hora estacional"},"content":{"rendered":"\n<h4 class=\"wp-block-heading\"> El pr\u00f3ximo  cambio de hora ser\u00e1 el 31 de marzo, cuando se adelantar\u00e1 el  reloj una  hora para adaptarse al denominado horario de verano <\/h4>\n\n\n\n<p>Espa\u00f1a mantendr\u00e1 su actual <a href=\"https:\/\/cincodias.elpais.com\/cincodias\/2019\/03\/22\/midinero\/1553257887_307412.html\">huso horario<\/a> y el cambio de hora estacional, que se producir\u00e1 de nuevo <a href=\"https:\/\/elpais.com\/elpais\/2019\/03\/19\/actualidad\/1552983766_672707.html\" target=\"_blank\" rel=\"noreferrer noopener\">el pr\u00f3ximo 31 de marzo<\/a>,\n cuando se adelantar\u00e1 el reloj una hora para adaptarse al denominado \nhorario de verano. As\u00ed lo ha avanzado la portavoz del Gobierno y \nministra de Educaci\u00f3n y Formaci\u00f3n Profesional, Isabel Cela\u00e1, en la rueda\n de prensa posterior al Consejo de Ministros.<\/p>\n\n\n\n<p>Cela\u00e1\n ha explicado que el Gobierno ha estudiado el informe encargado a la \ncomisi\u00f3n de expertos que ha estudiado la revisi\u00f3n del huso horario, \nsobre el que no se plantea \u00abcambio alguno\u00bb.<\/p>\n\n\n\n<p>Adem\u00e1s, ha se\u00f1alado que otra cuesti\u00f3n \u00abmenos concluyente\u00bb analizada \nes el cambio de hora estacional, que se produce en Espa\u00f1a desde hace 45 \na\u00f1os. \u00abEste d\u00eda 31 (de marzo) adelantaremos el reloj\u00bb, adecu\u00e1ndolo al \nhorario de verano, y un nuevo cambio volver\u00e1 a producirse a finales de \noctubre retrasando el reloj para adaptarse al horario de invierno.<\/p>\n\n\n\n<p>Cela\u00e1 ha comentado que, despu\u00e9s de estos meses de an\u00e1lisis, la \ncomisi\u00f3n de expertos no ha llegado a ninguna \u00abresoluci\u00f3n concluyente\u00bb, \nhabida cuenta de la \u00abgran cantidad de repercusiones de impacto\u00bb que \ntiene esta medida en campos como el econ\u00f3mico o el cultural. Adem\u00e1s, la \nministra ha resaltado que cuando el CIS pregunt\u00f3 a los espa\u00f1oles con qu\u00e9\n horario prefer\u00edan quedarse definitivamente, estos respondieron que el \nde verano, mientras que los expertos recomiendan que sea el horario de \ninvierno.<\/p>\n\n\n\n<p>Cela\u00e1 tambi\u00e9n ha recordado que las instituciones europeas tampoco han\n llegado a una conclusi\u00f3n sobre este tema, que seguir\u00e1n estudiando en \nlos pr\u00f3ximos a\u00f1os, seg\u00fan ha apuntado la ministra. La Comisi\u00f3n Europea \npromovi\u00f3 una iniciativa <a href=\"https:\/\/elpais.com\/internacional\/2018\/08\/30\/actualidad\/1535619026_263003.html\" target=\"_blank\" rel=\"noreferrer noopener\">para poner fin a los cambios de hora durante 2019.<\/a> En un principio este 31 de marzo iba a ser el \u00faltimo cambio de hora que se realizar\u00eda <a href=\"https:\/\/elpais.com\/internacional\/2018\/08\/31\/actualidad\/1535701116_540743.html\" target=\"_blank\" rel=\"noreferrer noopener\">en la Uni\u00f3n Europea,<\/a>\n pero el Parlamento Europeo ha pedido que se retrase hasta 2021 la \neliminaci\u00f3n de los cambios de hora propuestos por la Comisi\u00f3n.<\/p>\n\n\n\n<p>Los Estados miembros deben comunicar como muy tarde en abril de 2020 \nsi se quedar\u00e1n con el horario de verano o con el de invierno. Si optan \npor lo primero, el \u00faltimo cambio de hora <a href=\"https:\/\/elpais.com\/sociedad\/2018\/10\/29\/actualidad\/1540829589_535911.html\" target=\"_blank\" rel=\"noreferrer noopener\">tendr\u00e1 lugar en marzo de 2021<\/a>,\n mientras que el reloj se cambiar\u00e1 por \u00faltima vez en octubre de 2021 en \naquellos pa\u00edses que decidan permanecer en el horario de invierno.<\/p>\n\n\n\n<p>FOTO:   Reloj en la Puerta del Sol, en Madrid. En v\u00eddeo, declaraciones de Cel\u00e1a. V. Sainz | europa press  <br><\/p>\n\n\n\n<p><a href=\"https:\/\/elpais.com\/sociedad\/2019\/03\/22\/actualidad\/1553280972_033181.html?id_externo_promo=enviar_email\">https:\/\/elpais.com\/sociedad\/2019\/03\/22\/actualidad\/1553280972_033181.html?id_externo_promo=enviar_email<\/a><\/p>\n","protected":false},"excerpt":{"rendered":"<p>El pr\u00f3ximo cambio de hora ser\u00e1 el 31 de marzo, cuando se adelantar\u00e1 el reloj&#8230;<\/p>\n","protected":false},"author":1,"featured_media":29927,"comment_status":"closed","ping_status":"closed","sticky":false,"template":"","format":"standard","meta":{"_coblocks_attr":"","_coblocks_dimensions":"","_coblocks_responsive_height":"","_coblocks_accordion_ie_support":"","jetpack_post_was_ever_published":false,"_jetpack_newsletter_access":"","_jetpack_dont_email_post_to_subs":false,"_jetpack_newsletter_tier_id":0,"_jetpack_memberships_contains_paywalled_content":false,"_jetpack_memberships_contains_paid_content":false,"footnotes":"","jetpack_publicize_message":"","jetpack_publicize_feature_enabled":true,"jetpack_social_post_already_shared":false,"jetpack_social_options":{"image_generator_settings":{"template":"highway","default_image_id":0,"enabled":false},"version":2}},"categories":[1161,186,9,44,15],"tags":[1053,3358],"class_list":["post-29926","post","type-post","status-publish","format-standard","has-post-thumbnail","hentry","category-ciudadania","category-instituciones","category-medio-ambiente","category-noticias-de-hoy","category-ultimas-noticias","tag-europa","tag-uso-horario"],"jetpack_publicize_connections":[],"jetpack_featured_media_url":"https:\/\/i0.wp.com\/miradordeatarfe.es\/wp-content\/uploads\/2019\/03\/1553280972_033181_1553288325_noticia_fotograma.jpg?fit=980%2C552&ssl=1","jetpack_likes_enabled":true,"jetpack_sharing_enabled":true,"_links":{"self":[{"href":"https:\/\/miradordeatarfe.es\/index.php?rest_route=\/wp\/v2\/posts\/29926","targetHints":{"allow":["GET"]}}],"collection":[{"href":"https:\/\/miradordeatarfe.es\/index.php?rest_route=\/wp\/v2\/posts"}],"about":[{"href":"https:\/\/miradordeatarfe.es\/index.php?rest_route=\/wp\/v2\/types\/post"}],"author":[{"embeddable":true,"href":"https:\/\/miradordeatarfe.es\/index.php?rest_route=\/wp\/v2\/users\/1"}],"replies":[{"embeddable":true,"href":"https:\/\/miradordeatarfe.es\/index.php?rest_route=%2Fwp%2Fv2%2Fcomments&post=29926"}],"version-history":[{"count":1,"href":"https:\/\/miradordeatarfe.es\/index.php?rest_route=\/wp\/v2\/posts\/29926\/revisions"}],"predecessor-version":[{"id":29928,"href":"https:\/\/miradordeatarfe.es\/index.php?rest_route=\/wp\/v2\/posts\/29926\/revisions\/29928"}],"wp:featuredmedia":[{"embeddable":true,"href":"https:\/\/miradordeatarfe.es\/index.php?rest_route=\/wp\/v2\/media\/29927"}],"wp:attachment":[{"href":"https:\/\/miradordeatarfe.es\/index.php?rest_route=%2Fwp%2Fv2%2Fmedia&parent=29926"}],"wp:term":[{"taxonomy":"category","embeddable":true,"href":"https:\/\/miradordeatarfe.es\/index.php?rest_route=%2Fwp%2Fv2%2Fcategories&post=29926"},{"taxonomy":"post_tag","embeddable":true,"href":"https:\/\/miradordeatarfe.es\/index.php?rest_route=%2Fwp%2Fv2%2Ftags&post=29926"}],"curies":[{"name":"wp","href":"https:\/\/api.w.org\/{rel}","templated":true}]}}