{"id":29962,"date":"2019-03-27T13:41:07","date_gmt":"2019-03-27T12:41:07","guid":{"rendered":"http:\/\/miradordeatarfe.es\/?p=29962"},"modified":"2019-03-27T13:28:59","modified_gmt":"2019-03-27T12:28:59","slug":"atarfe-ultima-los-trabajos-para-un-gran-centro-civico-que-albergue-a-asociaciones","status":"publish","type":"post","link":"https:\/\/miradordeatarfe.es\/?p=29962","title":{"rendered":"Atarfe ultima los trabajos para un gran centro c\u00edvico que albergue a asociaciones"},"content":{"rendered":"\n<p><em><a href=\"https:\/\/www.ahoragranada.com\/secciones\/atarfe\/\">Atarfe<\/a><\/em>&nbsp;&nbsp;| 21 marzo, 2019 &#8211; 07:00&nbsp;&nbsp;|\t\t\t\t        \n\t\t\t\t        \t\t\t\t\t                L. F. Ruiz\t\t\t\t            \t\t\t\t        \n\t\t\t\t        \t\t\t    \t\n\n\t\t\t\t\t<\/p>\n\n\n\n<p>Cuenta con una superficie de 900 metros cuadrados en la planta baja de un inmueble que se construy\u00f3 en 2008<\/p>\n\n\n\n<figure class=\"wp-block-image\"><img data-recalc-dims=\"1\" decoding=\"async\" src=\"https:\/\/i0.wp.com\/www.ahoragranada.com\/web\/wp-content\/uploads\/2019\/03\/Centro-C%C3%ADvico-Atarfe-02.jpg?w=640&#038;ssl=1\" alt=\"\" class=\"wp-image-133859\"\/><figcaption>El espacio debe ser dotado de mobiliario. Foto: L. F. R. <\/figcaption><\/figure>\n\n\n\n<p>El Ayuntamiento de <strong>Atarfe <\/strong>est\u00e1 ultimando los \ntrabajos para en los pr\u00f3ximos d\u00edas pode habilitar a sus asociaciones y \ncolectivos vecinales un gran centro c\u00edvico y casa de la juventud, que \nsirva como punto de encuentro para estos y lugar de esparcimiento. <\/p>\n\n\n\n<p>Este espacio cuenta con una superficie de 900 metros cuadrados  en la\n planta baja de un inmueble que se construy\u00f3 en 2008, est\u00e1  concebido \ncomo un lugar de encuentro donde se realicen talleres, cursos,  \nreuniones y otras actividades que fomenten la participaci\u00f3n de los  \nvecinos.<\/p>\n\n\n\n<p>Las obras empezaron a principios de marzo y se encuentran actualmente\n en su fase final, en la que se dotar\u00e1 de mobiliario a este espacio que \nser\u00e1 uno de los equipamientos de uso social que quede en el municipio. <\/p>\n\n\n\n<p>El\n centro c\u00edvico est\u00e1 ubicado en la calle Mejorana y sus dependencias \nest\u00e1n adaptadas a la ley de accesibilidad. Contar\u00e1 con cuatro talleres  \nart\u00edsticos (restauraci\u00f3n, pintura, manualidades y otro polivalente), dos\n salas de reuniones, una sala inform\u00e1tica, dos despachos, una zona de  \nestar, archivo, aseos, guardarropa y almacenes.\n\n\n\n<\/p>\n\n\n\n<p> Este espacio se suma a la remodelaci\u00f3n de centros c\u00edvicos en Sierra   Elvira y Caparacena, en este \u00faltimo espacio en unas cantinas   deterioradas que tendr\u00e1n un uso compartido desde el punto de vista   social, ha informado a <strong><a href=\"http:\/\/www.ahoragranada.com\">ahoraGranada <\/a><\/strong>el alcalde del municipio, Francisco Rodr\u00edguez. <\/p>\n\n\n\n<figure class=\"wp-block-embed-wordpress wp-block-embed is-type-wp-embed is-provider-ahora-granada\"><div class=\"wp-block-embed__wrapper\">\n<blockquote class=\"wp-embedded-content\" data-secret=\"bh6I4xZLJ2\"><a href=\"https:\/\/www.ahoragranada.com\/noticias\/atarfe-ultima-los-trabajos-para-un-gran-centro-civico-que-albergue-a-asociaciones\/\">Atarfe ultima los trabajos para un gran centro c\u00edvico que albergue a asociaciones<\/a><\/blockquote><iframe loading=\"lazy\" class=\"wp-embedded-content\" sandbox=\"allow-scripts\" security=\"restricted\" style=\"position: absolute; visibility: hidden;\" title=\"\u00abAtarfe ultima los trabajos para un gran centro c\u00edvico que albergue a asociaciones\u00bb \u2014 Ahora Granada\" src=\"https:\/\/www.ahoragranada.com\/noticias\/atarfe-ultima-los-trabajos-para-un-gran-centro-civico-que-albergue-a-asociaciones\/embed\/#?secret=xbaMKRo5ua#?secret=bh6I4xZLJ2\" data-secret=\"bh6I4xZLJ2\" width=\"600\" height=\"338\" frameborder=\"0\" marginwidth=\"0\" marginheight=\"0\" scrolling=\"no\"><\/iframe>\n<\/div><\/figure>\n","protected":false},"excerpt":{"rendered":"<p>Atarfe&nbsp;&nbsp;| 21 marzo, 2019 &#8211; 07:00&nbsp;&nbsp;| L. F. Ruiz Cuenta con una superficie de 900&#8230;<\/p>\n","protected":false},"author":1,"featured_media":29963,"comment_status":"closed","ping_status":"closed","sticky":false,"template":"","format":"standard","meta":{"_coblocks_attr":"","_coblocks_dimensions":"","_coblocks_responsive_height":"","_coblocks_accordion_ie_support":"","jetpack_post_was_ever_published":false,"_jetpack_newsletter_access":"","_jetpack_dont_email_post_to_subs":false,"_jetpack_newsletter_tier_id":0,"_jetpack_memberships_contains_paywalled_content":false,"_jetpack_memberships_contains_paid_content":false,"footnotes":"","jetpack_publicize_message":"","jetpack_publicize_feature_enabled":true,"jetpack_social_post_already_shared":false,"jetpack_social_options":{"image_generator_settings":{"template":"highway","default_image_id":0,"enabled":false},"version":2}},"categories":[2,1161,186,44,15],"tags":[1227,81],"class_list":["post-29962","post","type-post","status-publish","format-standard","has-post-thumbnail","hentry","category-atarfe","category-ciudadania","category-instituciones","category-noticias-de-hoy","category-ultimas-noticias","tag-asociaciones","tag-atarfe"],"jetpack_publicize_connections":[],"jetpack_featured_media_url":"https:\/\/i0.wp.com\/miradordeatarfe.es\/wp-content\/uploads\/2019\/03\/Centro-C%C3%ADvico-Atarfe.jpg?fit=970%2C545&ssl=1","jetpack_likes_enabled":true,"jetpack_sharing_enabled":true,"_links":{"self":[{"href":"https:\/\/miradordeatarfe.es\/index.php?rest_route=\/wp\/v2\/posts\/29962","targetHints":{"allow":["GET"]}}],"collection":[{"href":"https:\/\/miradordeatarfe.es\/index.php?rest_route=\/wp\/v2\/posts"}],"about":[{"href":"https:\/\/miradordeatarfe.es\/index.php?rest_route=\/wp\/v2\/types\/post"}],"author":[{"embeddable":true,"href":"https:\/\/miradordeatarfe.es\/index.php?rest_route=\/wp\/v2\/users\/1"}],"replies":[{"embeddable":true,"href":"https:\/\/miradordeatarfe.es\/index.php?rest_route=%2Fwp%2Fv2%2Fcomments&post=29962"}],"version-history":[{"count":1,"href":"https:\/\/miradordeatarfe.es\/index.php?rest_route=\/wp\/v2\/posts\/29962\/revisions"}],"predecessor-version":[{"id":29964,"href":"https:\/\/miradordeatarfe.es\/index.php?rest_route=\/wp\/v2\/posts\/29962\/revisions\/29964"}],"wp:featuredmedia":[{"embeddable":true,"href":"https:\/\/miradordeatarfe.es\/index.php?rest_route=\/wp\/v2\/media\/29963"}],"wp:attachment":[{"href":"https:\/\/miradordeatarfe.es\/index.php?rest_route=%2Fwp%2Fv2%2Fmedia&parent=29962"}],"wp:term":[{"taxonomy":"category","embeddable":true,"href":"https:\/\/miradordeatarfe.es\/index.php?rest_route=%2Fwp%2Fv2%2Fcategories&post=29962"},{"taxonomy":"post_tag","embeddable":true,"href":"https:\/\/miradordeatarfe.es\/index.php?rest_route=%2Fwp%2Fv2%2Ftags&post=29962"}],"curies":[{"name":"wp","href":"https:\/\/api.w.org\/{rel}","templated":true}]}}