{"id":29965,"date":"2019-03-27T08:48:49","date_gmt":"2019-03-27T07:48:49","guid":{"rendered":"http:\/\/miradordeatarfe.es\/?p=29965"},"modified":"2019-03-26T20:01:45","modified_gmt":"2019-03-26T19:01:45","slug":"atarfe-acogera-un-curso-de-monitor-de-interpretacion-del-patrimonio-dirigido-a-desempleados","status":"publish","type":"post","link":"https:\/\/miradordeatarfe.es\/?p=29965","title":{"rendered":"ATARFE  acoger\u00e1 un Curso de monitor de interpretaci\u00f3n del patrimonio dirigido a desempleados"},"content":{"rendered":"\n<p><strong> El plazo l\u00edmite para hacer la inscripci\u00f3n es HOY  27 de marzo. En  total se impartir\u00e1n 390 horas de abril a julio, y se facilitar\u00e1 a los  asistentes una ayuda de 13,45 euros por d\u00eda si carecen de rentas o  ingresos. <\/strong><\/p>\n\n\n\n<p>Atarfe acoger\u00e1 de abril a julio de 2019 un curso de formaci\u00f3n de <strong>monitor de interpretaci\u00f3n del patrimonio<\/strong>\n para favorecer la inserci\u00f3n laboral de vecinos desempleados o \npertenecientes a colectivos en situaci\u00f3n de vulnerabilidad acreditada.<\/p>\n\n\n\n<p>El curso forma parte del proyecto Granadaempleo III de la Diputaci\u00f3n \nde Granada y tiene como objetivo favorecer la inserci\u00f3n laboral y la \ninclusi\u00f3n social de personas en situaci\u00f3n de desempleo. El cupo m\u00e1ximo \nes de 17 personas y todas ellas deben estar inscritas como demandantes \nde empleo y pertenecer a alguno de los siguientes colectivos:<\/p>\n\n\n\n<ul class=\"wp-block-list\"><li>Personas desempleadas de larga duraci\u00f3n.<\/li><li>J\u00f3venes menores de 30 a\u00f1os (16-29) no atendidos en el POEJ.<\/li><li>Personas mayores de 55 a\u00f1os<\/li><li>Personas con discapacidad<\/li><li>Inmigrantes<\/li><li>Minor\u00edas \u00e9tnicas<\/li><li>V\u00edctimas de violencia de g\u00e9nero<\/li><li>Otros colectivos desfavorecidos: participantes que viven en hogares \ncompuestos de un \u00fanico adulto con hijos a su cargo; personas sin hogar o\n afectadas por la exclusi\u00f3n en materia de vivienda; v\u00edctimas de \ndiscriminaci\u00f3n por origen racial o \u00e9tnico, orientaci\u00f3n sexual e \nidentidad de g\u00e9nero; solicitantes de asilo; personas con problemas de \nadicci\u00f3n; personas reclusas y ex reclusas; perceptoras de rentas m\u00ednimas\n o salarios sociales; personas con fracaso o abandono escolar.<\/li><li>Otras personas en situaci\u00f3n de vulnerabilidad acreditada por un informe de los Servicios Sociales.<\/li><\/ul>\n\n\n\n<h5 class=\"wp-block-heading\">Ayuda econ\u00f3mica<\/h5>\n\n\n\n<p>En total se impartir\u00e1n 390 horas de formaci\u00f3n en los pr\u00f3ximos meses y\n se facilitar\u00e1 a los asistentes una ayuda econ\u00f3mica de 13,45 euros por \nd\u00eda asistido si carecen de rentas o ingresos, de cualquier naturaleza, \niguales o superiores en c\u00f3mputo mensual al 75% del Indicador P\u00fablico de \nRenta de Efectos m\u00faltiples (IMPREM).<\/p>\n\n\n\n<h5 class=\"wp-block-heading\">Plazo e inscripci\u00f3n<\/h5>\n\n\n\n<p>El <strong>plazo l\u00edmite para hacer la inscripci\u00f3n es el 27 de marz<\/strong><strong>o<\/strong>.\n El Ayuntamiento de Atarfe&nbsp;tramita la inscripci\u00f3n de las personas \ninteresadas a trav\u00e9s de la oficina del registro municipal. Tambi\u00e9n se \npuede realizar a trav\u00e9s de&nbsp;la web de la Diputaci\u00f3n ( <a href=\"https:\/\/granadaempleodiputacion.es\/\">https:\/\/granadaempleodiputacion.es\/<\/a>&nbsp;)\n o bien en el Servicio de informaci\u00f3n Orienta Andaluc\u00eda, situado en el \nCentro Cultural Medina Elvira de Atarfe, en horario de 09:00 a 14:00 \nhoras (cita previa 958436419).<\/p>\n\n\n\n<h5 class=\"wp-block-heading\"><strong>Otros cursos<\/strong><\/h5>\n\n\n\n<p>La Diputaci\u00f3n de Granada tambi\u00e9n organiza cursos en distintos  municipios de la provincia, entre ellos varios que son lim\u00edtrofes a  Atarfe a los que existe posibilidad de inscribirse siempre que se  cumplan con los requisitos anteriormente mencionados. En la web&nbsp;&nbsp;(&nbsp;<a href=\"https:\/\/granadaempleodiputacion.es\/\">https:\/\/granadaempleodiputacion.es\/<\/a>&nbsp;) se puede acceder al listado de cursos.<\/p>\n\n\n\n<figure class=\"wp-block-image\"><img data-recalc-dims=\"1\" loading=\"lazy\" decoding=\"async\" width=\"640\" height=\"905\" src=\"https:\/\/i0.wp.com\/miradordeatarfe.es\/wp-content\/uploads\/2019\/03\/54520116_2237752402955284_7320761534009835520_n.jpg?resize=640%2C905&#038;ssl=1\" alt=\"\" class=\"wp-image-29966\" srcset=\"https:\/\/i0.wp.com\/miradordeatarfe.es\/wp-content\/uploads\/2019\/03\/54520116_2237752402955284_7320761534009835520_n.jpg?w=679&amp;ssl=1 679w, https:\/\/i0.wp.com\/miradordeatarfe.es\/wp-content\/uploads\/2019\/03\/54520116_2237752402955284_7320761534009835520_n.jpg?resize=212%2C300&amp;ssl=1 212w, https:\/\/i0.wp.com\/miradordeatarfe.es\/wp-content\/uploads\/2019\/03\/54520116_2237752402955284_7320761534009835520_n.jpg?resize=600%2C848&amp;ssl=1 600w\" sizes=\"auto, (max-width: 640px) 100vw, 640px\" \/><\/figure>\n","protected":false},"excerpt":{"rendered":"<p>El plazo l\u00edmite para hacer la inscripci\u00f3n es HOY 27 de marzo. En total se&#8230;<\/p>\n","protected":false},"author":1,"featured_media":29967,"comment_status":"closed","ping_status":"closed","sticky":false,"template":"","format":"standard","meta":{"_coblocks_attr":"","_coblocks_dimensions":"","_coblocks_responsive_height":"","_coblocks_accordion_ie_support":"","jetpack_post_was_ever_published":false,"_jetpack_newsletter_access":"","_jetpack_dont_email_post_to_subs":false,"_jetpack_newsletter_tier_id":0,"_jetpack_memberships_contains_paywalled_content":false,"_jetpack_memberships_contains_paid_content":false,"footnotes":"","jetpack_publicize_message":"","jetpack_publicize_feature_enabled":true,"jetpack_social_post_already_shared":false,"jetpack_social_options":{"image_generator_settings":{"template":"highway","default_image_id":0,"enabled":false},"version":2}},"categories":[2,1161,44,15],"tags":[81,5843],"class_list":["post-29965","post","type-post","status-publish","format-standard","has-post-thumbnail","hentry","category-atarfe","category-ciudadania","category-noticias-de-hoy","category-ultimas-noticias","tag-atarfe","tag-curso-desempleados"],"jetpack_publicize_connections":[],"jetpack_featured_media_url":"https:\/\/i0.wp.com\/miradordeatarfe.es\/wp-content\/uploads\/2019\/03\/111.png?fit=837%2C511&ssl=1","jetpack_likes_enabled":true,"jetpack_sharing_enabled":true,"_links":{"self":[{"href":"https:\/\/miradordeatarfe.es\/index.php?rest_route=\/wp\/v2\/posts\/29965","targetHints":{"allow":["GET"]}}],"collection":[{"href":"https:\/\/miradordeatarfe.es\/index.php?rest_route=\/wp\/v2\/posts"}],"about":[{"href":"https:\/\/miradordeatarfe.es\/index.php?rest_route=\/wp\/v2\/types\/post"}],"author":[{"embeddable":true,"href":"https:\/\/miradordeatarfe.es\/index.php?rest_route=\/wp\/v2\/users\/1"}],"replies":[{"embeddable":true,"href":"https:\/\/miradordeatarfe.es\/index.php?rest_route=%2Fwp%2Fv2%2Fcomments&post=29965"}],"version-history":[{"count":2,"href":"https:\/\/miradordeatarfe.es\/index.php?rest_route=\/wp\/v2\/posts\/29965\/revisions"}],"predecessor-version":[{"id":29969,"href":"https:\/\/miradordeatarfe.es\/index.php?rest_route=\/wp\/v2\/posts\/29965\/revisions\/29969"}],"wp:featuredmedia":[{"embeddable":true,"href":"https:\/\/miradordeatarfe.es\/index.php?rest_route=\/wp\/v2\/media\/29967"}],"wp:attachment":[{"href":"https:\/\/miradordeatarfe.es\/index.php?rest_route=%2Fwp%2Fv2%2Fmedia&parent=29965"}],"wp:term":[{"taxonomy":"category","embeddable":true,"href":"https:\/\/miradordeatarfe.es\/index.php?rest_route=%2Fwp%2Fv2%2Fcategories&post=29965"},{"taxonomy":"post_tag","embeddable":true,"href":"https:\/\/miradordeatarfe.es\/index.php?rest_route=%2Fwp%2Fv2%2Ftags&post=29965"}],"curies":[{"name":"wp","href":"https:\/\/api.w.org\/{rel}","templated":true}]}}