{"id":30029,"date":"2019-03-31T11:53:41","date_gmt":"2019-03-31T09:53:41","guid":{"rendered":"http:\/\/miradordeatarfe.es\/?p=30029"},"modified":"2020-06-26T13:26:48","modified_gmt":"2020-06-26T11:26:48","slug":"ya-estan-aqui-las-las-procesiones-por-juan-alfredo-bellon","status":"publish","type":"post","link":"https:\/\/miradordeatarfe.es\/?p=30029","title":{"rendered":"YA EST\u00c1N AQU\u00cd LAS LAS PROCESIONES por JUAN ALFREDO BELL\u00d3N"},"content":{"rendered":"\n<p> <br>YA EST\u00c1N AQU\u00cd LAS LAS PROCESIONES por JUAN ALFREDO BELL\u00d3N<strong>para  EL MIRADOR DE ATARFE del domingo 31 de marzo de 2019<\/strong> <em><br><\/em><\/p>\n\n\n\n<p> \t<em>Ya\nest\u00e1n aqu\u00ed, \/ llegaron ya \/ a la llamada del amor: \/ se est\u00e1\nmuriendo \/ la mam\u00e1\u2026 <\/em>(con\npermiso de Charles Aznavour que est\u00e1 en los cielos).<em>\n<\/em>Y\nel caso es que la noticia, referida a los desfiles procesionales de\nla Semana Santa, no resulta del todo falsa aunque tampoco coincide\ncon la realidad al pie de la letra, porque la Semana Santa, celebrada\ncon el boato popular, y a la espa\u00f1ola, m\u00e1s o menos merdionalizada,\nse va diluyendo tal un azucarillo en la globalizaci\u00f3n estandarizante\nde la vida moderna y, aunque  eso sea y parezca verdad, tambi\u00e9n lo\nes que, en la modernidad, siempre queda un resquicio<em>\npara la ruralidad de la Espa\u00f1a despoblada, <\/em>que\nahora est\u00e1 tan de moda, sea por lo alternativo de su propuesta, a lo\n<em>dernier crie, <\/em>ya\npor lo elaborado de su modernidad <em>vegana\ny ecol\u00f3gica <\/em>frente\n<em>lo tradicional\narcaizante y de cagarruta, ya<\/em>\npor lo simplemente na\u00eff, por poco elaborado pero ex\u00f3tico, por la\nsimplicidad de lo contradictorio tradicionalista y de las JONS.<em>.<\/em><\/p>\n\n\n\n<p><em>\tTotal\nque la primavera y el alborozo de los capillitas han venido parejos y\nyo no s\u00e9 c\u00f3mo ha sido, pero mi barrio albaycinero est\u00e1 lleno de\nhorteras de toda condici\u00f3n, vestidos con su despampanante h\u00e1bito de\ncapillita em\u00e9rito de pre-semanasantear (pantal\u00f3n oscuro\nchiripitifl\u00e1utico, camisa blanqimpoluta, chaqueta y corbata a juego,\nce\u00f1id\u00edsimas y aderezos de compa\u00f1a, incluidos unos zapatos\npuntif\u00ednos de los que hacen los pies polvo de tanto apretar). Van\npor la cuesta del Chapiz, como los pavos, arrastrando el moco y\ntirando de la parienta, que oficia de diaconesa secundaria a su vera,\ncon las costuras de las medias m\u00e1s torcidas que la carretera de la\nSierra y los tacones forzados como un sacacorchos de las Bodegas\nCasta\u00f1eda; la mantilla arrastrando, encasquetada en la peina de\nn\u00e1car fino filipino y el traje, rapicorto y ajustado, de terciopelo\nnegro brillante y refulgiendo m\u00e1s que el sol: al pasar rayo por el\ncristal, sin romperlo ni mancharlo.<\/em><\/p>\n\n\n\n<p><em>\t<\/em>Tengo\nyo un muy amigo <em>albizinero\n<\/em>cuyo\nabuelo, artesano y romanero de profesi\u00f3n,<em>\n<\/em>abofete\u00f3\nsonoramente a su abuela, que pasaba por bordar las saetas, porque se\nresisti\u00f3 a cantar una (aunque acab\u00f3 cant\u00e1ndola entrehipidos) en la\ncatedral, dedicada a un paso del barrio. Pero, para se\u00f1oritos\nabulenses catetos, aunque duques de Su\u00e1rez-Illana, el primer v\u00e1stago\ndel a\u00f1orado presidente del Gobierno en la Transici\u00f3n, ahora\nvice-primer candidato del PP por Madrid tras Casado, que ha comparado\na las abortistas con los neardentales asesinos de sus hijos no\ndeseados, degoll\u00e1ndolos sin piedad y Vargas Llosa le ha exigido\nexplicaciones.<\/p>\n\n\n\n<p><em>\tY<\/em>\nluego va la pol\u00e9mica entre Aznar y Abascal sobre  la verdadera\nderecha y los se\u00f1oritos <em>cobardicas\nque la han liderado<\/em>.\nOj\u00fa, c\u00f3mo est\u00e1 el patio con estos comicios semanasanteros: al\nfinal, cada uno acabar\u00e1 diciendo lo que de verdad piensa y ser\u00e1 una\nceremonia de la confusi\u00f3n a trav\u00e9s de la verdad, pese a quien pese,\nescribiendo todos derecho con renglones torcidos y as\u00ed salidremos\nganando y hasta gratis, como los hijos de Zebedeo en las Bodas de\nCana\u00e1n, incluyendo a Judas y a los Cuarenta Ladrones, tal y como\naparecen en el <em>Cenacolo\nVinciano <\/em>y\nel Cristo que los fund\u00f3.<\/p>\n\n\n\n<p>\tApa\u00f1ados\nvamos en la Cuaresma haciendo rogativas ardientes para que diluvie un\na\u00f1o m\u00e1s y se nos alegren las pajarillas con el contra-cambio\nclim\u00e1tico y tengan los santos ysus pasos que salir como en el\ndescenso del Sella: pero no en piragua sino bajo palio y sobre\ncatamar\u00e1n. Y cuando lleguen de verdad las procesiones, me consolar\u00e9\ncomi\u00e9ndome \n<\/p>\n\n\n\n<p>\nun hornazo mojado en chocolate de mi amigo Miguel, el panadero de\nAlfacar, como  frugal colaci\u00f3n con la que celebrar la crucifixi\u00f3n\ndel Cristo visitando al Se\u00f1or de las Lentillas, que luce postrado a\ncuatro patas, busc\u00e1ndolas, sobre una mesa r\u00fastica y bajo un fanal,\nen el Carmen de los M\u00e1rtires, lugar carmelitano donde los haya y por\neso tan digno de respeto.<\/p>\n","protected":false},"excerpt":{"rendered":"<p>YA EST\u00c1N AQU\u00cd LAS LAS PROCESIONES por JUAN ALFREDO BELL\u00d3Npara EL MIRADOR DE ATARFE del&#8230;<\/p>\n","protected":false},"author":1,"featured_media":30030,"comment_status":"closed","ping_status":"closed","sticky":false,"template":"","format":"standard","meta":{"_coblocks_attr":"","_coblocks_dimensions":"","_coblocks_responsive_height":"","_coblocks_accordion_ie_support":"","jetpack_post_was_ever_published":false,"_jetpack_newsletter_access":"","_jetpack_dont_email_post_to_subs":false,"_jetpack_newsletter_tier_id":0,"_jetpack_memberships_contains_paywalled_content":false,"_jetpack_memberships_contains_paid_content":false,"footnotes":"","jetpack_publicize_message":"","jetpack_publicize_feature_enabled":true,"jetpack_social_post_already_shared":false,"jetpack_social_options":{"image_generator_settings":{"template":"highway","default_image_id":0,"enabled":false},"version":2}},"categories":[1161,186,36,44,15],"tags":[807,42,315],"class_list":["post-30029","post","type-post","status-publish","format-standard","has-post-thumbnail","hentry","category-ciudadania","category-instituciones","category-opinion-de-juan-alfredo-bellon","category-noticias-de-hoy","category-ultimas-noticias","tag-ciudadania","tag-politica","tag-semana-santa"],"jetpack_publicize_connections":[],"jetpack_featured_media_url":"https:\/\/i0.wp.com\/miradordeatarfe.es\/wp-content\/uploads\/2019\/03\/quino-al-1319898-unsplash.jpg?fit=5760%2C3840&ssl=1","jetpack_likes_enabled":true,"jetpack_sharing_enabled":true,"_links":{"self":[{"href":"https:\/\/miradordeatarfe.es\/index.php?rest_route=\/wp\/v2\/posts\/30029","targetHints":{"allow":["GET"]}}],"collection":[{"href":"https:\/\/miradordeatarfe.es\/index.php?rest_route=\/wp\/v2\/posts"}],"about":[{"href":"https:\/\/miradordeatarfe.es\/index.php?rest_route=\/wp\/v2\/types\/post"}],"author":[{"embeddable":true,"href":"https:\/\/miradordeatarfe.es\/index.php?rest_route=\/wp\/v2\/users\/1"}],"replies":[{"embeddable":true,"href":"https:\/\/miradordeatarfe.es\/index.php?rest_route=%2Fwp%2Fv2%2Fcomments&post=30029"}],"version-history":[{"count":1,"href":"https:\/\/miradordeatarfe.es\/index.php?rest_route=\/wp\/v2\/posts\/30029\/revisions"}],"predecessor-version":[{"id":30031,"href":"https:\/\/miradordeatarfe.es\/index.php?rest_route=\/wp\/v2\/posts\/30029\/revisions\/30031"}],"wp:featuredmedia":[{"embeddable":true,"href":"https:\/\/miradordeatarfe.es\/index.php?rest_route=\/wp\/v2\/media\/30030"}],"wp:attachment":[{"href":"https:\/\/miradordeatarfe.es\/index.php?rest_route=%2Fwp%2Fv2%2Fmedia&parent=30029"}],"wp:term":[{"taxonomy":"category","embeddable":true,"href":"https:\/\/miradordeatarfe.es\/index.php?rest_route=%2Fwp%2Fv2%2Fcategories&post=30029"},{"taxonomy":"post_tag","embeddable":true,"href":"https:\/\/miradordeatarfe.es\/index.php?rest_route=%2Fwp%2Fv2%2Ftags&post=30029"}],"curies":[{"name":"wp","href":"https:\/\/api.w.org\/{rel}","templated":true}]}}