{"id":30067,"date":"2019-04-01T11:19:58","date_gmt":"2019-04-01T09:19:58","guid":{"rendered":"http:\/\/miradordeatarfe.es\/?p=30067"},"modified":"2019-04-01T10:28:28","modified_gmt":"2019-04-01T08:28:28","slug":"remontada-atarfena-para-seguir-sonando-2-1","status":"publish","type":"post","link":"https:\/\/miradordeatarfe.es\/?p=30067","title":{"rendered":"Remontada atarfe\u00f1a para seguir so\u00f1ando, 2-1"},"content":{"rendered":"\n<p> <strong>El Atarfe derrota al Martos y se pone a cinco puntos de la zona de permanencia \u00a0<\/strong><\/p>\n\n\n\n<p>\nEl Atarfe de manera merecida aunque con suspense y remontada gana \nal Martos para igualar con los jienenses en la tabla y mantener la \ndiferencia de 5 puntos con la salvaci\u00f3n.&nbsp;<br>Toc\u00f3 y\n seguir\u00e1 tocando sufrir. El partido era una final para ambos y el Atarfe\n fue el que mejor lo leyo domino casi por completo g\u00e9nero un sin fin de \nllegadas pero no finaliz\u00f3 incluso tuvo a los 25 minutos la ocasi\u00f3n para \nadelantarse gracias a un penalti que lanz\u00f3 Dani Salvatierra pero qu\u00e9 \nparo Nauzet.&nbsp;&nbsp;<br>Un remate a la media vuelta de \nAriza y otro intento de Alfonso que se topo con un defensor no acabaron \nel gol por muy poco. Pero el Martos, que andaba algo perdido hizo da\u00f1o a\n bal\u00f3n parado en su primera y \u00fanica llegada del primer tiempo por medio \nde Paolo,&nbsp; a los 36 minutos al rematar en plancha una falta lateral \nbotada por Sutil. Demasiado premio para unos y demasiado castigo para \nlos otros el cuadro verdi blanco supo recuperarse y antes del descanso \naunque no finaliz\u00f3 un par de llegada si que dio la sensaci\u00f3n de que con \nalgo m\u00e1s de suerte el marcador cambiar\u00eda.<br>El \nmarcador pudo cambiar en el primer minuto de la reanudaci\u00f3n con una \ndoble acci\u00f3n local primero con un testarazo de Alfonso a centro de \nMarcos que env\u00edo de manera magistral a c\u00f3rner Nauzet, de&nbsp; ese c\u00f3rner \nnaci\u00f3&nbsp; una media chilena del propio Alfonso que se estrella en la \ncruceta. El tiempo pasa en favor de un Martos que sigue manteniendo el \ntipo como puede y el 0-1 ante un Atarfe que no desespera pero que a \nveces se precipita a falta de 15 minutos Jorge Moreno ordena una \nreestructuraci\u00f3n qued\u00e1ndose con tres defensas y el Atarfe encierra en su\n campo a los jienenses. En el 75 otro penalti significa el 1\u20141, Adri a \nlo Panenka pone el empate y en el 86 Jordi culmina la remontada batiendo\n con calidad al meta visitante en su media salida.<br>El\n Atarfe con tres victorias un empate y solo una derrota en las \u00faltimas 6\n jornadas sigue m\u00e1s vivo que nunca y so\u00f1ando con la permanencia la \npr\u00f3xima jornada en &#8216;Las Vi\u00f1as&#8217; ante el Hu\u00e9tor Vega jugar\u00e1 otra final. <br><\/p>\n\n\n\n<p><strong>Atarfe Industrial<\/strong>: Fidel, Jordi, Marcos Toro, Sergio Bustos,\nAntonio Salvatierra, Pablo, Dani Salvatierra, Alex Ortega (Adri Castro, m.63),\nAlfonso (Juanfran, m.72), Moi G\u00f3mez (Aya, m.89) y Paco Ariza. <\/p>\n\n\n\n<p><strong>Martos CD<\/strong>: Nauzet, Adil, Fernando (Marc Rueda, m.85), Javi\n(Chechu, m.14), Horno, Alex, \u00c1lvaro, Borja, Paolo, Sutil y Mart\u00ednez (Enrique,\nm.87). <\/p>\n\n\n\n<p><strong>Goles<\/strong>: 0-1, m.37: Paolo; 1-1 m.76: Adri Castro (p); 2-1, m.86:\nJordi. <\/p>\n\n\n\n<p>\u00c1rbitro: Guti\u00e9rrez P\u00e9rez (M\u00e1laga). Amonest\u00f3 a los locales Paco Ariza, Pablo, Alfonso y Sergio Bustos, as\u00ed como a los visitantes Horno, Sutil, Adil, Paolo y \u00c1lvaro. Expuls\u00f3 a los visitantes Nauzet con doble amarilla (m.87) y Horno (m.93) y con roja directa a Mart\u00ednez (m.90)<strong>Incidencias<\/strong>: Encuentro disputado en el Municipal de Atarfe ante unos 150 espectadores.   <br><\/p>\n\n\n\n<p>JES\u00daS ROSILLO \/ATARFE | <br>redaccion@granadaenjuego.com<\/p>\n\n\n\n<p>FOTO:  <br>El Atarfe celebra el gol de la victoria de Jordi (J. PALMA) <a href=\"https:\/\/www.granadaenjuego.com\/seccion\/Atarfe-Industrial-\/pub\/37854\/v\/29\">https:\/\/www.granadaenjuego.com\/seccion\/Atarfe-Industrial-\/pub\/37854\/v\/29<\/a><br><\/p>\n","protected":false},"excerpt":{"rendered":"<p>El Atarfe derrota al Martos y se pone a cinco puntos de la zona de&#8230;<\/p>\n","protected":false},"author":1,"featured_media":30068,"comment_status":"closed","ping_status":"closed","sticky":false,"template":"","format":"standard","meta":{"_coblocks_attr":"","_coblocks_dimensions":"","_coblocks_responsive_height":"","_coblocks_accordion_ie_support":"","jetpack_post_was_ever_published":false,"_jetpack_newsletter_access":"","_jetpack_dont_email_post_to_subs":false,"_jetpack_newsletter_tier_id":0,"_jetpack_memberships_contains_paywalled_content":false,"_jetpack_memberships_contains_paid_content":false,"footnotes":"","jetpack_publicize_message":"","jetpack_publicize_feature_enabled":true,"jetpack_social_post_already_shared":false,"jetpack_social_options":{"image_generator_settings":{"template":"highway","default_image_id":0,"enabled":false},"version":2}},"categories":[2,182,44,15],"tags":[81,123,666],"class_list":["post-30067","post","type-post","status-publish","format-standard","has-post-thumbnail","hentry","category-atarfe","category-deportes","category-noticias-de-hoy","category-ultimas-noticias","tag-atarfe","tag-deportes","tag-futbol"],"jetpack_publicize_connections":[],"jetpack_featured_media_url":"https:\/\/i0.wp.com\/miradordeatarfe.es\/wp-content\/uploads\/2019\/04\/imagennoticia37854_0.jpg?fit=450%2C313&ssl=1","jetpack_likes_enabled":true,"jetpack_sharing_enabled":true,"_links":{"self":[{"href":"https:\/\/miradordeatarfe.es\/index.php?rest_route=\/wp\/v2\/posts\/30067","targetHints":{"allow":["GET"]}}],"collection":[{"href":"https:\/\/miradordeatarfe.es\/index.php?rest_route=\/wp\/v2\/posts"}],"about":[{"href":"https:\/\/miradordeatarfe.es\/index.php?rest_route=\/wp\/v2\/types\/post"}],"author":[{"embeddable":true,"href":"https:\/\/miradordeatarfe.es\/index.php?rest_route=\/wp\/v2\/users\/1"}],"replies":[{"embeddable":true,"href":"https:\/\/miradordeatarfe.es\/index.php?rest_route=%2Fwp%2Fv2%2Fcomments&post=30067"}],"version-history":[{"count":2,"href":"https:\/\/miradordeatarfe.es\/index.php?rest_route=\/wp\/v2\/posts\/30067\/revisions"}],"predecessor-version":[{"id":30071,"href":"https:\/\/miradordeatarfe.es\/index.php?rest_route=\/wp\/v2\/posts\/30067\/revisions\/30071"}],"wp:featuredmedia":[{"embeddable":true,"href":"https:\/\/miradordeatarfe.es\/index.php?rest_route=\/wp\/v2\/media\/30068"}],"wp:attachment":[{"href":"https:\/\/miradordeatarfe.es\/index.php?rest_route=%2Fwp%2Fv2%2Fmedia&parent=30067"}],"wp:term":[{"taxonomy":"category","embeddable":true,"href":"https:\/\/miradordeatarfe.es\/index.php?rest_route=%2Fwp%2Fv2%2Fcategories&post=30067"},{"taxonomy":"post_tag","embeddable":true,"href":"https:\/\/miradordeatarfe.es\/index.php?rest_route=%2Fwp%2Fv2%2Ftags&post=30067"}],"curies":[{"name":"wp","href":"https:\/\/api.w.org\/{rel}","templated":true}]}}