{"id":30082,"date":"2019-04-04T08:37:52","date_gmt":"2019-04-04T06:37:52","guid":{"rendered":"http:\/\/miradordeatarfe.es\/?p=30082"},"modified":"2019-04-03T13:52:17","modified_gmt":"2019-04-03T11:52:17","slug":"el-equipo-de-voleibol-de-atarfesubcampeonas-de-la-primera-division-andaluza","status":"publish","type":"post","link":"https:\/\/miradordeatarfe.es\/?p=30082","title":{"rendered":"El equipo de voleibol de ATARFE:SUBCAMPEONAS de la Primera Divisi\u00f3n Andaluza."},"content":{"rendered":"\n<h4 class=\"wp-block-heading\"> El  equipo m\u00e1s joven de la Categor\u00eda consigue el Segundo Puesto en la  Primera Divisi\u00f3n Andaluza, evidenciando su progresi\u00f3n durante la  temporada. <\/h4>\n\n\n\n<p>El mejor equipo de la Segunda Vuelta, consigue terminar  invicto en el 2019 ganando su \u00faltimo partido de la Liga Regular ante el  CV G\u00f3jar por tanteo 3-0.Nuestras \u00abLEONAS de GRANADA\u00bb luchar\u00e1n por el Ascenso de categor\u00eda en las pr\u00f3ximas fechas.<\/p>\n\n\n\n<p><br><em>La  semana que viene nuestras chicas defender\u00e1n el t\u00edtulo de Campeonas de  Andaluc\u00eda Juveniles que ya consiguieron la temporada pasada<\/em>.<\/p>\n\n\n\n<p><br>En la Liga Provincial Federada obtuvimos los siguientes resultados:La R\u00e1bita 0 &#8211; CDU ATARFE 3, Categor\u00eda Cadete.\u00a0<br>Por  \u00faltimo, en los Juegos Deportivos de Diputaci\u00f3n nuestro equipo se impuso  por 2-0 a Albolote \u00abB\u00bb y perdi\u00f3 2-1 contra Albolote \u00abA\u00bb.\u00a0<br><\/p>\n","protected":false},"excerpt":{"rendered":"<p>El equipo m\u00e1s joven de la Categor\u00eda consigue el Segundo Puesto en la Primera Divisi\u00f3n&#8230;<\/p>\n","protected":false},"author":1,"featured_media":30083,"comment_status":"closed","ping_status":"closed","sticky":false,"template":"","format":"standard","meta":{"_coblocks_attr":"","_coblocks_dimensions":"","_coblocks_responsive_height":"","_coblocks_accordion_ie_support":"","jetpack_post_was_ever_published":false,"_jetpack_newsletter_access":"","_jetpack_dont_email_post_to_subs":false,"_jetpack_newsletter_tier_id":0,"_jetpack_memberships_contains_paywalled_content":false,"_jetpack_memberships_contains_paid_content":false,"footnotes":"","jetpack_publicize_message":"","jetpack_publicize_feature_enabled":true,"jetpack_social_post_already_shared":false,"jetpack_social_options":{"image_generator_settings":{"template":"highway","default_image_id":0,"enabled":false},"version":2}},"categories":[2,182,44,15],"tags":[81,123,727],"class_list":["post-30082","post","type-post","status-publish","format-standard","has-post-thumbnail","hentry","category-atarfe","category-deportes","category-noticias-de-hoy","category-ultimas-noticias","tag-atarfe","tag-deportes","tag-voleibol"],"jetpack_publicize_connections":[],"jetpack_featured_media_url":"https:\/\/i0.wp.com\/miradordeatarfe.es\/wp-content\/uploads\/2019\/04\/FB_IMG_1554059567803.jpg?fit=1128%2C540&ssl=1","jetpack_likes_enabled":true,"jetpack_sharing_enabled":true,"_links":{"self":[{"href":"https:\/\/miradordeatarfe.es\/index.php?rest_route=\/wp\/v2\/posts\/30082","targetHints":{"allow":["GET"]}}],"collection":[{"href":"https:\/\/miradordeatarfe.es\/index.php?rest_route=\/wp\/v2\/posts"}],"about":[{"href":"https:\/\/miradordeatarfe.es\/index.php?rest_route=\/wp\/v2\/types\/post"}],"author":[{"embeddable":true,"href":"https:\/\/miradordeatarfe.es\/index.php?rest_route=\/wp\/v2\/users\/1"}],"replies":[{"embeddable":true,"href":"https:\/\/miradordeatarfe.es\/index.php?rest_route=%2Fwp%2Fv2%2Fcomments&post=30082"}],"version-history":[{"count":1,"href":"https:\/\/miradordeatarfe.es\/index.php?rest_route=\/wp\/v2\/posts\/30082\/revisions"}],"predecessor-version":[{"id":30084,"href":"https:\/\/miradordeatarfe.es\/index.php?rest_route=\/wp\/v2\/posts\/30082\/revisions\/30084"}],"wp:featuredmedia":[{"embeddable":true,"href":"https:\/\/miradordeatarfe.es\/index.php?rest_route=\/wp\/v2\/media\/30083"}],"wp:attachment":[{"href":"https:\/\/miradordeatarfe.es\/index.php?rest_route=%2Fwp%2Fv2%2Fmedia&parent=30082"}],"wp:term":[{"taxonomy":"category","embeddable":true,"href":"https:\/\/miradordeatarfe.es\/index.php?rest_route=%2Fwp%2Fv2%2Fcategories&post=30082"},{"taxonomy":"post_tag","embeddable":true,"href":"https:\/\/miradordeatarfe.es\/index.php?rest_route=%2Fwp%2Fv2%2Ftags&post=30082"}],"curies":[{"name":"wp","href":"https:\/\/api.w.org\/{rel}","templated":true}]}}