{"id":30157,"date":"2019-04-03T11:30:37","date_gmt":"2019-04-03T09:30:37","guid":{"rendered":"http:\/\/miradordeatarfe.es\/?p=30157"},"modified":"2019-04-02T12:22:31","modified_gmt":"2019-04-02T10:22:31","slug":"el-ceip-clara-campoamor-de-atarfe-consigue-la-bandera-verde-de-las-ecoescuelas","status":"publish","type":"post","link":"https:\/\/miradordeatarfe.es\/?p=30157","title":{"rendered":"EL CEIP CLARA CAMPOAMOR DE ATARFE CONSIGUE LA BANDERA VERDE DE LAS ECOESCUELAS"},"content":{"rendered":"\n<h4 class=\"wp-block-heading\">En reconocimiento a aquellos centros que consiguen determinados \nniveles de mejora, la Red Andaluza de Ecoescuelas contempla la concesi\u00f3n\n del galard\u00f3n Bandera Verde.<\/h4>\n\n\n\n<p>La Bandera Verde, con el logotipo del programa, es un referente  internacional que identifica al centro galardonado como modelo de  calidad educativa y de coherencia ambiental.Para su concesi\u00f3n, los centros pertenecientes a la Red Andaluza de  Ecoescuelas han tenido que cumplir los objetivos generales del programa<\/p>\n\n\n\n<ul class=\"wp-block-list\"><li>Generar en el centro una organizaci\u00f3n din\u00e1mica e integradora de todos los agentes implicados.<\/li><li>Desarrollar el proceso metodol\u00f3gico del programa con cada uno de los temas.<\/li><li>Impulsar significativamente un cambio de actitudes y  comportamientos,tanto en el alumnado como en los diferentes sectores de  la comunidad educativa implicados en el proceso.<\/li><li>Mejorar la calidad y coherencia ambiental del centro educativo en los cuatro temas que se trabajan.<\/li><li><\/li><\/ul>\n\n\n\n<p> El acto de entrega tendr\u00e1  lugar el <strong>29 de abril, en Granada<\/strong>. La Secretar\u00eda Educativa,  encargada de la dinamizaci\u00f3n del programa en la provincia va a facilitar que un  grupo de  personas del centro puedan asistir al acto y comunicar\u00e1 las actividades que se llevar\u00e1n a cabo. <\/p>\n\n\n\n<div class=\"wp-block-image\"><figure class=\"aligncenter\"><img data-recalc-dims=\"1\" loading=\"lazy\" decoding=\"async\" width=\"220\" height=\"241\" src=\"https:\/\/i0.wp.com\/miradordeatarfe.es\/wp-content\/uploads\/2019\/04\/logo_ecoescuelas.jpg?resize=220%2C241&#038;ssl=1\" alt=\"\" class=\"wp-image-30158\"\/><figcaption>logo del programa Ecoescuelas<br><br><\/figcaption><\/figure><\/div>\n","protected":false},"excerpt":{"rendered":"<p>En reconocimiento a aquellos centros que consiguen determinados niveles de mejora, la Red Andaluza de&#8230;<\/p>\n","protected":false},"author":1,"featured_media":30159,"comment_status":"closed","ping_status":"closed","sticky":false,"template":"","format":"standard","meta":{"_coblocks_attr":"","_coblocks_dimensions":"","_coblocks_responsive_height":"","_coblocks_accordion_ie_support":"","jetpack_post_was_ever_published":false,"_jetpack_newsletter_access":"","_jetpack_dont_email_post_to_subs":false,"_jetpack_newsletter_tier_id":0,"_jetpack_memberships_contains_paywalled_content":false,"_jetpack_memberships_contains_paid_content":false,"footnotes":"","jetpack_publicize_message":"","jetpack_publicize_feature_enabled":true,"jetpack_social_post_already_shared":false,"jetpack_social_options":{"image_generator_settings":{"template":"highway","default_image_id":0,"enabled":false},"version":2}},"categories":[2,187,44,15],"tags":[5869,5868,99],"class_list":["post-30157","post","type-post","status-publish","format-standard","has-post-thumbnail","hentry","category-atarfe","category-centros-educativos","category-noticias-de-hoy","category-ultimas-noticias","tag-bandera-verde","tag-ecoescuelas","tag-medio-ambiente"],"jetpack_publicize_connections":[],"jetpack_featured_media_url":"https:\/\/i0.wp.com\/miradordeatarfe.es\/wp-content\/uploads\/2019\/04\/bandera-verde-ecoescuelas-web.jpg?fit=750%2C563&ssl=1","jetpack_likes_enabled":true,"jetpack_sharing_enabled":true,"_links":{"self":[{"href":"https:\/\/miradordeatarfe.es\/index.php?rest_route=\/wp\/v2\/posts\/30157","targetHints":{"allow":["GET"]}}],"collection":[{"href":"https:\/\/miradordeatarfe.es\/index.php?rest_route=\/wp\/v2\/posts"}],"about":[{"href":"https:\/\/miradordeatarfe.es\/index.php?rest_route=\/wp\/v2\/types\/post"}],"author":[{"embeddable":true,"href":"https:\/\/miradordeatarfe.es\/index.php?rest_route=\/wp\/v2\/users\/1"}],"replies":[{"embeddable":true,"href":"https:\/\/miradordeatarfe.es\/index.php?rest_route=%2Fwp%2Fv2%2Fcomments&post=30157"}],"version-history":[{"count":2,"href":"https:\/\/miradordeatarfe.es\/index.php?rest_route=\/wp\/v2\/posts\/30157\/revisions"}],"predecessor-version":[{"id":30163,"href":"https:\/\/miradordeatarfe.es\/index.php?rest_route=\/wp\/v2\/posts\/30157\/revisions\/30163"}],"wp:featuredmedia":[{"embeddable":true,"href":"https:\/\/miradordeatarfe.es\/index.php?rest_route=\/wp\/v2\/media\/30159"}],"wp:attachment":[{"href":"https:\/\/miradordeatarfe.es\/index.php?rest_route=%2Fwp%2Fv2%2Fmedia&parent=30157"}],"wp:term":[{"taxonomy":"category","embeddable":true,"href":"https:\/\/miradordeatarfe.es\/index.php?rest_route=%2Fwp%2Fv2%2Fcategories&post=30157"},{"taxonomy":"post_tag","embeddable":true,"href":"https:\/\/miradordeatarfe.es\/index.php?rest_route=%2Fwp%2Fv2%2Ftags&post=30157"}],"curies":[{"name":"wp","href":"https:\/\/api.w.org\/{rel}","templated":true}]}}