{"id":30176,"date":"2019-04-04T12:05:01","date_gmt":"2019-04-04T10:05:01","guid":{"rendered":"http:\/\/miradordeatarfe.es\/?p=30176"},"modified":"2019-04-04T12:15:38","modified_gmt":"2019-04-04T10:15:38","slug":"xxiii-gala-de-apiema","status":"publish","type":"post","link":"https:\/\/miradordeatarfe.es\/?p=30176","title":{"rendered":"XXIII GALA DE APIEMA"},"content":{"rendered":"\n<h4 class=\"wp-block-heading\">Como todos los a\u00f1os el VIERNES 5 DE ABRIL DE 2019, APIEMA, trata de recaudar fondos para atender a todas aquellas personas que son atendidas en la Asociaci\u00f3n para la Integraci\u00f3n de Enfermos y Minusv\u00e1lidos de Atarfe<\/h4>\n\n\n\n<p> Ma\u00f1ana, viernes, se celebra en el <a href=\"https:\/\/www.facebook.com\/CentroCulturalMedinaElvira\/?__tn__=K-R&amp;eid=ARBovQ5qlfMivFK0qBNhTqDHps_ipgtr5Q_yj8PwfI8V7kPGptO6tXfqsxOLSjio1nY6fgFJermiHAJO&amp;fref=mentions&amp;__xts__%5B0%5D=68.ARCoVGtLXXPPuE-OmL8AIcJ8q2gVJSnVE69Ltz3n7sqjs1yrv7lcch75yGXt6ndoxrVEPWfvxb8uiducH9XoeSFxciW87d1DABlKaO37_XRklO0P4iP7RVpD5n_UbLtBaNI9pHryif7bCXuXP6KRUlFJbiBLQmvRYX7XySF39JoW2Zx2Yyow00xTcDLWnOP81lDR0FaqpyyrtsglVSR863OtY_2G7hyup4fzUuuZfGjTalgxU1iA8YFmMv48ac7qdisr0flahYCKCBf0omA8eQlG9VC04M19aGNlymUAg8Xj2R113WvRllp-ryR6-Dbfldas6xxn_4rwhTqqNpgYSE2u2g\">Centro Cultural Medina Elvira<\/a> la XXIII edici\u00f3n de la Gala de la Asociaci\u00f3n <a href=\"https:\/\/www.facebook.com\/Apiema-Atarfe-962802497064396\/?__tn__=K-R&amp;eid=ARBgRuzJZOwkt0VFhRDwwqp0M9hbCQCJ5ZWNnaUfhgv3OUnrT7VGX1kSD1C5N2Xwhr9mBo2W_0fpFr8t&amp;fref=mentions&amp;__xts__%5B0%5D=68.ARCoVGtLXXPPuE-OmL8AIcJ8q2gVJSnVE69Ltz3n7sqjs1yrv7lcch75yGXt6ndoxrVEPWfvxb8uiducH9XoeSFxciW87d1DABlKaO37_XRklO0P4iP7RVpD5n_UbLtBaNI9pHryif7bCXuXP6KRUlFJbiBLQmvRYX7XySF39JoW2Zx2Yyow00xTcDLWnOP81lDR0FaqpyyrtsglVSR863OtY_2G7hyup4fzUuuZfGjTalgxU1iA8YFmMv48ac7qdisr0flahYCKCBf0omA8eQlG9VC04M19aGNlymUAg8Xj2R113WvRllp-ryR6-Dbfldas6xxn_4rwhTqqNpgYSE2u2g\">Apiema Atarfe<\/a> con la participaci\u00f3n de la Escuela de Teatro, el coro y un grupo de ensemble de la <a href=\"https:\/\/www.facebook.com\/aaccatarfe\/?__tn__=K-R&amp;eid=ARD4nIf04-9_UYbgoRZOiLxBV1h0a8SDfSi4PzZJDRoTDIbauCqCKmRhUzhEMjvHxk3EQaluafAkawgG&amp;fref=mentions&amp;__xts__%5B0%5D=68.ARCoVGtLXXPPuE-OmL8AIcJ8q2gVJSnVE69Ltz3n7sqjs1yrv7lcch75yGXt6ndoxrVEPWfvxb8uiducH9XoeSFxciW87d1DABlKaO37_XRklO0P4iP7RVpD5n_UbLtBaNI9pHryif7bCXuXP6KRUlFJbiBLQmvRYX7XySF39JoW2Zx2Yyow00xTcDLWnOP81lDR0FaqpyyrtsglVSR863OtY_2G7hyup4fzUuuZfGjTalgxU1iA8YFmMv48ac7qdisr0flahYCKCBf0omA8eQlG9VC04M19aGNlymUAg8Xj2R113WvRllp-ryR6-Dbfldas6xxn_4rwhTqqNpgYSE2u2g\">Asociaci\u00f3n Art\u00edstica y Cultural Ciudad Atarfe<\/a>  , las comparsas del carnaval, el cantautor V\u00edctor Rajoy y el grupo  Azalea de Gran\u00e1. <\/p>\n\n\n\n<p>Se trata de una gala ben\u00e9fica para recaudar fondos que  permita a la asociaci\u00f3n seguir luchando por los derechos de las personas  enfermas y discapacitadas del municipio. La entrada es numerada y solo  cuesta 3 euros. <\/p>\n\n\n\n<figure class=\"wp-block-image\"><img data-recalc-dims=\"1\" loading=\"lazy\" decoding=\"async\" width=\"640\" height=\"927\" src=\"https:\/\/i0.wp.com\/miradordeatarfe.es\/wp-content\/uploads\/2019\/04\/56334727_2259533714110486_1444310824909799424_n.jpg?resize=640%2C927&#038;ssl=1\" alt=\"\" class=\"wp-image-30177\" srcset=\"https:\/\/i0.wp.com\/miradordeatarfe.es\/wp-content\/uploads\/2019\/04\/56334727_2259533714110486_1444310824909799424_n.jpg?w=663&amp;ssl=1 663w, https:\/\/i0.wp.com\/miradordeatarfe.es\/wp-content\/uploads\/2019\/04\/56334727_2259533714110486_1444310824909799424_n.jpg?resize=207%2C300&amp;ssl=1 207w, https:\/\/i0.wp.com\/miradordeatarfe.es\/wp-content\/uploads\/2019\/04\/56334727_2259533714110486_1444310824909799424_n.jpg?resize=600%2C869&amp;ssl=1 600w\" sizes=\"auto, (max-width: 640px) 100vw, 640px\" \/><\/figure>\n","protected":false},"excerpt":{"rendered":"<p>Como todos los a\u00f1os el VIERNES 5 DE ABRIL DE 2019, APIEMA, trata de recaudar&#8230;<\/p>\n","protected":false},"author":1,"featured_media":30178,"comment_status":"closed","ping_status":"closed","sticky":false,"template":"","format":"standard","meta":{"_coblocks_attr":"","_coblocks_dimensions":"","_coblocks_responsive_height":"","_coblocks_accordion_ie_support":"","jetpack_post_was_ever_published":false,"_jetpack_newsletter_access":"","_jetpack_dont_email_post_to_subs":false,"_jetpack_newsletter_tier_id":0,"_jetpack_memberships_contains_paywalled_content":false,"_jetpack_memberships_contains_paid_content":false,"footnotes":"","jetpack_publicize_message":"","jetpack_publicize_feature_enabled":true,"jetpack_social_post_already_shared":false,"jetpack_social_options":{"image_generator_settings":{"template":"highway","default_image_id":0,"enabled":false},"version":2}},"categories":[2,44,15,10],"tags":[2222,81,5874],"class_list":["post-30176","post","type-post","status-publish","format-standard","has-post-thumbnail","hentry","category-atarfe","category-noticias-de-hoy","category-ultimas-noticias","category-salud","tag-apiema","tag-atarfe","tag-gala"],"jetpack_publicize_connections":[],"jetpack_featured_media_url":"https:\/\/i0.wp.com\/miradordeatarfe.es\/wp-content\/uploads\/2019\/04\/asamblea-2013.jpg?fit=300%2C225&ssl=1","jetpack_likes_enabled":true,"jetpack_sharing_enabled":true,"_links":{"self":[{"href":"https:\/\/miradordeatarfe.es\/index.php?rest_route=\/wp\/v2\/posts\/30176","targetHints":{"allow":["GET"]}}],"collection":[{"href":"https:\/\/miradordeatarfe.es\/index.php?rest_route=\/wp\/v2\/posts"}],"about":[{"href":"https:\/\/miradordeatarfe.es\/index.php?rest_route=\/wp\/v2\/types\/post"}],"author":[{"embeddable":true,"href":"https:\/\/miradordeatarfe.es\/index.php?rest_route=\/wp\/v2\/users\/1"}],"replies":[{"embeddable":true,"href":"https:\/\/miradordeatarfe.es\/index.php?rest_route=%2Fwp%2Fv2%2Fcomments&post=30176"}],"version-history":[{"count":1,"href":"https:\/\/miradordeatarfe.es\/index.php?rest_route=\/wp\/v2\/posts\/30176\/revisions"}],"predecessor-version":[{"id":30179,"href":"https:\/\/miradordeatarfe.es\/index.php?rest_route=\/wp\/v2\/posts\/30176\/revisions\/30179"}],"wp:featuredmedia":[{"embeddable":true,"href":"https:\/\/miradordeatarfe.es\/index.php?rest_route=\/wp\/v2\/media\/30178"}],"wp:attachment":[{"href":"https:\/\/miradordeatarfe.es\/index.php?rest_route=%2Fwp%2Fv2%2Fmedia&parent=30176"}],"wp:term":[{"taxonomy":"category","embeddable":true,"href":"https:\/\/miradordeatarfe.es\/index.php?rest_route=%2Fwp%2Fv2%2Fcategories&post=30176"},{"taxonomy":"post_tag","embeddable":true,"href":"https:\/\/miradordeatarfe.es\/index.php?rest_route=%2Fwp%2Fv2%2Ftags&post=30176"}],"curies":[{"name":"wp","href":"https:\/\/api.w.org\/{rel}","templated":true}]}}