{"id":30193,"date":"2019-04-05T08:45:08","date_gmt":"2019-04-05T06:45:08","guid":{"rendered":"http:\/\/miradordeatarfe.es\/?p=30193"},"modified":"2019-04-04T13:33:42","modified_gmt":"2019-04-04T11:33:42","slug":"la-escuela-de-danza-de-atarfe-participa-en-el-vii-encuentro-de-danza-de-gines","status":"publish","type":"post","link":"https:\/\/miradordeatarfe.es\/?p=30193","title":{"rendered":"La Escuela de Danza de Atarfe participa en el VII Encuentro de Danza de Gines"},"content":{"rendered":"\n<h4 class=\"wp-block-heading\"> La Escuela de Danza de  Atarfe participar\u00e1 HOY d\u00eda 5 de Abril de  2019 a las 18:30h de la  tarde en el VII Encuentro de Danza de Gines  (Sevilla). <\/h4>\n\n\n\n<p>  Junto con la  Escuela de Atarfe\u00a0 tambi\u00e9n participar\u00e1n la Escuela Municipal de Gines (  Sevilla) y la Escuela Municipal de Mor\u00f3n (Sevilla). Mucho \u00c1nimo para  nuestras bailarinas <\/p>\n\n\n\n<p>Gines acoge este viernes 5 de abril su VII Encuentro de Escuelas \nMunicipales de Danza, una interesante propuesta cultural abierta a toda \nla ciudadan\u00eda.<\/p>\n\n\n\n<p>Organizada por la Delegaci\u00f3n de Cultura del Ayuntamiento de Gines, la\n cita cuenta con la colaboraci\u00f3n de las Escuelas municipales de Gines, \nMor\u00f3n de la Frontera y Atarfe, en Granada.<\/p>\n\n\n\n<p>La actividad, que dar\u00e1 comienzo a las&nbsp;18.30 horas, contar\u00e1 con la \nparticipaci\u00f3n de casi un centenar y medio de integrantes de los citados \ncentros, alumnado que mostrar\u00e1 p\u00fablicamente todo lo aprendido en los \n\u00faltimos meses a trav\u00e9s de coreograf\u00edas de muy diversos estilos.<\/p>\n\n\n\n<p>En este sentido los g\u00e9neros ir\u00e1n desde la danza cl\u00e1sica hasta la \nurbana, pasando tambi\u00e9n por contempor\u00e1nea y la flamenca, entre otras.<\/p>\n\n\n\n<p>El prop\u00f3sito es crear un espacio de convivencia y encuentro en torno a\n la danza dando a conocer el trabajo desarrollado desde estos centros, \nsirviendo adem\u00e1s para compartir experiencias y exponer sus trabajos de \nforma grupal.<\/p>\n\n\n\n<p>El VII Encuentro de Escuelas Municipales de Danza se desarrollar\u00e1 el  viernes 5 de abril a las 18.30 horas en el teatro \u201cEl Tron\u00edo\u201d con  entrada libre.<\/p>\n\n\n\n<div class=\"wp-block-image\"><figure class=\"aligncenter is-resized\"><img data-recalc-dims=\"1\" loading=\"lazy\" decoding=\"async\" src=\"https:\/\/i0.wp.com\/miradordeatarfe.es\/wp-content\/uploads\/2019\/04\/cartel-vii-encuentro-danza-def-fill-283x400.jpg?resize=358%2C506&#038;ssl=1\" alt=\"\" class=\"wp-image-30194\" width=\"358\" height=\"506\" srcset=\"https:\/\/i0.wp.com\/miradordeatarfe.es\/wp-content\/uploads\/2019\/04\/cartel-vii-encuentro-danza-def-fill-283x400.jpg?resize=283%2C400&amp;ssl=1 283w, https:\/\/i0.wp.com\/miradordeatarfe.es\/wp-content\/uploads\/2019\/04\/cartel-vii-encuentro-danza-def-fill-283x400.jpg?resize=212%2C300&amp;ssl=1 212w\" sizes=\"auto, (max-width: 358px) 100vw, 358px\" \/><\/figure><\/div>\n","protected":false},"excerpt":{"rendered":"<p>La Escuela de Danza de Atarfe participar\u00e1 HOY d\u00eda 5 de Abril de 2019 a&#8230;<\/p>\n","protected":false},"author":1,"featured_media":30195,"comment_status":"closed","ping_status":"closed","sticky":false,"template":"","format":"standard","meta":{"_coblocks_attr":"","_coblocks_dimensions":"","_coblocks_responsive_height":"","_coblocks_accordion_ie_support":"","jetpack_post_was_ever_published":false,"_jetpack_newsletter_access":"","_jetpack_dont_email_post_to_subs":false,"_jetpack_newsletter_tier_id":0,"_jetpack_memberships_contains_paywalled_content":false,"_jetpack_memberships_contains_paid_content":false,"footnotes":"","jetpack_publicize_message":"","jetpack_publicize_feature_enabled":true,"jetpack_social_post_already_shared":false,"jetpack_social_options":{"image_generator_settings":{"template":"highway","default_image_id":0,"enabled":false},"version":2}},"categories":[2,12,44],"tags":[81,1675,5042],"class_list":["post-30193","post","type-post","status-publish","format-standard","has-post-thumbnail","hentry","category-atarfe","category-cultura","category-noticias-de-hoy","tag-atarfe","tag-danza","tag-escuelas-municipales"],"jetpack_publicize_connections":[],"jetpack_featured_media_url":"https:\/\/i0.wp.com\/miradordeatarfe.es\/wp-content\/uploads\/2019\/04\/DANZA.jpg?fit=1000%2C669&ssl=1","jetpack_likes_enabled":true,"jetpack_sharing_enabled":true,"_links":{"self":[{"href":"https:\/\/miradordeatarfe.es\/index.php?rest_route=\/wp\/v2\/posts\/30193","targetHints":{"allow":["GET"]}}],"collection":[{"href":"https:\/\/miradordeatarfe.es\/index.php?rest_route=\/wp\/v2\/posts"}],"about":[{"href":"https:\/\/miradordeatarfe.es\/index.php?rest_route=\/wp\/v2\/types\/post"}],"author":[{"embeddable":true,"href":"https:\/\/miradordeatarfe.es\/index.php?rest_route=\/wp\/v2\/users\/1"}],"replies":[{"embeddable":true,"href":"https:\/\/miradordeatarfe.es\/index.php?rest_route=%2Fwp%2Fv2%2Fcomments&post=30193"}],"version-history":[{"count":1,"href":"https:\/\/miradordeatarfe.es\/index.php?rest_route=\/wp\/v2\/posts\/30193\/revisions"}],"predecessor-version":[{"id":30196,"href":"https:\/\/miradordeatarfe.es\/index.php?rest_route=\/wp\/v2\/posts\/30193\/revisions\/30196"}],"wp:featuredmedia":[{"embeddable":true,"href":"https:\/\/miradordeatarfe.es\/index.php?rest_route=\/wp\/v2\/media\/30195"}],"wp:attachment":[{"href":"https:\/\/miradordeatarfe.es\/index.php?rest_route=%2Fwp%2Fv2%2Fmedia&parent=30193"}],"wp:term":[{"taxonomy":"category","embeddable":true,"href":"https:\/\/miradordeatarfe.es\/index.php?rest_route=%2Fwp%2Fv2%2Fcategories&post=30193"},{"taxonomy":"post_tag","embeddable":true,"href":"https:\/\/miradordeatarfe.es\/index.php?rest_route=%2Fwp%2Fv2%2Ftags&post=30193"}],"curies":[{"name":"wp","href":"https:\/\/api.w.org\/{rel}","templated":true}]}}